{"id":573923,"date":"2023-03-08T08:22:10","date_gmt":"2023-03-08T05:22:10","guid":{"rendered":"https:\/\/arantv.az\/?p=573923"},"modified":"2023-03-08T08:22:10","modified_gmt":"2023-03-08T05:22:10","slug":"bakida-yel-c%c9%99rs%c9%99nb%c9%99si-qeyd-edildi-fotoreportaj","status":"publish","type":"post","link":"https:\/\/arantv.az\/?p=573923","title":{"rendered":"Bak\u0131da Yel \u00e7\u0259r\u015f\u0259nb\u0259si qeyd edildi &#8211; FOTOREPORTAJ"},"content":{"rendered":"<p>Az\u0259rbaycanda bu g\u00fcn Yel \u00e7\u0259r\u015f\u0259nb\u0259si qeyd edilib.<\/p>\n<p>Yel \u00e7\u0259r\u015f\u0259nb\u0259si g\u00fcn\u00fcnd\u0259 \u0259s\u0259n isti k\u00fcl\u0259kl\u0259r yaz\u0131n g\u0259li\u015find\u0259n x\u0259b\u0259r verir v\u0259 Novruz bayram\u0131 \u0259r\u0259f\u0259sind\u0259 ke\u00e7iril\u0259n \u00fc\u00e7\u00fcnc\u00fc \u00e7\u0259r\u015f\u0259nb\u0259dir.<\/p>\n<div class=\"AdviadNativeVideo\"><\/div>\n<p>Bu \u00e7\u0259r\u015f\u0259nb\u0259 xalq aras\u0131nda \u201cK\u00fcl\u0259k oyadan \u00e7\u0259r\u015f\u0259nb\u0259\u201d, \u201cK\u00fcl\u0259kli \u00e7\u0259r\u015f\u0259nb\u0259\u201d, \u201cYelli \u00e7\u0259r\u015f\u0259nb\u0259\u201d, \u201cK\u00fcl\u0259k \u00e7\u0259r\u015f\u0259nb\u0259si\u201d kimi d\u0259 tan\u0131n\u0131r.<\/p>\n<p>Yel \u00e7\u0259r\u015f\u0259nb\u0259si g\u00fcn\u00fc evl\u0259rd\u0259 yen\u0259 d\u0259 b\u00fct\u00fcn \u00e7\u0259r\u015f\u0259nb\u0259l\u0259rd\u0259 oldu\u011fu kimi qazanlar qaynamal\u0131d\u0131r. Ham\u0131 evind\u0259 olmal\u0131 v\u0259 birlikd\u0259 s\u00fcfr\u0259 ba\u015f\u0131na y\u0131\u011f\u0131\u015fmal\u0131d\u0131rlar.<\/p>\n<p>Stolun \u00fcz\u0259rind\u0259 \u015firniyyatlar\u0131n olmas\u0131 b\u00fct\u00fcn ilin \u015firin ke\u00e7m\u0259sinin \u0259sas g\u00f6st\u0259ricisi hesab olunur.<\/p>\n<p><strong>PhotoStock.az<\/strong>-\u0131n Yel \u00e7\u0259r\u015f\u0259nb\u0259si il\u0259 ba\u011fl\u0131 Bak\u0131 \u015f\u0259h\u0259ri, N\u0259simi rayonunda\u00a0\u201cKubinka\u201d kimi tan\u0131nan\u00a0\u0259razid\u0259n lent\u0259 ald\u0131\u011f\u0131 g\u00f6r\u00fcnt\u00fcl\u0259ri t\u0259qdim edirik:<\/p>\n<p>&nbsp;<\/p>\n<div class=\"gallery\">\n<div class=\"gallery-i\"><img src=\"https:\/\/cdn.oxu.az\/uploads\/W1siZiIsIjIwMjMvMDMvMDgvMDAvMTEvNDkvMmUxM2IyN2MtMTZjNS00ZmNmLTlmNTktMjc2ZGI1MTY0ZjI5L01QZFBUU3phMWMzVnRhV1F3QnBORGZqME5QMXBkdk9ucnJMd0wwYkwuanBnIl0sWyJwIiwiZW5jb2RlIiwianBnIiwiLXF1YWxpdHkgODAiXSxbInAiLCJ0aHVtYiIsIjU5MHg1OTBcdTAwM2UiXV0?sha=340c664afad730cc\" alt=\"\" \/><\/p>\n<div class=\"gallery-i-caption\"><\/div>\n<\/div>\n<div class=\"gallery-i\"><img src=\"https:\/\/cdn.oxu.az\/uploads\/W1siZiIsIjIwMjMvMDMvMDgvMDAvMTEvNDkvMTlmODE0YzQtYTA1OC00NmEwLTk5NTUtNzI3MGJkMDQ1ZDVmL3gyMGUwdnhCNFFueXJKTEhPNGJoS3hoTnlTRWlZUkx3cGlYNHhHQlYuanBnIl0sWyJwIiwiZW5jb2RlIiwianBnIiwiLXF1YWxpdHkgODAiXSxbInAiLCJ0aHVtYiIsIjU5MHg1OTBcdTAwM2UiXV0?sha=cfc926001f1291b6\" alt=\"\" \/><\/p>\n<div class=\"gallery-i-caption\"><\/div>\n<\/div>\n<div class=\"gallery-i\"><img src=\"https:\/\/cdn.oxu.az\/uploads\/W1siZiIsIjIwMjMvMDMvMDgvMDAvMTEvNDkvNTc0MmZhOTUtMzg2Zi00MTZjLTg3NzYtOGE3MGI4ODMyZjQxL1FiYVFSWGJSbDViT0dwVkJMV3lzck1DcDcxNDkwRE9rTGtkSlB4c2UuanBnIl0sWyJwIiwiZW5jb2RlIiwianBnIiwiLXF1YWxpdHkgODAiXSxbInAiLCJ0aHVtYiIsIjU5MHg1OTBcdTAwM2UiXV0?sha=f4944af22ad74414\" alt=\"\" \/><\/p>\n<div class=\"gallery-i-caption\"><\/div>\n<\/div>\n<div class=\"gallery-i\"><img src=\"https:\/\/cdn.oxu.az\/uploads\/W1siZiIsIjIwMjMvMDMvMDgvMDAvMTEvNTAvMWM5MGU0ZWUtYmQ2Yi00MzRiLTkxNWItNzY0ZjQ5ZTY0ZDhjL0NmYU4zSTFoMmZuSHF3a2dTQ1hUSHhBOGkyczI4ZDRWVm14MjhGMmcuanBnIl0sWyJwIiwiZW5jb2RlIiwianBnIiwiLXF1YWxpdHkgODAiXSxbInAiLCJ0aHVtYiIsIjU5MHg1OTBcdTAwM2UiXV0?sha=90ff634d16bd0b2f\" alt=\"\" \/><\/div>\n<\/div>\n","protected":false},"excerpt":{"rendered":"<p>Az\u0259rbaycanda bu g\u00fcn Yel \u00e7\u0259r\u015f\u0259nb\u0259si qeyd edilib. Yel \u00e7\u0259r\u015f\u0259nb\u0259si g\u00fcn\u00fcnd\u0259 \u0259s\u0259n isti k\u00fcl\u0259kl\u0259r yaz\u0131n g\u0259li\u015find\u0259n x\u0259b\u0259r verir v\u0259 Novruz bayram\u0131 \u0259r\u0259f\u0259sind\u0259 ke\u00e7iril\u0259n \u00fc\u00e7\u00fcnc\u00fc \u00e7\u0259r\u015f\u0259nb\u0259dir. Bu \u00e7\u0259r\u015f\u0259nb\u0259 xalq aras\u0131nda \u201cK\u00fcl\u0259k oyadan \u00e7\u0259r\u015f\u0259nb\u0259\u201d, \u201cK\u00fcl\u0259kli \u00e7\u0259r\u015f\u0259nb\u0259\u201d, \u201cYelli \u00e7\u0259r\u015f\u0259nb\u0259\u201d, \u201cK\u00fcl\u0259k \u00e7\u0259r\u015f\u0259nb\u0259si\u201d kimi d\u0259 tan\u0131n\u0131r. Yel \u00e7\u0259r\u015f\u0259nb\u0259si g\u00fcn\u00fc evl\u0259rd\u0259 yen\u0259 d\u0259 b\u00fct\u00fcn \u00e7\u0259r\u015f\u0259nb\u0259l\u0259rd\u0259 oldu\u011fu kimi qazanlar qaynamal\u0131d\u0131r. Ham\u0131 evind\u0259 olmal\u0131 v\u0259 birlikd\u0259 s\u00fcfr\u0259 ba\u015f\u0131na y\u0131\u011f\u0131\u015fmal\u0131d\u0131rlar. Stolun \u00fcz\u0259rind\u0259 \u015firniyyatlar\u0131n olmas\u0131 b\u00fct\u00fcn ilin \u015firin ke\u00e7m\u0259sinin \u0259sas g\u00f6st\u0259ricisi hesab olunur. PhotoStock.az-\u0131n Yel \u00e7\u0259r\u015f\u0259nb\u0259si il\u0259 ba\u011fl\u0131 Bak\u0131 \u015f\u0259h\u0259ri, N\u0259simi rayonunda\u00a0\u201cKubinka\u201d kimi tan\u0131nan\u00a0\u0259razid\u0259n lent\u0259 ald\u0131\u011f\u0131 g\u00f6r\u00fcnt\u00fcl\u0259ri t\u0259qdim edirik: &nbsp;<\/p>\n","protected":false},"author":2,"featured_media":573924,"comment_status":"closed","ping_status":"closed","sticky":false,"template":"","format":"standard","meta":{"om_disable_all_campaigns":false,"_monsterinsights_skip_tracking":false,"_monsterinsights_sitenote_active":false,"_monsterinsights_sitenote_note":"","_monsterinsights_sitenote_category":0},"categories":[1],"tags":[],"aioseo_notices":[],"gutentor_comment":0,"rttpg_featured_image_url":{"full":["https:\/\/arantv.az\/wp-content\/uploads\/2023\/03\/UHOgYke7K5xOD5YzrvGdt46ZWLTwcZwxqWqLSpz4.jpg",620,413,false],"landscape":["https:\/\/arantv.az\/wp-content\/uploads\/2023\/03\/UHOgYke7K5xOD5YzrvGdt46ZWLTwcZwxqWqLSpz4.jpg",620,413,false],"portraits":["https:\/\/arantv.az\/wp-content\/uploads\/2023\/03\/UHOgYke7K5xOD5YzrvGdt46ZWLTwcZwxqWqLSpz4.jpg",620,413,false],"thumbnail":["https:\/\/arantv.az\/wp-content\/uploads\/2023\/03\/UHOgYke7K5xOD5YzrvGdt46ZWLTwcZwxqWqLSpz4-500x280.jpg",500,280,true],"medium":["https:\/\/arantv.az\/wp-content\/uploads\/2023\/03\/UHOgYke7K5xOD5YzrvGdt46ZWLTwcZwxqWqLSpz4-548x365.jpg",548,365,true],"large":["https:\/\/arantv.az\/wp-content\/uploads\/2023\/03\/UHOgYke7K5xOD5YzrvGdt46ZWLTwcZwxqWqLSpz4.jpg",620,413,false],"1536x1536":["https:\/\/arantv.az\/wp-content\/uploads\/2023\/03\/UHOgYke7K5xOD5YzrvGdt46ZWLTwcZwxqWqLSpz4.jpg",620,413,false],"2048x2048":["https:\/\/arantv.az\/wp-content\/uploads\/2023\/03\/UHOgYke7K5xOD5YzrvGdt46ZWLTwcZwxqWqLSpz4.jpg",620,413,false],"post-thumbnail":["https:\/\/arantv.az\/wp-content\/uploads\/2023\/03\/UHOgYke7K5xOD5YzrvGdt46ZWLTwcZwxqWqLSpz4-240x172.jpg",240,172,true],"advps-thumb-one":["https:\/\/arantv.az\/wp-content\/uploads\/2023\/03\/UHOgYke7K5xOD5YzrvGdt46ZWLTwcZwxqWqLSpz4.jpg",620,413,false]},"rttpg_author":{"display_name":"V\u00fcsal Rafiqo\u011flu","author_link":"https:\/\/arantv.az\/?author=2"},"rttpg_comment":0,"rttpg_category":"<a href=\"https:\/\/arantv.az\/?cat=1\" rel=\"category\">C\u0259miyy\u0259t<\/a>","rttpg_excerpt":"Az\u0259rbaycanda bu g\u00fcn Yel \u00e7\u0259r\u015f\u0259nb\u0259si qeyd edilib. Yel \u00e7\u0259r\u015f\u0259nb\u0259si g\u00fcn\u00fcnd\u0259 \u0259s\u0259n isti k\u00fcl\u0259kl\u0259r yaz\u0131n g\u0259li\u015find\u0259n x\u0259b\u0259r verir v\u0259 Novruz bayram\u0131 \u0259r\u0259f\u0259sind\u0259 ke\u00e7iril\u0259n \u00fc\u00e7\u00fcnc\u00fc \u00e7\u0259r\u015f\u0259nb\u0259dir. Bu \u00e7\u0259r\u015f\u0259nb\u0259 xalq aras\u0131nda \u201cK\u00fcl\u0259k oyadan \u00e7\u0259r\u015f\u0259nb\u0259\u201d, \u201cK\u00fcl\u0259kli \u00e7\u0259r\u015f\u0259nb\u0259\u201d, \u201cYelli \u00e7\u0259r\u015f\u0259nb\u0259\u201d, \u201cK\u00fcl\u0259k \u00e7\u0259r\u015f\u0259nb\u0259si\u201d kimi d\u0259 tan\u0131n\u0131r. Yel \u00e7\u0259r\u015f\u0259nb\u0259si g\u00fcn\u00fc evl\u0259rd\u0259 yen\u0259 d\u0259 b\u00fct\u00fcn \u00e7\u0259r\u015f\u0259nb\u0259l\u0259rd\u0259 oldu\u011fu kimi qazanlar qaynamal\u0131d\u0131r. Ham\u0131 evind\u0259 olmal\u0131&hellip;","_links":{"self":[{"href":"https:\/\/arantv.az\/index.php?rest_route=\/wp\/v2\/posts\/573923"}],"collection":[{"href":"https:\/\/arantv.az\/index.php?rest_route=\/wp\/v2\/posts"}],"about":[{"href":"https:\/\/arantv.az\/index.php?rest_route=\/wp\/v2\/types\/post"}],"author":[{"embeddable":true,"href":"https:\/\/arantv.az\/index.php?rest_route=\/wp\/v2\/users\/2"}],"replies":[{"embeddable":true,"href":"https:\/\/arantv.az\/index.php?rest_route=%2Fwp%2Fv2%2Fcomments&post=573923"}],"version-history":[{"count":0,"href":"https:\/\/arantv.az\/index.php?rest_route=\/wp\/v2\/posts\/573923\/revisions"}],"wp:featuredmedia":[{"embeddable":true,"href":"https:\/\/arantv.az\/index.php?rest_route=\/wp\/v2\/media\/573924"}],"wp:attachment":[{"href":"https:\/\/arantv.az\/index.php?rest_route=%2Fwp%2Fv2%2Fmedia&parent=573923"}],"wp:term":[{"taxonomy":"category","embeddable":true,"href":"https:\/\/arantv.az\/index.php?rest_route=%2Fwp%2Fv2%2Fcategories&post=573923"},{"taxonomy":"post_tag","embeddable":true,"href":"https:\/\/arantv.az\/index.php?rest_route=%2Fwp%2Fv2%2Ftags&post=573923"}],"curies":[{"name":"wp","href":"https:\/\/api.w.org\/{rel}","templated":true}]}}