{"id":573933,"date":"2023-03-08T08:40:32","date_gmt":"2023-03-08T05:40:32","guid":{"rendered":"https:\/\/arantv.az\/?p=573933"},"modified":"2023-03-08T08:40:32","modified_gmt":"2023-03-08T05:40:32","slug":"adin-muq%c9%99dd%c9%99sdir-s%c9%99nin-ey-qadin","status":"publish","type":"post","link":"https:\/\/arantv.az\/?p=573933","title":{"rendered":"Ad\u0131n m\u00fcq\u0259dd\u0259sdir s\u0259nin, ey qad\u0131n&#8230;"},"content":{"rendered":"<p><em><strong>Bu g\u00fcn Beyn\u0259lxalq Qad\u0131nlar G\u00fcn\u00fcd\u00fcr<\/strong><\/em><\/p>\n<p>Qad\u0131n&#8230; Allah\u0131n d\u00fcnyaya bir nem\u0259t olaraq b\u0259x\u015f etdiyi bu ecazkar varl\u0131q haqq\u0131nda \u00e7ox deyilib, \u00e7ox yaz\u0131l\u0131b. T\u0259sad\u00fcfi deyildir ki, \u201cqay\u011f\u0131\u201d, \u201cn\u0259vazi\u015f\u201d, \u201cinc\u0259lik\u201d, \u201cg\u00f6z\u0259llik\u201d v\u0259 \u201cs\u0259liq\u0259-sahman\u201d kimi s\u00f6zl\u0259r \u201cqad\u0131n\u201d s\u00f6z\u00fc il\u0259 yana\u015f\u0131 i\u015fl\u0259dil\u0259rk\u0259n h\u0259min s\u00f6zl\u0259rin ifad\u0259 etdikl\u0259ri m\u0259nalar \u0259n y\u00fcks\u0259k \u00e7alarlar\u0131 \u0259hat\u0259 edir.<\/p>\n<p>8 Mart d\u00fcnyan\u0131n qad\u0131nlar qar\u015f\u0131s\u0131nda ba\u015f \u0259ydiyi g\u00fcnd\u00fcr. Bu g\u00fcn g\u00fccl\u00fc cinsin n\u00fcmay\u0259nd\u0259l\u0259ri \u0259traf\u0131ndak\u0131 xan\u0131mlara qar\u015f\u0131 diqq\u0259t, qay\u011f\u0131 v\u0259 sevgil\u0259rini n\u00fcmayi\u015f etdirirl\u0259r. Qad\u0131nlar\u0131 g\u00fcl-\u00e7i\u00e7\u0259k, m\u00fcxt\u0259lif h\u0259diyy\u0259l\u0259r, h\u0259m\u00e7inin g\u00f6z\u0259l s\u00f6zl\u0259r v\u0259 h\u0259tta \u015feirl\u0259rl\u0259 m\u00fckafatland\u0131r\u0131rlar. Bu, \u00f6lk\u0259mizd\u0259 h\u0259m d\u0259 Novruz bayram\u0131ndan \u0259vv\u0259l qeyd olunan yaz bayram\u0131d\u0131r. M\u0259hz bu bahar g\u00fcn\u00fcnd\u0259 ya\u015f\u0131ndan as\u0131l\u0131 olmayaraq b\u00fct\u00fcn qad\u0131nlar \u00f6zl\u0259rini ham\u0131dan xo\u015fb\u0259xt, g\u00f6z\u0259l v\u0259 \u0259n \u0259sas\u0131 arzulanan xan\u0131m kimi hiss edirl\u0259r.<\/p>\n<p>T\u00fcrk etnoslar\u0131nda, Az\u0259rbaycan-O\u011fuz ell\u0259rind\u0259 qad\u0131n, ana m\u00fcq\u0259dd\u0259s say\u0131l\u0131b, ona b\u00f6y\u00fck ehtiram g\u00f6st\u0259rilib. Tarix\u0259n m\u0259ml\u0259k\u0259timizd\u0259 Ana haqq\u0131 Tanr\u0131 haqq\u0131na b\u0259rab\u0259r tutulub. Az\u0259rbaycan qad\u0131n\u0131 q\u0259hr\u0259manl\u0131q g\u00f6st\u0259rib, h\u00f6kmranl\u0131q edib v\u0259 diplomat kimi f\u0259aliyy\u0259t g\u00f6st\u0259rib. Qad\u0131nlar\u0131m\u0131za, onlar\u0131n \u0259m\u0259yin\u0259, u\u011furlar\u0131na, q\u0259hr\u0259manl\u0131qlar\u0131na, g\u00f6z\u0259llik v\u0259 \u015f\u0259fq\u0259tin\u0259 \u015feirl\u0259r yaz\u0131l\u0131b, mahn\u0131lar qo\u015fulub. H\u0259l\u0259 \u00f6t\u0259n \u0259srin \u0259vv\u0259ll\u0259rind\u0259 qad\u0131nlar\u0131n maarifl\u0259nm\u0259si v\u0259 m\u0259d\u0259niyy\u0259t\u0259 qovu\u015fmas\u0131 \u00fc\u00e7\u00fcn xidm\u0259tl\u0259r g\u00f6st\u0259r\u0259n b\u00f6y\u00fck mesenat Hac\u0131 Zeynalabdin Ta\u011f\u0131yev 1901-ci ild\u0259 \u015e\u0259rq d\u00fcnyas\u0131nda ilk m\u00fcs\u0259lman q\u0131z m\u0259kt\u0259bini a\u00e7\u0131b. Yaz\u0131b-oxuya bilm\u0259y\u0259n, lakin proqressiv fikirli bu milyon\u00e7u deyirdi: \u201cKi\u015fi t\u0259hsil alarsa, o, sad\u0259c\u0259, t\u0259hsilli, d\u00fcnyag\u00f6r\u00fc\u015fl\u00fc insan olacaq. T\u0259hsilli qad\u0131n is\u0259 savadl\u0131 insan olmaqla yana\u015f\u0131, elmli, d\u00fcnyag\u00f6r\u00fc\u015fl\u00fc anad\u0131r. Bizim \u00f6lk\u0259mizin bel\u0259 t\u0259hsilli qad\u0131nlara ehtiyac\u0131 b\u00f6y\u00fckd\u00fcr, \u00e7\u00fcnki qad\u0131nlar, analar n\u0259 q\u0259d\u0259r t\u0259hsilli olsalar, bu, bir o q\u0259d\u0259r elmli, savadl\u0131 g\u0259ncliyin yeti\u015fm\u0259si dem\u0259kdir.\u201d<\/p>\n<p>Az\u0259rbaycan qad\u0131nlar\u0131 \u015e\u0259rqin ilk demokratik respublikas\u0131 olan Az\u0259rbaycan Xalq C\u00fcmhuriyy\u0259ti d\u00f6vr\u00fcnd\u0259 h\u0259tta Avropan\u0131n inki\u015faf etmi\u015f \u00f6lk\u0259l\u0259rind\u0259n xeyli \u0259vv\u0259l se\u00e7ib-se\u00e7ilm\u0259k h\u00fcququ qazanaraq \u00f6lk\u0259mizin ictimai-siyasi h\u0259yat\u0131nda yax\u0131ndan i\u015ftirak etm\u0259y\u0259 ba\u015flay\u0131blar. S\u00fcr\u0259tl\u0259 maarifl\u0259n\u0259n qad\u0131nlar\u0131m\u0131z y\u00fczill\u0259rd\u0259n b\u0259ri formala\u015fm\u0131\u015f milli d\u0259y\u0259rl\u0259r\u0259 sadiq qalmaqla ana dilimizin, m\u0259d\u0259niyy\u0259timizin v\u0259 m\u0259n\u0259viyyat\u0131m\u0131z\u0131n \u0259n etibarl\u0131 daya\u011f\u0131 olublar. G\u00f6rk\u0259mli qad\u0131n \u015f\u0259xsiyy\u0259tl\u0259rimizin y\u00fcks\u0259k l\u0259yaq\u0259tinin, a\u011fbir\u00e7\u0259k analar\u0131m\u0131z\u0131n m\u00fcdrikliyinin da\u015f\u0131y\u0131c\u0131lar\u0131 kimi Az\u0259rbaycan xan\u0131mlar\u0131 d\u0259rin z\u0259kalar\u0131 v\u0259 t\u00fck\u0259nm\u0259z daxili potensiallar\u0131 il\u0259 bu g\u00fcn d\u0259 xalqa v\u0259 c\u0259miyy\u0259t\u0259 f\u0259dakarcas\u0131na xidm\u0259t edirl\u0259r.<\/p>\n<p>D\u00f6vr\u00fcm\u00fczd\u0259 Az\u0259rbaycan qad\u0131n\u0131n\u0131n c\u0259miyy\u0259td\u0259 oynad\u0131\u011f\u0131 rol daha da y\u00fcks\u0259lib v\u0259 onlar ana olmaqla yana\u015f\u0131, d\u00f6vl\u0259t idar\u0259\u00e7iliyind\u0259, qanunvericilik aktlar\u0131n\u0131n formala\u015fmas\u0131nda, diplomatiya al\u0259mind\u0259, i\u015f d\u00fcnyas\u0131nda, m\u0259d\u0259niyy\u0259t sah\u0259sind\u0259, elmd\u0259, t\u0259hsild\u0259, s\u0259hiyy\u0259d\u0259 v\u0259 dig\u0259r m\u00fch\u00fcm sferalarda \u00f6z s\u00f6z\u00fcn\u00fc dem\u0259kd\u0259dir. Bunun \u0259n m\u00fch\u00fcm s\u0259b\u0259bl\u0259rind\u0259n biri Az\u0259rbaycan\u0131n milli-m\u0259n\u0259vi d\u0259y\u0259rl\u0259r sistemi il\u0259 ba\u011fl\u0131d\u0131rsa, dig\u0259r vacib m\u0259qam kimi d\u00f6vl\u0259t t\u0259r\u0259find\u0259n h\u0259yata ke\u00e7iril\u0259n u\u011furlu qad\u0131n, gender siyas\u0259tidir. M\u00fcst\u0259qil Az\u0259rbaycan\u0131n yeni tarixind\u0259 bu siyas\u0259tin banisi \u00fcmummilli lider Heyd\u0259r \u018fliyev olub. \u00dcmumiyy\u0259tl\u0259, Ulu \u00d6nd\u0259r f\u0259aliyy\u0259tind\u0259 qad\u0131n h\u00fcquqlar\u0131n\u0131n t\u0259minat\u0131, onlar\u0131n \u00fczl\u0259\u015fdi\u015fdikl\u0259ri probleml\u0259rin h\u0259llind\u0259 daim prinsipial m\u00f6vqe n\u00fcmayi\u015f etdirib, ictimaiyy\u0259tin d\u0259 bu istiqam\u0259td\u0259 s\u0259f\u0259rb\u0259r olmas\u0131 m\u0259qs\u0259dil\u0259 \u0259m\u0259li add\u0131mlar at\u0131b. C\u0259miyy\u0259td\u0259 qad\u0131nlar\u0131n roluna y\u00fcks\u0259k qiym\u0259t ver\u0259n dahi lider deyirdi: \u201cC\u0259miyy\u0259td\u0259 qad\u0131nlar\u0131n \u00fcz\u0259rin\u0259 daim \u00e7ox b\u00f6y\u00fck v\u0259zif\u0259l\u0259r d\u00fc\u015f\u00fcr, onlar\u0131n i\u015fi h\u0259mi\u015f\u0259 a\u011f\u0131rd\u0131r. Ancaq onlar bu v\u0259zif\u0259l\u0259ri \u015f\u0259r\u0259fl\u0259 yerin\u0259 yetirir v\u0259 h\u0259mi\u015f\u0259 oldu\u011fu kimi indi d\u0259 c\u0259miyy\u0259td\u0259 apar\u0131c\u0131 rol oynay\u0131rlar.\u201d<\/p>\n<p>1995-ci ild\u0259 is\u0259 Az\u0259rbaycan r\u0259smi \u015f\u0259kild\u0259 qad\u0131nlara qar\u015f\u0131 m\u00fcnasib\u0259td\u0259 ayr\u0131-se\u00e7kiliyin b\u00fct\u00fcn formalar\u0131n\u0131n aradan qald\u0131r\u0131lmas\u0131 haqq\u0131nda Beyn\u0259lxalq Konvensiyaya qo\u015fulub. 1998-ci ild\u0259 ulu \u00f6nd\u0259r Heyd\u0259r \u018fliyevin t\u0259\u015f\u0259bb\u00fcs\u00fc v\u0259 t\u0259\u015fkilat\u00e7\u0131l\u0131\u011f\u0131 il\u0259 Az\u0259rbaycanda Qad\u0131n Probleml\u0259ri \u00fczr\u0259 D\u00f6vl\u0259t Komit\u0259si yarad\u0131l\u0131b. Sonradan Prezident \u0130lham \u018fliyevin m\u00fcvafiq F\u0259rman\u0131 il\u0259 bu komit\u0259nin bazas\u0131nda Ail\u0259, Qad\u0131n v\u0259 U\u015faq Probleml\u0259ri \u00fczr\u0259 D\u00f6vl\u0259t Komit\u0259si t\u0259sis edilib v\u0259 bu qurum haz\u0131rda u\u011furla f\u0259aliyy\u0259t g\u00f6st\u0259rir. Az\u0259rbaycan h\u0259m d\u0259 Avropa \u015euras\u0131n\u0131n qad\u0131nlarla ba\u011fl\u0131 b\u00fcrosunda t\u0259msil olunur, BMT-nin qad\u0131n m\u0259s\u0259l\u0259l\u0259ri \u00fczr\u0259 komissiyas\u0131n\u0131n tamh\u00fcquqlu \u00fczv\u00fcd\u00fcr. Qad\u0131nlar\u0131m\u0131z\u0131n ictimai-siyasi h\u0259yatda f\u0259all\u0131\u011f\u0131n\u0131n y\u00fcks\u0259lm\u0259sind\u0259, respublikam\u0131z\u0131n dinamik inki\u015faf\u0131n\u0131n t\u0259min edilm\u0259sind\u0259, beyn\u0259lxalq al\u0259md\u0259 \u00f6lk\u0259mizi layiqinc\u0259 t\u0259msil etm\u0259l\u0259rind\u0259 Az\u0259rbaycan Respublikas\u0131n\u0131n Birinci vitse-prezidenti Mehriban xan\u0131m \u018fliyevan\u0131n f\u0259aliyy\u0259ti misilsizdir. Heyd\u0259r \u018fliyev Fonduna u\u011furla r\u0259hb\u0259rlik ed\u0259n, \u00f6lk\u0259nin ictimai-siyasi h\u0259yat\u0131nda x\u00fcsusi f\u0259aliyy\u0259ti il\u0259 se\u00e7il\u0259n, \u0130SESCO-nun xo\u015fm\u0259raml\u0131 s\u0259firi ad\u0131n\u0131 l\u0259yaq\u0259tl\u0259 da\u015f\u0131yan, t\u0259kc\u0259 statusuna g\u00f6r\u0259 deyil, real \u0259m\u0259li il\u0259 d\u0259 \u00f6lk\u0259mizin birinci xan\u0131m\u0131 oldu\u011funu s\u00fcbuta yetir\u0259n Mehriban \u018fliyeva m\u00fcasir Az\u0259rbaycan qad\u0131n\u0131n\u0131n \u0259n y\u00fcks\u0259k keyfiyy\u0259tl\u0259rini \u00f6z\u00fcnd\u0259 layiqinc\u0259 t\u0259c\u0259ss\u00fcm etdirir. Heyd\u0259r \u018fliyev Fondunun vitse-prezidenti Leyla \u018fliyeva da f\u0259rqli m\u0259d\u0259niyy\u0259tl\u0259r aras\u0131nda dialoqun qurulmas\u0131nda, xaricd\u0259ki Az\u0259rbaycan g\u0259ncl\u0259rinin t\u0259\u015fkilatlanmas\u0131nda, \u00f6lk\u0259mizin d\u00fcnyada t\u0259bli\u011find\u0259, \u201cXocal\u0131ya \u0259dal\u0259t!\u201d kimi vacib bir kampaniyan\u0131n h\u0259yata ke\u00e7irilm\u0259sind\u0259, el\u0259c\u0259 d\u0259 dig\u0259r m\u00fch\u00fcm t\u0259dbirl\u0259rin realla\u015fd\u0131r\u0131lmas\u0131nda m\u00fch\u00fcm xidm\u0259tl\u0259rin m\u00fc\u0259llifi kimi \u00e7\u0131x\u0131\u015f edir.<\/p>\n<p>Beyn\u0259lxalq Qad\u0131nlar G\u00fcn\u00fc m\u00fcnasib\u0259til\u0259 Prezident \u0130lham \u018fliyevin Az\u0259rbaycan xan\u0131mlar\u0131na \u00fcnvanlad\u0131\u011f\u0131 t\u0259brikd\u0259 deyilir: \u201cF\u0259dakar analar\u0131m\u0131z, y\u00fcz ill\u0259r \u0259vv\u0259l oldu\u011fu kimi, v\u0259t\u0259ni ana q\u0259d\u0259r \u0259ziz v\u0259 m\u00fcq\u0259dd\u0259s bil\u0259n, q\u0259lbl\u0259ri do\u011fma yurda sevgi il\u0259 dolu, \u0259n\u0259n\u0259l\u0259rimiz\u0259 sadiq, saf \u0259qid\u0259li \u00f6vladlar yeti\u015fdirirl\u0259r. Haqq i\u015fi u\u011frunda apard\u0131\u011f\u0131m\u0131z V\u0259t\u0259n m\u00fcharib\u0259sind\u0259 xalq\u0131m\u0131za parlaq q\u0259l\u0259b\u0259 sevinci ya\u015fadan g\u0259ncl\u0259rimizin unudulmaz r\u0259\u015fad\u0259ti bunun ayd\u0131n t\u0259zah\u00fcr\u00fcd\u00fcr. \u0130nan\u0131ram ki, z\u0259ngin m\u0259n\u0259viyyatl\u0131 Az\u0259rbaycan qad\u0131nlar\u0131 qar\u015f\u0131dak\u0131 ill\u0259rd\u0259 d\u0259 qurub-yaratmaq \u015f\u00f6vql\u0259ri il\u0259 c\u0259miyy\u0259t h\u0259yat\u0131na y\u00fcks\u0259k d\u0259y\u0259rl\u0259r b\u0259x\u015f ed\u0259c\u0259k v\u0259 m\u00fcst\u0259qillik salnam\u0259miz\u0259 yeni, i\u015f\u0131ql\u0131 s\u0259hif\u0259l\u0259r yazacaqlar.\u201d<\/p>\n<p>D\u00f6vl\u0259t m\u00fcst\u0259qilliyimizin b\u0259rpas\u0131ndan \u00f6t\u0259n 31 ild\u0259n art\u0131q bir d\u00f6vrd\u0259 Az\u0259rbaycan qad\u0131n\u0131 milli d\u00f6vl\u0259t quruculu\u011fu prosesinin f\u0259al i\u015ftirak\u00e7\u0131s\u0131na \u00e7evrilib, \u00f6lk\u0259mizin sosial-iqtisadi, intellektual-m\u0259d\u0259ni potensial\u0131n\u0131n art\u0131r\u0131lmas\u0131 \u00fc\u00e7\u00fcn d\u0259y\u0259rli t\u00f6hf\u0259l\u0259r verib. Az\u0259rbaycan qad\u0131nlar\u0131 elm v\u0259 t\u0259hsil, s\u0259hiyy\u0259 v\u0259 m\u0259d\u0259niyy\u0259t, el\u0259c\u0259 d\u0259 dig\u0259r sah\u0259l\u0259rd\u0259 qazand\u0131qlar\u0131 u\u011furlarla n\u00fcfuzlar\u0131n\u0131 ilb\u0259il art\u0131rma\u011fa m\u00fcv\u0259ff\u0259q olublar. V\u0259t\u0259nda\u015f c\u0259miyy\u0259ti quruculu\u011fu istiqam\u0259tind\u0259 d\u0259 qad\u0131nlar\u0131m\u0131z\u0131n nailiyy\u0259tl\u0259ri m\u0259mnunluq hissi do\u011furur. \u00d6lk\u0259mizd\u0259ki sabitlik v\u0259 demokratik m\u00fchit qar\u015f\u0131dak\u0131 ill\u0259rd\u0259 d\u0259 qad\u0131nlara \u00f6z fitri istedadlar\u0131n\u0131, yarad\u0131c\u0131l\u0131q imkanlar\u0131n\u0131 tam ger\u00e7\u0259kl\u0259\u015fdir\u0259 bilm\u0259l\u0259ri \u00fc\u00e7\u00fcn b\u00fct\u00fcn laz\u0131mi \u015f\u0259raiti t\u0259min edir.<\/p>\n<p>Bayram\u0131n\u0131z m\u00fcbar\u0259k, \u0259ziz qad\u0131nlar!<\/p>\n","protected":false},"excerpt":{"rendered":"<p>Bu g\u00fcn Beyn\u0259lxalq Qad\u0131nlar G\u00fcn\u00fcd\u00fcr Qad\u0131n&#8230; Allah\u0131n d\u00fcnyaya bir nem\u0259t olaraq b\u0259x\u015f etdiyi bu ecazkar varl\u0131q haqq\u0131nda \u00e7ox deyilib, \u00e7ox yaz\u0131l\u0131b. T\u0259sad\u00fcfi deyildir ki, \u201cqay\u011f\u0131\u201d, \u201cn\u0259vazi\u015f\u201d, \u201cinc\u0259lik\u201d, \u201cg\u00f6z\u0259llik\u201d v\u0259 \u201cs\u0259liq\u0259-sahman\u201d kimi s\u00f6zl\u0259r \u201cqad\u0131n\u201d s\u00f6z\u00fc il\u0259 yana\u015f\u0131 i\u015fl\u0259dil\u0259rk\u0259n h\u0259min s\u00f6zl\u0259rin ifad\u0259 etdikl\u0259ri m\u0259nalar \u0259n y\u00fcks\u0259k \u00e7alarlar\u0131 \u0259hat\u0259 edir. 8 Mart d\u00fcnyan\u0131n qad\u0131nlar qar\u015f\u0131s\u0131nda ba\u015f \u0259ydiyi g\u00fcnd\u00fcr. Bu g\u00fcn g\u00fccl\u00fc cinsin n\u00fcmay\u0259nd\u0259l\u0259ri \u0259traf\u0131ndak\u0131 xan\u0131mlara qar\u015f\u0131 diqq\u0259t, qay\u011f\u0131 v\u0259 sevgil\u0259rini n\u00fcmayi\u015f etdirirl\u0259r. Qad\u0131nlar\u0131 g\u00fcl-\u00e7i\u00e7\u0259k, m\u00fcxt\u0259lif h\u0259diyy\u0259l\u0259r, h\u0259m\u00e7inin g\u00f6z\u0259l s\u00f6zl\u0259r v\u0259 h\u0259tta \u015feirl\u0259rl\u0259 m\u00fckafatland\u0131r\u0131rlar. Bu, \u00f6lk\u0259mizd\u0259 h\u0259m d\u0259 Novruz bayram\u0131ndan \u0259vv\u0259l qeyd olunan yaz&hellip;<\/p>\n","protected":false},"author":2,"featured_media":573934,"comment_status":"closed","ping_status":"closed","sticky":false,"template":"","format":"standard","meta":{"om_disable_all_campaigns":false,"_monsterinsights_skip_tracking":false,"_monsterinsights_sitenote_active":false,"_monsterinsights_sitenote_note":"","_monsterinsights_sitenote_category":0},"categories":[1],"tags":[],"aioseo_notices":[],"gutentor_comment":0,"rttpg_featured_image_url":{"full":["https:\/\/arantv.az\/wp-content\/uploads\/2023\/03\/240c945b167819592238687740910006144.jpg",975,540,false],"landscape":["https:\/\/arantv.az\/wp-content\/uploads\/2023\/03\/240c945b167819592238687740910006144.jpg",975,540,false],"portraits":["https:\/\/arantv.az\/wp-content\/uploads\/2023\/03\/240c945b167819592238687740910006144.jpg",975,540,false],"thumbnail":["https:\/\/arantv.az\/wp-content\/uploads\/2023\/03\/240c945b167819592238687740910006144-500x280.jpg",500,280,true],"medium":["https:\/\/arantv.az\/wp-content\/uploads\/2023\/03\/240c945b167819592238687740910006144-660x365.jpg",660,365,true],"large":["https:\/\/arantv.az\/wp-content\/uploads\/2023\/03\/240c945b167819592238687740910006144-840x465.jpg",640,354,true],"1536x1536":["https:\/\/arantv.az\/wp-content\/uploads\/2023\/03\/240c945b167819592238687740910006144.jpg",975,540,false],"2048x2048":["https:\/\/arantv.az\/wp-content\/uploads\/2023\/03\/240c945b167819592238687740910006144.jpg",975,540,false],"post-thumbnail":["https:\/\/arantv.az\/wp-content\/uploads\/2023\/03\/240c945b167819592238687740910006144-240x172.jpg",240,172,true],"advps-thumb-one":["https:\/\/arantv.az\/wp-content\/uploads\/2023\/03\/240c945b167819592238687740910006144.jpg",975,540,false]},"rttpg_author":{"display_name":"V\u00fcsal Rafiqo\u011flu","author_link":"https:\/\/arantv.az\/?author=2"},"rttpg_comment":0,"rttpg_category":"<a href=\"https:\/\/arantv.az\/?cat=1\" rel=\"category\">C\u0259miyy\u0259t<\/a>","rttpg_excerpt":"Bu g\u00fcn Beyn\u0259lxalq Qad\u0131nlar G\u00fcn\u00fcd\u00fcr Qad\u0131n&#8230; Allah\u0131n d\u00fcnyaya bir nem\u0259t olaraq b\u0259x\u015f etdiyi bu ecazkar varl\u0131q haqq\u0131nda \u00e7ox deyilib, \u00e7ox yaz\u0131l\u0131b. T\u0259sad\u00fcfi deyildir ki, \u201cqay\u011f\u0131\u201d, \u201cn\u0259vazi\u015f\u201d, \u201cinc\u0259lik\u201d, \u201cg\u00f6z\u0259llik\u201d v\u0259 \u201cs\u0259liq\u0259-sahman\u201d kimi s\u00f6zl\u0259r \u201cqad\u0131n\u201d s\u00f6z\u00fc il\u0259 yana\u015f\u0131 i\u015fl\u0259dil\u0259rk\u0259n h\u0259min s\u00f6zl\u0259rin ifad\u0259 etdikl\u0259ri m\u0259nalar \u0259n y\u00fcks\u0259k \u00e7alarlar\u0131 \u0259hat\u0259 edir. 8 Mart d\u00fcnyan\u0131n qad\u0131nlar qar\u015f\u0131s\u0131nda ba\u015f \u0259ydiyi g\u00fcnd\u00fcr.&hellip;","_links":{"self":[{"href":"https:\/\/arantv.az\/index.php?rest_route=\/wp\/v2\/posts\/573933"}],"collection":[{"href":"https:\/\/arantv.az\/index.php?rest_route=\/wp\/v2\/posts"}],"about":[{"href":"https:\/\/arantv.az\/index.php?rest_route=\/wp\/v2\/types\/post"}],"author":[{"embeddable":true,"href":"https:\/\/arantv.az\/index.php?rest_route=\/wp\/v2\/users\/2"}],"replies":[{"embeddable":true,"href":"https:\/\/arantv.az\/index.php?rest_route=%2Fwp%2Fv2%2Fcomments&post=573933"}],"version-history":[{"count":0,"href":"https:\/\/arantv.az\/index.php?rest_route=\/wp\/v2\/posts\/573933\/revisions"}],"wp:featuredmedia":[{"embeddable":true,"href":"https:\/\/arantv.az\/index.php?rest_route=\/wp\/v2\/media\/573934"}],"wp:attachment":[{"href":"https:\/\/arantv.az\/index.php?rest_route=%2Fwp%2Fv2%2Fmedia&parent=573933"}],"wp:term":[{"taxonomy":"category","embeddable":true,"href":"https:\/\/arantv.az\/index.php?rest_route=%2Fwp%2Fv2%2Fcategories&post=573933"},{"taxonomy":"post_tag","embeddable":true,"href":"https:\/\/arantv.az\/index.php?rest_route=%2Fwp%2Fv2%2Ftags&post=573933"}],"curies":[{"name":"wp","href":"https:\/\/api.w.org\/{rel}","templated":true}]}}