{"id":573936,"date":"2023-03-08T08:41:35","date_gmt":"2023-03-08T05:41:35","guid":{"rendered":"https:\/\/arantv.az\/?p=573936"},"modified":"2023-03-08T08:41:35","modified_gmt":"2023-03-08T05:41:35","slug":"m%c9%99n-heyd%c9%99r-%c9%99liyev-m%c9%99kt%c9%99bind%c9%99-nec%c9%99-d%c9%99rs-aldim","status":"publish","type":"post","link":"https:\/\/arantv.az\/?p=573936","title":{"rendered":"M\u018fN HEYD\u018fR \u018fL\u0130YEV M\u018fKT\u018fB\u0130ND\u018f NEC\u018f D\u018fRS ALDIM"},"content":{"rendered":"<section>\n<div class=\"content lead font-weight-normal\">\n<p><em><strong>Jurnalist Aslan Aslanov 45 ild\u0259n \u00e7ox Az\u0259rbaycan\u0131n m\u00fcxt\u0259lif m\u0259tbuat orqanlar\u0131nda \u00e7al\u0131\u015f\u0131b. \u00d6mr\u00fcn\u00fcn 30 ili Az\u0259rbaycan D\u00f6vl\u0259t \u0130nformasiya Agentliyi (AZ\u018fRTAC) il\u0259 ba\u011fl\u0131 olub. \u018fvv\u0259lc\u0259 agentlikd\u0259 m\u00fcxbir, ba\u015f redaktor, 1997-2002-ci ill\u0259rd\u0259 ba\u015f direktorun birinci m\u00fcavini, 2002-2022-ci ill\u0259rd\u0259 ba\u015f direktor, \u0130dar\u0259 Hey\u0259tinin s\u0259dri i\u015fl\u0259yib. \u00a0Ulu \u00f6nd\u0259r Heyd\u0259r \u018fliyevin 1993-\u00e7\u00fc il iyunun 9-da xalq\u0131n t\u0259kidli t\u0259l\u0259bi il\u0259 Bak\u0131ya g\u0259l\u0259r\u0259k iyunun 11-d\u0259 AMEA-n\u0131n R\u0259yas\u0259t Hey\u0259tinin binas\u0131nda xarici \u00f6lk\u0259l\u0259rin s\u0259firl\u0259ri il\u0259 ilk g\u00f6r\u00fc\u015f\u00fcnd\u0259n ba\u015flayaraq, 2003-c\u00fc il\u0259d\u0259k ke\u00e7irdiyi g\u00f6r\u00fc\u015fl\u0259rin, q\u0259bullar\u0131n, iclaslar\u0131n v\u0259 dig\u0259r t\u0259dbirl\u0259rin, el\u0259c\u0259 d\u0259 xarici \u00f6lk\u0259l\u0259r\u0259 s\u0259f\u0259rl\u0259rinin tam \u0259ks\u0259riyy\u0259tind\u0259 AZ\u018fRTAC-\u0131n \u0259m\u0259kda\u015f\u0131 kimi i\u015ftirak edib. 1995-ci ild\u0259n Yeni Az\u0259rbaycan Partiyas\u0131n\u0131n \u00fczv\u00fcd\u00fcr.<\/strong><\/em><\/p>\n<p><em><strong>Haz\u0131rda t\u0259qa\u00fcdd\u0259 olan Aslan Aslanovun Ulu \u00d6nd\u0259rin 100 illiyi m\u00fcnasib\u0259til\u0259 yazd\u0131g\u0131 \u201cM\u0259n Heyd\u0259r \u018fliyev m\u0259kt\u0259bind\u0259 nec\u0259 d\u0259rs ald\u0131m\u201d s\u0259rl\u00f6vh\u0259li xatir\u0259l\u0259rini oxuculara t\u0259qdim edirik.<\/strong><\/em><\/p>\n<p>&#8211; Heyd\u0259r \u018fliyev\u00a0indi\u00a0T\u00fcrkiy\u0259nin Az\u0259rbaycandak\u0131 s\u0259firliyin\u0259 gedir. M\u0259tbuat n\u00fcmay\u0259nd\u0259l\u0259rind\u0259n kim ist\u0259yirs\u0259,\u00a0ged\u0259\u00a0bil\u0259r.<\/p>\n<p>Tan\u0131\u015f s\u0259s idi. \u0130st\u0259r-ist\u0259m\u0259z\u00a0d\u00f6n\u00fcb\u00a0baxd\u0131m, o da baxd\u0131\u011f\u0131m\u0131 g\u00f6r\u00fcb b\u0131\u011falt\u0131 g\u00fcl\u00fcms\u0259di:<\/p>\n<p>&#8211; Aslan, siz d\u00f6vl\u0259t agentliyinin n\u00fcmay\u0259nd\u0259si kimi\u00a0y\u0259qin\u00a0orada olmal\u0131s\u0131n\u0131z.<\/p>\n<p>&#8211;\u00a0Haql\u0131s\u0131n\u0131z, Aq\u015fin m\u00fc\u0259llim, m\u0259n d\u0259 gedir\u0259m.<\/p>\n<p>Milli\u00a0M\u0259clisin m\u0259tbuat katibi Aq\u015fin Babayevl\u0259 biz uzun ill\u0259r\u00a0bundan qabaq\u00a0tan\u0131\u015f idik. O, Az\u0259rbaycan Televiziyas\u0131nda m\u0259sul v\u0259zif\u0259l\u0259rd\u0259 i\u015fl\u0259mi\u015fdi, bir s\u0131ra maraql\u0131 \u0259s\u0259rl\u0259ri il\u0259 tan\u0131n\u0131rd\u0131.<\/p>\n<p>\u0130smailiyy\u0259d\u0259n Yaz\u0131\u00e7\u0131lar Birliyin\u0259d\u0259k yol el\u0259 d\u0259 uzaq deyil. Amma Aq\u015fin m\u00fc\u0259llim \u0259vv\u0259lc\u0259d\u0259n t\u0259dbir g\u00f6rm\u00fc\u015fd\u00fc. Biz onun k\u00f6hn\u0259\u00a0\u201cQAZ-24\u201d-n\u0259 oturduq.<\/p>\n<p>&#8211; S\u00fcr bala,\u00a0biz\u00a0tez \u00e7atmal\u0131y\u0131q. T\u00fcrkiy\u0259 s\u0259firliyi Yaz\u0131\u00e7\u0131lar Birliyi il\u0259 qon\u015fuluqdad\u0131r, &#8211; dey\u0259\u00a0Aq\u015fin Babayev s\u00fcr\u00fcc\u00fcn\u00fc t\u0259l\u0259sdirdi.<\/p>\n<p>Gecikm\u0259dik,\u00a0s\u0259firliyin binas\u0131 qar\u015f\u0131s\u0131na ba\u015fqalar\u0131 il\u0259 daban-dabana \u00e7atd\u0131q. Ham\u0131m\u0131z T\u00fcrkiy\u0259 s\u0259firi Altan Karamano\u011flunun i\u015f ota\u011f\u0131n\u0131n\u00a0qar\u015f\u0131s\u0131na topla\u015fd\u0131q. Heyd\u0259r \u018fliyev g\u00f6r\u00fcn\u0259n kimi ham\u0131 \u00f6z\u00fcn\u00fc y\u0131\u011f\u0131\u015fd\u0131rd\u0131.\u00a0Bu dahi insan\u0131n\u00a0oturu\u015fu-duru\u015fu da, bax\u0131\u015f\u0131\u00a0v\u0259\u00a0dan\u0131\u015f\u0131\u011f\u0131 da sanki ilahi bir vergi idi. O, g\u0259ldi\u00a0v\u0259\u00a0araya\u00a0d\u0259rin s\u00fckut \u00e7\u00f6kd\u00fc. Ham\u0131n\u0131n diqq\u0259ti ona y\u00f6n\u0259ldi. Bu s\u00fckut get-ged\u0259 uzan\u0131rd\u0131. B\u0259zi x\u0259lv\u0259ti bax\u0131\u015flar s\u0259firin\u00a0kabinetinin\u00a0kip\u00a0\u00f6rt\u00fclm\u00fc\u015f\u00a0qap\u0131s\u0131na y\u00f6n\u0259lmi\u015fdi. S\u0259fir is\u0259 h\u0259l\u0259 otaqda idi. Heyd\u0259r \u018fliyev ona yax\u0131n dayanm\u0131\u015f jurnalistl\u0259ri s\u00f6hb\u0259t\u0259 \u00e7\u0259kdi. Bug\u00fcnk\u00fc t\u0259dbird\u0259 m\u0259niml\u0259 birg\u0259 i\u015ftirak ed\u0259n dilli-dilav\u0259r fotom\u00fcxbirimiz\u00a0Oqtay M\u0259mm\u0259dov sanki he\u00e7 kim\u0259 dan\u0131\u015fmaq imkan\u0131 verm\u0259k ist\u0259mir, el\u0259 bir ucdan do\u011fray\u0131b t\u00f6k\u00fcrd\u00fc.<\/p>\n<p>&#8211; B\u0259s s\u0259n hans\u0131 t\u0259\u015fkilatdansan?\u00a0Ham\u0131 dan\u0131\u015f\u0131r, amma s\u0259n he\u00e7 dinmirs\u0259n?<\/p>\n<p>Sual m\u0259n\u0259 \u00fcnvanlanm\u0131\u015fd\u0131. Ba\u015f\u0131m\u0131 qald\u0131r\u0131b\u00a0Heyd\u0259r \u018fliyev\u0259\u00a0t\u0259r\u0259f baxanda onun\u00a0n\u00fcfuzedici\u00a0bax\u0131\u015flar\u0131n\u0131 g\u00f6rd\u00fcm. Sanki m\u0259ni ild\u0131r\u0131m vurdu, dilim tutuldu.<\/p>\n<p>&#8211; AZ\u018fRTAC-dand\u0131r, Heyd\u0259r m\u00fc\u0259llim,\u00a0\u2013 Oqtay dad\u0131ma \u00e7atd\u0131.<\/p>\n<p>&#8211; Dem\u0259k AZ\u018fRTAC-dansan. G\u00f6r\u00fcr\u0259m,\u00a0s\u0259h\u0259r\u00a0tezd\u0259n biziml\u0259 bir yerd\u0259s\u0259n.<\/p>\n<p>&#8211; B\u0259li,\u00a0&#8211;\u00a0asta s\u0259sl\u0259 dill\u0259ndim.<\/p>\n<p>&#8211; N\u0259s\u0259\u00a0yazm\u0131san? \u2013 g\u00fcl\u00fcms\u0259y\u0259r\u0259k mehribancas\u0131na soru\u015fdu.<\/p>\n<p>M\u0259n bloknotumu\u00a0v\u0259r\u0259ql\u0259m\u0259k\u00a0ist\u0259y\u0259nd\u0259 dedi:<\/p>\n<p>Ver\u00a0g\u00f6r\u00fcm\u00a0n\u0259 yazm\u0131san.<\/p>\n<p>M\u0259n h\u0259y\u0259candan\u00a0p\u00f6rtm\u00fc\u015f\u00a0halda birinci v\u0259r\u0259qi a\u00e7\u0131b ona t\u0259r\u0259f uzatd\u0131m.<\/p>\n<p>\u0130nformasiyan\u0131n s\u0259rl\u00f6vh\u0259si bel\u0259 idi: \u201cG\u00f6rk\u0259mli d\u00f6vl\u0259t xadimi Heyd\u0259r \u018fliyev Amerika v\u0259 B\u00f6y\u00fck Britaniya s\u0259firl\u0259ri il\u0259 g\u00f6r\u00fc\u015f\u00fcb\u201d. Heyd\u0259r \u018fliyev\u00a0yazd\u0131qlar\u0131m\u0131\u00a0oxuyub t\u0259b\u0259ss\u00fcml\u0259 soru\u015fdu:<\/p>\n<p>&#8211;\u00a0El\u0259 bilirs\u0259n s\u0259nin r\u0259hb\u0259rl\u0259rin bunu\u00a0buraxacaq?<\/p>\n<p>Bu\u00a0vaxt\u00a0s\u0259fir foyey\u0259 \u00e7\u0131xd\u0131.\u00a0Heyd\u0259r \u018fliyevi \u00fczrxahl\u0131qla kabinetin\u0259 d\u0259v\u0259t etdi.<\/p>\n<p>B\u0259lk\u0259 d\u0259 bu,\u00a0bir\u00a0tale qism\u0259ti idi. O g\u00fcnd\u0259n 30 il\u0259 yax\u0131n vaxt ke\u00e7ib. M\u0259n bu bar\u0259d\u0259 \u00e7ox fikirl\u0259\u015fmi\u015f\u0259m.\u00a0Q\u0259na\u0259tim\u00a0bel\u0259dir ki, bu tarixi \u015f\u0259xsiyy\u0259t Tanr\u0131\u00a0pay\u0131 idi, insanlara\u00a0m\u00fcnasib\u0259td\u0259 he\u00e7 vaxt yan\u0131lm\u0131rd\u0131. O g\u00fcnd\u0259n\u00a0ba\u015flayaraq,\u00a02003-c\u00fc il\u0259d\u0259k Heyd\u0259r \u018fliyevin respublikada ke\u00e7irdiyi b\u00fct\u00fcn t\u0259dbirl\u0259rinin \u2013 g\u00f6r\u00fc\u015fl\u0259rin, q\u0259bullar\u0131n, xarici \u00f6lk\u0259l\u0259r\u0259 s\u0259f\u0259rl\u0259rin tam \u0259ks\u0259riyy\u0259tind\u0259 AZ\u018fRTAC-\u0131n \u0259m\u0259kda\u015f\u0131 kimi i\u015ftirak etdim v\u0259 onlar bar\u0259d\u0259 x\u0259b\u0259rl\u0259rin m\u0259tbuatda i\u015f\u0131qland\u0131r\u0131lmas\u0131 \u00fc\u00e7\u00fcn \u0259limd\u0259n g\u0259l\u0259ni\u00a0\u0259sirg\u0259m\u0259dim.<\/p>\n<p>S\u0259firlikd\u0259n \u00e7\u0131x\u0131b agentliy\u0259 g\u0259l\u0259nd\u0259 yad\u0131ma d\u00fc\u015fd\u00fc ki, bu g\u00fcn n\u0259 \u00e7ay i\u00e7mi\u015f\u0259m, n\u0259 d\u0259 nahar etmi\u015f\u0259m. Amma q\u0259lb\u0259n \u00e7ox rahat\u00a0idim. Zarafat deyil, dahi bir insanla lap yax\u0131ndan t\u0259masda olmu\u015fam.\u00a0Sonralar s\u00f6z d\u00fc\u015f\u0259nd\u0259 Oqtay yar\u0131zarafat, yar\u0131ciddi deyirdi:\u00a0\u201cBura bax, Heyd\u0259r \u018fliyevl\u0259 s\u0259ni m\u0259n tan\u0131\u015f etm\u0259mi\u015f\u0259m?\u201d.<\/p>\n<p>D\u00fcz s\u00f6z\u0259 n\u0259 dey\u0259s\u0259n? M\u0259nim sonrak\u0131 30 illik h\u0259yat\u0131m m\u0259hz h\u0259min g\u00fcnd\u0259n ba\u015flad\u0131. N\u0259inki m\u0259nim, el\u0259 Az\u0259rbaycan\u0131n da g\u0259l\u0259c\u0259k taleyi h\u0259min g\u00fcnl\u0259rd\u0259 h\u0259ll olunurdu.<\/p>\n<p>93-c\u00fc ilin\u00a0iyun g\u00fcnl\u0259rind\u0259 Az\u0259rbaycan\u00a0d\u0259rin\u00a0b\u00f6hran i\u00e7\u0259risind\u0259 bo\u011fulurdu. Sabah n\u0259 olacaq? Bu\u00a0a\u011f\u0131r,\u00a0ac\u0131nacaql\u0131 v\u0259ziyy\u0259t n\u0259 q\u0259d\u0259r \u00e7\u0259k\u0259c\u0259k? \u00dcmidl\u0259rin q\u0131r\u0131ld\u0131\u011f\u0131, \u00f6l\u0259zidiyi\u00a0bir vaxtda Heyd\u0259r \u018fliyev ax\u0131r ki, xalq\u0131n t\u0259kidli \u00e7a\u011f\u0131r\u0131\u015flar\u0131na cavab ver\u0259r\u0259k Bak\u0131ya g\u0259ldi. E\u015fidib bil\u0259nl\u0259rin q\u0259lbind\u0259 \u00fcmid q\u0131\u011f\u0131lc\u0131mlar\u0131 yaranma\u011fa ba\u015flad\u0131. El\u0259 bizim agentlikd\u0259 d\u0259 bir-iki n\u0259f\u0259rd\u0259n ba\u015fqa ham\u0131 \u00e7ox nigaran idi.<\/p>\n<p>Qap\u0131ya \u00e7atanda qarovul\u00e7unun canf\u0259\u015fanl\u0131q g\u00f6st\u0259rm\u0259sind\u0259n\u00a0hiss etdim ki, m\u0259ni s\u0259brsizlikl\u0259 g\u00f6zl\u0259yirl\u0259r.<\/p>\n<p>&#8211; Aslan, yuxar\u0131 qalxma,\u00a0ham\u0131\u00a0q\u0259bul ota\u011f\u0131na y\u0131\u011f\u0131\u015f\u0131b,\u00a0s\u0259ni g\u00f6zl\u0259yirl\u0259r. Oqtay da bir az bundan qabaq g\u0259ldi,\u00a0oradad\u0131r.<\/p>\n<p>M\u0259n ba\u015f direktorun\u00a0kabinetin\u0259\u00a0gir\u0259n\u0259 q\u0259d\u0259r\u00a0Oqtay, \u0259slind\u0259 h\u0259r \u015feyi dan\u0131\u015fm\u0131\u015fd\u0131. Agentliyin r\u0259hb\u0259r hey\u0259tinin ham\u0131s\u0131 orada idi. B\u00fct\u00fcn \u00f6lk\u0259d\u0259 oldu\u011fu kimi, bizim kollektivd\u0259 d\u0259 \u0259ks\u0259riyy\u0259t bu fikird\u0259 idi ki, g\u0259nc, m\u00fcst\u0259qil respublikan\u0131 u\u00e7uruma yuvarlanmaqdan\u00a0yaln\u0131z Heyd\u0259r \u018fliyev xilas ed\u0259 bil\u0259r.<\/p>\n<p>Akademiyan\u0131n\u00a0R\u0259yas\u0259t Hey\u0259tind\u0259ki g\u00f6r\u00fc\u015fd\u0259n bir xeyli dan\u0131\u015fd\u0131q, s\u00f6hb\u0259t q\u0131z\u0131\u015fanda h\u0259mi\u015f\u0259ki kimi \u015eamil m\u00fc\u0259llim yekun vurdu:<\/p>\n<p>-Ay yolda\u015flar, i\u015fl\u0259r t\u00f6k\u00fcl\u00fcb qal\u0131b, bayaqdan bir x\u0259b\u0259r d\u0259 burax\u0131lmay\u0131b, ax\u015fam d\u00fc\u015f\u00fcb, bel\u0259 olmaz ax\u0131.<\/p>\n<p>Ba\u015f direktor \u00f6z m\u00fcavininin\u00a0s\u00f6z\u00fcn\u0259\u00a0d\u0259st\u0259k verdi:<\/p>\n<p>&#8211; Ham\u0131 i\u015f ba\u015f\u0131na.<\/p>\n<p>M\u0259n otaqdan \u00e7\u0131xanda bir daha soru\u015fdum:<\/p>\n<p>&#8211;\u00a0Bug\u00fcnk\u00fc materiallar\u0131 burax\u0131l\u0131\u015fa verim?<\/p>\n<p>&#8211;\u00a0Yox, bir az bundan \u0259vv\u0259l yen\u0259 soru\u015fmu\u015fam. Dedil\u0259r ki, AZ\u018fRTAC he\u00e7 n\u0259 verm\u0259sin.<\/p>\n<p>Yazd\u0131\u011f\u0131m x\u0259b\u0259rl\u0259r burax\u0131lmad\u0131. Amma\u00a0Heyd\u0259r \u018fliyevin 1993-c\u00fc il iyunun 11d\u0259 Bak\u0131da ke\u00e7irdiyi ilk g\u00f6r\u00fc\u015fd\u0259n \u00e7\u0259kilmi\u015f foto\u015f\u0259kill\u0259ri m\u0259n bu g\u00fcn d\u0259 \u0259ziz xatir\u0259 kimi saxlay\u0131ram.<\/p>\n<p>Heyd\u0259r \u018fliyevin Bak\u0131ya qay\u0131tmas\u0131, bir s\u0131ra g\u00f6r\u00fc\u015fl\u0259r ke\u00e7irm\u0259si\u00a0il\u0259\u00a0bir q\u0259d\u0259r rahatl\u0131q tapan xalq\u0131n g\u00f6z\u00fc\u00a0h\u0259min g\u00fcnl\u0259r\u00a0G\u0259nc\u0259y\u0259 dikilmi\u015fdi. \u0130yunun 4-d\u0259 h\u0259rbi m\u00fcxalif\u0259tl\u0259\u00a0h\u00f6kum\u0259t\u00a0q\u00fcvv\u0259l\u0259ri aras\u0131nda at\u0131\u015fma faci\u0259 il\u0259 n\u0259tic\u0259l\u0259nmi\u015fdi. \u00d6lk\u0259 v\u0259t\u0259nda\u015f m\u00fcharib\u0259sinin bir add\u0131ml\u0131\u011f\u0131nda\u00a0idi. Heyd\u0259r \u018fliyevi d\u0259 d\u00fc\u015f\u00fcnd\u00fcr\u0259n\u00a0\u0259sas m\u0259s\u0259l\u0259\u00a0bu idi: geni\u015fl\u0259nm\u0259k t\u0259hl\u00fck\u0259si olan v\u0259t\u0259nda\u015f m\u00fcharib\u0259sini nec\u0259 dayand\u0131rmal\u0131?\u00a0\u00a0\u0130yunun 13-d\u0259 o, G\u0259nc\u0259y\u0259 getdi, Sur\u0259t H\u00fcseynovla, a\u011fsaqqallarla, ziyal\u0131larla g\u00f6r\u00fc\u015fd\u00fc, hadis\u0259nin ba\u015f verdiyi h\u0259rbi hiss\u0259d\u0259 oldu. Yaranm\u0131\u015f b\u00f6hranl\u0131 v\u0259ziyy\u0259t \u00e7ox a\u011f\u0131r idi. Heyd\u0259r \u018fliyev bir daha \u0259min oldu ki, xalq\u0131 g\u00f6zl\u0259nil\u0259n f\u0259lak\u0259td\u0259n xilas etm\u0259k \u00fc\u00e7\u00fcn yegan\u0259 yol n\u0259 q\u0259d\u0259r s\u0259ri\u015ft\u0259siz, a\u011f\u0131ls\u0131z olsalar da bu iqtidarla birg\u0259 i\u015fl\u0259m\u0259kdir, y\u0259ni\u00a0ba\u015fqa\u00a0\u00e7ar\u0259\u00a0yoxdur. O, m\u00f6vcud iqtidarla i\u015fl\u0259m\u0259y\u0259 raz\u0131l\u0131q verdi, d\u00fc\u015f\u00fcn\u00fclm\u00fc\u015f, m\u00fcdrik\u00a0add\u0131mlar\u00a0atma\u011fa\u00a0ba\u015flad\u0131.<\/p>\n<p>\u0130yunun 14-d\u0259 \u015eamil m\u00fc\u0259llim m\u0259ni yan\u0131na \u00e7a\u011f\u0131rd\u0131. Bizim i\u015f otaqlar\u0131m\u0131z yan-yana idi.\u00a0\u018fvv\u0259lki kimi qa\u015f-qabaql\u0131 deyildi, n\u0259 q\u0259d\u0259r \u00e7ox i\u015fl\u0259s\u0259 d\u0259,\u00a0\u00fcz-g\u00f6z\u00fcnd\u0259 bir rahatl\u0131q vard\u0131.\u00a0M\u0259n\u0259 n\u00f6vb\u0259ti tap\u015f\u0131r\u0131q verdi:<\/p>\n<p>&#8211; Sabah Ali Sovetin f\u00f6vq\u0259lad\u0259 sessiyas\u0131 olacaq. Ba\u015f direktor da, m\u0259n d\u0259 bel\u0259 q\u0259rara g\u0259ldik ki, s\u0259n ged\u0259s\u0259n.<\/p>\n<p>\u0130yunun 15-d\u0259 Heyd\u0259r \u018fliyev Ali Sovetin s\u0259dri se\u00e7ildi. Bununla da Az\u0259rbaycan xalq\u0131n\u0131n tarixind\u0259 yeni bir m\u0259rh\u0259l\u0259nin \u0259sas\u0131 qoyuldu. H\u0259min g\u00fcn Az\u0259rbaycan tarixin\u0259 Qurtulu\u015f G\u00fcn\u00fc kimi daxil oldu.<\/p>\n<p>Heyd\u0259r \u018fliyev\u00a0Milli M\u0259clisin tribunas\u0131nda \u0259z\u0259m\u0259tl\u0259 dayanm\u0131\u015fd\u0131. M\u0259nim \u0259yl\u0259\u015fdiyim s\u0131radan onun\u00a0taley\u00fckl\u00fc \u00e7\u0131x\u0131\u015f\u0131n\u0131n\u00a0bu\u00a0b\u00f6y\u00fck salonda\u00a0nec\u0259\u00a0ecazkar bir ah\u0259ng yaratd\u0131\u011f\u0131 ayd\u0131n\u00a0g\u00f6r\u00fcn\u00fcrd\u00fc.<\/p>\n<p>G\u00f6st\u0259ril\u0259n etimada g\u00f6r\u0259 minn\u0259tdarl\u0131\u011f\u0131n\u0131 bildir\u0259n\u00a0Ulu \u00d6nd\u0259r q\u0259tiyy\u0259tl\u0259\u00a0deyirdi: \u201cAli Sovetin s\u0259dri kimi Az\u0259rbaycan xalq\u0131n\u0131n tarixi nailiyy\u0259ti olan Az\u0259rbaycan Respublikas\u0131n\u0131n d\u00f6vl\u0259t m\u00fcst\u0259qilliyini qoruma\u011f\u0131, m\u00f6hk\u0259ml\u0259ndirm\u0259yi, inki\u015faf etdirm\u0259yi \u00f6z\u00fcm \u00fc\u00e7\u00fcn \u0259n \u0259sas v\u0259zif\u0259l\u0259rd\u0259n biri hesab edir\u0259m\u201d.<\/p>\n<p>A\u011fz\u0131nad\u0259k dolu olan salonda ham\u0131n\u0131n g\u00f6z\u00fc onda idi, ham\u0131 bu dahinin h\u0259r\u00a0bir\u00a0k\u0259lm\u0259sin\u0259\u00a0diqq\u0259t k\u0259silmi\u015fdi.\u00a0B\u00fct\u00fcn \u00f6lk\u0259nin, el\u0259c\u0259 d\u0259\u00a0bu\u00a0salonda\u00a0\u0259yl\u0259\u015f\u0259nl\u0259rin g\u0259l\u0259c\u0259k taleyi bu \u00e7\u0131x\u0131\u015fda deyil\u0259nl\u0259rd\u0259n \u00e7ox as\u0131l\u0131 olacaqd\u0131. Uzun ill\u0259rin a\u011f\u0131r, g\u0259rgin g\u00fcnl\u0259ri insanlar\u0131 \u0259zib el\u0259 hala salm\u0131\u015fd\u0131 ki, qorxu, t\u0259la\u015f,\u00a0sabahk\u0131 g\u00fcn\u0259\u00a0inams\u0131zl\u0131q\u00a0hissi onlar\u0131 rahat buraxm\u0131rd\u0131.<\/p>\n<p>Tribunada\u00a0h\u0259m inaml\u0131, h\u0259m d\u0259 \u00e7ox a\u00e7\u0131q\u00a0dan\u0131\u015fan natiq insanlar\u0131 ayd\u0131n yola, azadl\u0131q\u00a0v\u0259\u00a0m\u00fcst\u0259qilliyi qorumaq\u00a0u\u011frunda m\u00fcbariz\u0259y\u0259 s\u0259sl\u0259y\u0259r\u0259k deyirdi: \u201cAz\u0259rbaycan Respublikas\u0131 bundan sonra onun ba\u015f\u0131na n\u0259 g\u0259l\u0259c\u0259ks\u0259 g\u0259lsin,\u00a0m\u00fcst\u0259qilliyini itirm\u0259y\u0259c\u0259k, yenid\u0259n he\u00e7 bir d\u00f6vl\u0259tin t\u0259rkibin\u0259 daxil olmayacaq, he\u00e7 bir ba\u015fqa d\u00f6vl\u0259tin \u0259sar\u0259ti alt\u0131na d\u00fc\u015fm\u0259y\u0259c\u0259k. M\u0259n he\u00e7 bir kreslo tutmaq ist\u0259mir\u0259m, he\u00e7 bir v\u0259zif\u0259 tutmaq ist\u0259mir\u0259m. 1991-ci ilin fevral ay\u0131nda bu salonda bu tribunadan \u00e7\u0131x\u0131\u015f ed\u0259rk\u0259n demi\u015fdim:\u00a0Az\u0259rbaycana xalq\u0131mla bir yerd\u0259 olmaq v\u0259 xalq\u0131m\u0131n bu a\u011f\u0131r g\u00fcn\u00fcnd\u0259 ona k\u00f6m\u0259k etm\u0259k \u00fc\u00e7\u00fcn respublikaya qay\u0131tm\u0131\u015fam. Onda m\u0259ni q\u0259bul etm\u0259dil\u0259r. Ondan sonra da d\u0259f\u0259l\u0259rl\u0259 demi\u015f\u0259m. M\u0259n he\u00e7 bir v\u0259zif\u0259 tutmaq iddias\u0131nda deyil\u0259m. Bu g\u00fcn d\u0259 deyir\u0259m. Bu d\u0259qiq\u0259 buradan \u00e7\u0131x\u0131b ged\u0259 bil\u0259r\u0259m. Ancaq b\u0259zi adamlar\u0131n he\u00e7 bir i\u015f g\u00f6rm\u0259d\u0259n zalda oturub bu a\u011f\u0131r v\u0259ziyy\u0259td\u0259 m\u0259s\u0259l\u0259ni m\u00fcr\u0259kk\u0259bl\u0259\u015fdirm\u0259si m\u0259ni hidd\u0259tl\u0259ndirir. M\u0259n he\u00e7 k\u0259s\u0259 he\u00e7 bir qarantiya vermir\u0259m, m\u0259n \u00f6z\u00fcm\u00fc pey\u011f\u0259mb\u0259r hesab etmir\u0259m\u201d.<\/p>\n<p>O,\u00a0Bak\u0131ya g\u0259li\u015finin s\u0259b\u0259bini\u00a0bel\u0259\u00a0izah etdi: \u201cM\u0259n buraya he\u00e7 d\u0259 partiyan\u0131n lideri kimi g\u0259lm\u0259mi\u015f\u0259m. M\u0259n buraya tamam k\u00f6n\u00fcls\u00fcz, tez-t\u0259l\u0259sik yox, adamlar\u0131n t\u0259zyiqind\u0259n \u00e7ox, yaranm\u0131\u015f v\u0259ziyy\u0259t\u0259 g\u00f6r\u0259 g\u0259ldim, \u00e7\u00fcnki xalq\u0131n taleyi h\u0259ll olunurdu\u201d.<\/p>\n<p>Heyd\u0259r \u018fliyev Ali Sovetin s\u0259dri kimi f\u0259aliyy\u0259t\u0259 ba\u015flad\u0131\u011f\u0131 ilk g\u00fcnd\u0259n bu bina \u00f6lk\u0259ni\u00a0idar\u0259 ed\u0259n b\u00fct\u00fcn icra v\u0259 yerli orqanlar\u0131n i\u015fini nizamlayan qaynar bir m\u0259rk\u0259z\u0259, q\u0259rargaha\u00a0\u00e7evrildi.\u00a0B\u00fct\u00fcn\u00a0g\u00fcn\u00a0boyu\u00a0q\u0259bullar, g\u00f6r\u00fc\u015fl\u0259r, m\u00fcxt\u0259lif t\u0259dbirl\u0259r bir-birini \u0259v\u0259z edirdi.\u00a0S\u0259drin\u00a0kabinetinin i\u015f\u0131qlar\u0131 gec\u0259 yar\u0131s\u0131nad\u0259k\u00a0s\u00f6nm\u00fcrd\u00fc. Milli M\u0259clisin iclaslar\u0131, m\u00fc\u015favir\u0259l\u0259r, m\u0259tbuat konfranslar\u0131 televiziya il\u0259 birba\u015fa yay\u0131mlan\u0131r,\u00a0respublikadak\u0131\u00a0v\u0259ziyy\u0259t xalqa oldu\u011fu kimi \u00e7atd\u0131r\u0131l\u0131rd\u0131.\u00a0Eyni zamanda \u0259halini d\u00fc\u015f\u00fcnd\u00fcr\u0259n, narahat ed\u0259n m\u0259s\u0259l\u0259l\u0259r\u00a0\u00f6yr\u0259nilir, ara\u015fd\u0131r\u0131l\u0131r, onlar\u0131n h\u0259lli diqq\u0259td\u0259n k\u0259narda qalm\u0131rd\u0131. \u0130ctimai-siyasi h\u0259yatdak\u0131 g\u0259rginliyin azald\u0131lmas\u0131 \u00fc\u00e7\u00fcn\u00a0at\u0131lan add\u0131mlar,\u00a0g\u00f6r\u00fcl\u0259n\u00a0t\u0259sirli\u00a0t\u0259dbirl\u0259r insanlar\u0131n q\u0259lbind\u0259 \u00fcmid i\u015f\u0131\u011f\u0131 oyad\u0131rd\u0131.<\/p>\n<p>&#8211; B\u0259li, bu g\u00fcnd\u0259n daha g\u0259rgin i\u015f ba\u015flay\u0131r. Biz\u00a0g\u00fccl\u0259ndirilmi\u015f i\u015f rejimi,\u00a0ikinci, h\u0259tta \u00fc\u00e7\u00fcnc\u00fc i\u015f n\u00f6vb\u0259l\u0259ri haqq\u0131nda d\u00fc\u015f\u00fcnm\u0259li\u00a0v\u0259\u00a0buna haz\u0131r olmal\u0131y\u0131q,\u00a0\u2013ba\u015f direktor bu ax\u015famk\u0131 \u00e7aparaq iclas\u0131\u00a0bu s\u00f6zl\u0259rl\u0259\u00a0yekunla\u015fd\u0131rd\u0131.<\/p>\n<p>Qar\u015f\u0131dak\u0131 g\u00fcnl\u0259rd\u0259 Heyd\u0259r \u018fliyevin ke\u00e7ir\u0259c\u0259yi t\u0259dbirl\u0259rin\u00a0artmas\u0131 ehtimal\u0131\u00a0n\u0259z\u0259r\u0259 al\u0131naraq, onlar\u0131n i\u015f\u0131qland\u0131r\u0131lmas\u0131na\u00a0\u00a0m\u0259niml\u0259 yana\u015f\u0131, \u0259lav\u0259 \u0259m\u0259kda\u015flar\u0131n\u00a0\u00a0c\u0259lb olunmas\u0131,\u00a0x\u0259b\u0259rl\u0259rin\u00a0operativliyin\u0259\u00a0x\u00fcsusi\u00a0diqq\u0259t yetirilm\u0259si vacib hesab olundu.\u00a0Bu, o vaxtlar idi ki, m\u0259n, h\u0259mkarlar\u0131m Elman Q\u0259dirli v\u0259\u00a0Cavid\u00a0Xaspoladov \u201cKommunist\u201d\u00a0q\u0259zetind\u0259n AZ\u018fRTAC-a yenic\u0259 g\u0259lmi\u015fdik.\u00a0\u00dc\u00e7\u00fcm\u00fcz d\u0259\u00a0h\u0259min\u00a0q\u0259zetin ba\u015f redaktoru Tofiq R\u00fcst\u0259movun t\u0259l\u0259b\u0259l\u0259ri olmu\u015fduq. Amma n\u0259d\u0259ns\u0259 AZ\u018fRTAC-da\u00a0i\u015fl\u0259m\u0259yi\u00a0\u00fcst\u00fcn\u00a0tutduq. H\u00f6rm\u0259tli m\u00fc\u0259llimimiz\u00a0buna\u00a0g\u00f6r\u0259 bizd\u0259n \u00e7ox incidi.\u00a0Bu, b\u0259lk\u0259 d\u0259\u00a0adi se\u00e7im yox,\u00a0taleyin qism\u0259ti idi. \u0130nsaf\u0259n,\u00a0o vaxtlar \u00f6lk\u0259nin yegan\u0259 informasiya agentliyi, r\u0259smi x\u0259b\u0259r qayna\u011f\u0131 olan\u00a0AZ\u018fRTAC \u00e7ox b\u00f6y\u00fck n\u00fcfuz v\u0259 h\u00f6rm\u0259t sahibi idi, d\u00f6vl\u0259t, h\u00f6kum\u0259t adamlar\u0131\u00a0onun\u00a0i\u015fini daim diqq\u0259td\u0259 saxlay\u0131rd\u0131lar.<\/p>\n<p>Bu s\u0259tirl\u0259ri yazark\u0259n\u00a0x\u0259yal\u0131m m\u0259ni xeyli\u00a0\u0259vv\u0259l\u0259\u00a0&#8211; Ulu \u00d6nd\u0259rin q\u0259bulunda m\u0259tbuat \u00fc\u00e7\u00fcn haz\u0131rlanm\u0131\u015f materiallar bar\u0259d\u0259 m\u0259ruz\u0259 etdiyim g\u00fcnl\u0259rd\u0259n birin\u0259 apard\u0131.<\/p>\n<p>T\u0259xmin\u0259n\u00a015-20 d\u0259qiq\u0259\u00a0\u00e7\u0259k\u0259n\u00a0bel\u0259 m\u0259ruz\u0259l\u0259rin birind\u0259 Heyd\u0259r \u018fliyev q\u0259fl\u0259t\u0259n m\u0259nd\u0259n soru\u015fdu:<\/p>\n<p>&#8211;\u00a0S\u0259n Yefin Qriqoryevi\u00e7 Qurvi\u00e7i tan\u0131y\u0131rd\u0131n?<\/p>\n<p>Sual\u00a0g\u00f6zl\u0259nilm\u0259z olsa da,\u00a0\u00f6z\u00fcm\u00fc itirm\u0259dim:<\/p>\n<p>&#8211;\u00a0B\u0259li, c\u0259nab Prezident. Az\u0259rbaycan D\u00f6vl\u0259t Universitetind\u0259 oxuyark\u0259n iki d\u0259f\u0259 onun yan\u0131nda olmu\u015fdum.<\/p>\n<p>Prezident bu g\u00fcn m\u0259tbuata verilm\u0259si n\u0259z\u0259rd\u0259 tutulan materiallar\u0131n topland\u0131\u011f\u0131 qovlu\u011fu k\u0259nara\u00a0qoyub\u00a0\u201covaxtki Az\u0259rinform s\u0259n\u0259 nec\u0259 t\u0259sir ba\u011f\u0131\u015flam\u0131\u015fd\u0131?\u201d -dey\u0259\u00a0\u00a0soru\u015fdu.<\/p>\n<p>M\u0259n harada, kimin qar\u015f\u0131s\u0131na\u00a0oldu\u011fumu bir anl\u0131q unudaraq\u00a0dedim:<\/p>\n<p>&#8211;\u00a0C\u0259nab Prezident, o vaxt\u00a0Az\u0259rinform\u00a0sanki KQB-nin filial\u0131na\u00a0b\u0259nz\u0259yirdi.<\/p>\n<p>D\u0259rhal da d\u00fc\u015f\u00fcnd\u00fcm ki, dey\u0259s\u0259n\u00a0b\u00fct\u00fcn \u0259ndaz\u0259l\u0259ri ke\u00e7mi\u015f\u0259m.\u00a0M\u0259ni soyuq t\u0259r basd\u0131.\u00a0G\u00f6zl\u0259diyimin \u0259ksin\u0259 olaraq, Heyd\u0259r \u018fliyev\u00a0q\u0259hq\u0259h\u0259 \u00e7\u0259kib \u00fcr\u0259kd\u0259n g\u00fcld\u00fc; bu\u00a0g\u00fcl\u00fc\u015f\u00a0m\u0259ni\u00a0el\u0259 bil\u00a0yuxudan\u00a0oyatd\u0131, d\u00fc\u015fd\u00fcy\u00fcm a\u011f\u0131r v\u0259ziyy\u0259td\u0259n dart\u0131b \u00e7\u0131xard\u0131.<\/p>\n<p>&#8211; Bilirs\u0259n, Qurvi\u00e7 d\u00fcz q\u0131rx il Az\u0259rinformun direktoru olub. \u00c7ox q\u0259rib\u0259dir, ali t\u0259hsili olmasa da, \u00e7ox d\u0259rrak\u0259li insan idi. M\u0259n\u00a0o vaxt Az\u0259rbaycana r\u0259hb\u0259rlik ed\u0259nd\u0259\u00a0M\u0259rk\u0259zi Komit\u0259nin binas\u0131nda da ona i\u015f ota\u011f\u0131 ay\u0131rm\u0131\u015fd\u0131q.<\/p>\n<p>M\u0259nc\u0259,\u00a0AZ\u018fRTAC-\u0131n d\u00f6vl\u0259t v\u0259 h\u00f6kum\u0259t \u00fc\u00e7\u00fcn n\u0259 d\u0259r\u0259c\u0259d\u0259\u00a0m\u00fch\u00fcm\u00a0\u0259h\u0259miyy\u0259t\u00a0k\u0259sb etdiyi\u00a0bar\u0259d\u0259 ba\u015fqa bir d\u0259lil, s\u00fcbuta\u00a0ehtiyac qalm\u0131r.<\/p>\n<p>Xatir\u0259l\u0259r m\u0259ni qanad\u0131na alaraq daha \u0259vv\u0259l\u0259 &#8211; 1970-ci ill\u0259r\u0259 qaytar\u0131r.\u00a0Ulu \u00d6nd\u0259ri ilk d\u0259f\u0259\u00a0m\u0259hz o vaxtlar\u00a0g\u00f6rm\u00fc\u015fd\u00fcm.<\/p>\n<p>T\u0259hsil ald\u0131\u011f\u0131m ADU-nun Jurnalistika fak\u00fclt\u0259sinin be\u015finci kurs t\u0259l\u0259b\u0259l\u0259ri \u00fc\u00e7\u00fcn t\u0259yinat b\u00f6lg\u00fcs\u00fc 1975-ci il iyulun ax\u0131rlar\u0131nda\u00a0apar\u0131ld\u0131.\u00a0O ill\u0259r\u00a0Az\u0259rbaycan xalq\u0131n\u0131n h\u0259yat\u0131nda \u0259n yadda qalan,\u00a0y\u00fcks\u0259li\u015f\u00a0ill\u0259ri\u00a0idi. Az\u0259rbaycan m\u00fctt\u0259fiq respublika kimi SSR\u0130-nin t\u0259rkibind\u0259 olsa da,\u00a0g\u0259l\u0259c\u0259k m\u00fcst\u0259qil \u00f6lk\u0259 \u00fc\u00e7\u00fcn ilk t\u0259m\u0259l da\u015flar\u0131n\u0131n nec\u0259 u\u011furla at\u0131ld\u0131\u011f\u0131 bir \u00e7oxlar\u0131 kimi m\u0259nim d\u0259 xatirimd\u0259dir. Az\u0259rbaycan\u0131n\u00a0\u0259ld\u0259 edil\u0259n u\u011furlu n\u0259tic\u0259l\u0259r, ittifaq respublikalar\u0131 aras\u0131nda h\u0259r bir sah\u0259d\u0259\u00a0\u00f6n\u0259 \u00e7\u0131xmas\u0131 m\u0259rk\u0259zi q\u0259zet v\u0259 televiziyalar\u0131n da\u00a0b\u00f6y\u00fck mara\u011f\u0131na s\u0259b\u0259b olmu\u015fdu. Bu is\u0259 \u0259slind\u0259 o dem\u0259k idi ki, Heyd\u0259r \u018fliyevin r\u0259hb\u0259rlik etdiyi Az\u0259rbaycan qazand\u0131\u011f\u0131 nailiyy\u0259tl\u0259ri\u00a0il\u0259\u00a0TASS\u00a0agentliyi\u00a0v\u0259 dig\u0259r informasiya kanallar\u0131\u00a0&#8211;\u00a0\u201c\u0130zvestiya\u201d, \u201cPravda\u201d, \u201cLiteraturnaya\u00a0qazeta\u201d v\u0259 sair\u00a0q\u0259zetl\u0259r\u00a0vasit\u0259sil\u0259 d\u00fcnyaya \u00e7\u0131x\u0131\u015f \u0259ld\u0259 ed\u0259 bilmi\u015fdi. SSR\u0130 m\u0259tbuat\u0131n\u0131n r\u0259hb\u0259rl\u0259ri \u00e7ox sonralar \u00f6zl\u0259ri d\u0259 etiraf edirdil\u0259r ki, Az\u0259rbaycan dal\u011fas\u0131 el\u0259 s\u00fcr\u0259tl\u0259 g\u0259lmi\u015fdi ki, he\u00e7 k\u0259s,\u00a0h\u0259tta ist\u0259s\u0259 bel\u0259,\u00a0onun qar\u015f\u0131s\u0131n\u0131 ala bilmirdi. Bel\u0259likl\u0259 Az\u0259rbaycan, Heyd\u0259r \u018fliyev k\u0259lm\u0259l\u0259ri\u00a0SSR\u0130 v\u0259\u00a0d\u00fcnya medias\u0131nda\u00a0tez-tez g\u00f6r\u00fcnm\u0259y\u0259, h\u0259tta\u00a0uzaq\u00a0\u00f6lk\u0259l\u0259rd\u0259n oxucular\u0131n diqq\u0259tini c\u0259lb etm\u0259y\u0259 ba\u015flam\u0131\u015fd\u0131. \u018fsl h\u0259qiq\u0259t bundan ibar\u0259tdir ki, imperiya qada\u011falar\u0131n\u0131\u00a0a\u015f\u0131b\u00a0ke\u00e7\u0259n bu dal\u011fa Az\u0259rbaycan\u0131n d\u00fcnyaya tan\u0131nmas\u0131nda misilsiz rol oynay\u0131rd\u0131&#8230;<\/p>\n<p>Qay\u0131daq universitet m\u0259zunlar\u0131n\u0131n t\u0259yinat b\u00f6lg\u00fcs\u00fcn\u0259. Allah r\u0259hm\u0259t etsin, fak\u00fclt\u0259mizin ovaxtk\u0131 dekan\u0131, m\u00fcasir jurnalistikam\u0131z\u0131n vicdan\u0131 hesab edil\u0259n \u015eirm\u0259mm\u0259d H\u00fcseynov iyul ay\u0131n\u0131n o q\u0131zmar g\u00fcnl\u0259rind\u0259 yorulmaq bilm\u0259d\u0259n M\u0259rk\u0259zi Komit\u0259y\u0259, Nazirl\u0259r Sovetin\u0259, dig\u0259r \u0259laq\u0259dar t\u0259\u015fkilatlara\u00a0ayaq d\u00f6y\u00fcrd\u00fc ki, m\u0259zunlar\u0131n probleml\u0259ri h\u0259llini taps\u0131n v\u0259 biz\u00a0g\u00f6nd\u0259rildiyimiz yerl\u0259rd\u0259\u00a0boynub\u00fck\u00fck qalmayaq. Fikri bel\u0259 idi ki,\u00a0m\u0259zunlar\u0131n\u00a0tam \u0259ks\u0259riyy\u0259ti b\u00f6lg\u0259l\u0259r\u0259 g\u00f6nd\u0259rilsin\u00a0(respublika K\u0130V-l\u0259rin\u0259 t\u0259yinat nadir hallarda verilirdi), y\u00fcks\u0259li\u015f d\u00f6vr\u00fcn\u00fc ya\u015fayan rayonlara ideoloji c\u0259h\u0259td\u0259n k\u00f6m\u0259k olsunlar.<\/p>\n<p>T\u0259yinat\u0131n elan olundu\u011fu\u00a0g\u00fcn g\u0259ldi.\u00a0Adlar \u0259lifba s\u0131ras\u0131 il\u0259 oxunurdu. Ham\u0131m\u0131z h\u0259y\u0259can i\u00e7ind\u0259yik ki,\u00a0g\u00f6r\u0259s\u0259n\u00a0hara g\u00f6nd\u0259ril\u0259c\u0259yik.<\/p>\n<p>&#8211; Adil A\u011fayev.\u00a0A\u011fsu rayonunda anadan olmusan,\u00a0t\u0259yinat\u0131n da orayad\u0131r.<\/p>\n<p>\u2013 Aslan Aslanov.\u00a0Haz\u0131rda \u00fc\u00e7 rayon \u2013 B\u0259rd\u0259, Sabirabad v\u0259 A\u011fcab\u0259di rayonlar\u0131n\u0131n h\u0259r biri 100 min tondan \u00e7ox pamb\u0131q istehsal edir. C\u0259bray\u0131ll\u0131\u00a0olsan da,\u00a0bel\u0259 q\u0259rar al\u0131n\u0131b ki, s\u0259n A\u011fcab\u0259diy\u0259 ged\u0259s\u0259n. H\u0259min rayonda\u00a0c\u0259mi\u00a0iki ali t\u0259hsilli jurnalist var.\u00a0A\u011fcab\u0259di b\u00f6y\u00fck pamb\u0131q\u00e7\u0131l\u0131q rayonlar\u0131ndan biridir,\u00a0h\u0259tta \u0130ttifaq\u00a0miqyas\u0131nda\u00a0tan\u0131n\u0131r. \u00c7al\u0131\u015f,\u00a0orada i\u015fl\u0259rin gedi\u015fin\u0259\u00a0s\u0259n d\u0259 \u00f6z k\u00f6m\u0259yini\u00a0g\u00f6st\u0259r\u0259\u00a0bil\u0259s\u0259n.<\/p>\n<p>T\u0259yinat\u00a0siyah\u0131s\u0131\u00a0uzundur, amma bir ne\u00e7\u0259 n\u0259f\u0259rin ad\u0131n\u0131 \u00e7\u0259km\u0259s\u0259m olmaz.<\/p>\n<p>Da\u011fb\u0259yi \u0130smay\u0131lov \u201cBak\u0131\u201d q\u0259zeti redaksiyas\u0131na, G\u00fcl\u015f\u0259n \u018fkb\u0259rova\u00a0v\u0259\u00a0\u015e\u0259lal\u0259 \u018flib\u0259yli Az\u0259rbaycan D\u00f6vl\u0259t Televiziyas\u0131na, \u018fmin\u0259 \u018fhm\u0259dova Yevlax rayon q\u0259zetin\u0259\u00a0t\u0259yinat ald\u0131lar.<\/p>\n<p>1975-ci il avqustun 15-d\u0259 m\u0259n art\u0131q A\u011fcab\u0259did\u0259 idim. A\u011fcab\u0259di \u00e7ox isti olan bir yerdir.\u00a0Pamb\u0131q y\u0131\u011f\u0131m\u0131n\u0131n \u0259n q\u0131zmar d\u00f6vr\u00fc idi, \u015f\u0259h\u0259rd\u0259,\u00a0yol-irizd\u0259\u00a0he\u00e7 kim\u00a0g\u00f6z\u0259 d\u0259ymirdi. \u0130nsaf\u0259n,\u00a0ilk\u00a0i\u015f yerimd\u0259 m\u0259ni pis qar\u015f\u0131lamad\u0131lar. \u0130\u015f\u00a0g\u00fcn\u00fcn\u00fcn\u00a0sonunda dedil\u0259r ki, g\u00f6zl\u0259, bir azdan birinci katib s\u0259ni q\u0259bul ed\u0259c\u0259k.\u00a0X\u0259b\u0259r m\u0259nim \u00fc\u00e7\u00fcn \u00e7ox g\u00f6zl\u0259nilm\u0259z oldu.<\/p>\n<p>T\u0259bii ki, raykomda he\u00e7 kimi tan\u0131m\u0131rd\u0131m. Birinci katibin \u00fc\u00e7\u00fcnc\u00fc m\u0259rt\u0259b\u0259d\u0259ki q\u0259bul ota\u011f\u0131nda\u00a0orta boylu bir ki\u015fi (sonralar bildim ki, o, \u00fcmumi \u015f\u00f6b\u0259nin m\u00fcdiridir) s\u0259n\u0259dimi yoxlad\u0131.\u00a0Sonra qar\u015f\u0131s\u0131ndak\u0131 a\u011f \u015falvar, a\u011f g\u00f6d\u0259k qollu k\u00f6yn\u0259k\u00a0geymi\u015f\u00a0jurnalisti mehriban bax\u0131\u015flarla s\u00fcz\u00fcb g\u00fcl\u00fcms\u00fcnd\u00fc:<\/p>\n<p>&#8211;\u00a0Ke\u00e7 bala, ke\u00e7, yolda\u015f \u0130smay\u0131lov s\u0259ni g\u00f6zl\u0259yir.<\/p>\n<p>\u00c7ox da b\u00f6y\u00fck olmayan, amma s\u0259liq\u0259-sahmanl\u0131\u00a0kabinetd\u0259\u00a0h\u00fcnd\u00fcr boylu, yara\u015f\u0131ql\u0131 bir ki\u015fi\u00a0kreslodan\u00a0qalx\u0131b m\u0259n\u0259\u00a0t\u0259r\u0259f\u00a0g\u0259ldi v\u0259 \u00e7ox mehribancas\u0131na\u00a0g\u00f6r\u00fc\u015fd\u00fc. M\u0259lumat\u0131m var idi ki,\u00a0A\u011fcab\u0259dinin birinci katibi\u00a0respublikada t\u0259s\u0259rr\u00fcfat\u00a0i\u015fini\u00a0yax\u015f\u0131 bil\u0259n, adamlar\u0131n b\u00f6y\u00fck h\u00f6rm\u0259t b\u0259sl\u0259dikl\u0259ri, \u00f6zl\u0259rin\u0259 arxa-dayaq hesab etdikl\u0259ri Vahid \u0130smay\u0131lov idi. Bir q\u0259d\u0259r s\u00f6hb\u0259td\u0259n sonra telefonunun d\u0259st\u0259yini qald\u0131r\u0131b kim\u0259s\u0259\u00a0tap\u015f\u0131r\u0131q verdi:<\/p>\n<p>&#8211;\u00a0Bilirsiniz ki, bizim ali t\u0259hsilli jurnalistl\u0259r\u0259 ehtiyac\u0131m\u0131z var. Ona g\u00f6r\u0259 d\u0259 bu cavan o\u011flana i\u015fl\u0259m\u0259k \u00fc\u00e7\u00fcn laz\u0131mi \u015f\u0259rait yarad\u0131n.<\/p>\n<p>Bel\u0259likl\u0259 jurnalist h\u0259yat\u0131m A\u011fcab\u0259did\u0259n ba\u015flad\u0131.<\/p>\n<p>O ill\u0259rd\u0259 Az\u0259rbaycan KP MK-n\u0131n birinci katibi Heyd\u0259r \u018fliyev tez-tez rayonlara g\u0259lir, g\u00f6r\u00fcl\u0259n i\u015fl\u0259rl\u0259 tan\u0131\u015f olur, sad\u0259 insanlarla\u00a0g\u00f6r\u00fc\u015f\u00fcrd\u00fc. \u018fm\u0259k adamlar\u0131 he\u00e7 n\u0259d\u0259n \u00e7\u0259kinm\u0259y\u0259r\u0259k onunla a\u00e7\u0131q s\u00f6hb\u0259tl\u0259r edir, bu dahi insan\u0131 h\u0259m r\u0259hb\u0259r, h\u0259m d\u0259 dost kimi q\u0259lb\u0259n sevirdil\u0259r.<\/p>\n<p>Tale el\u0259 g\u0259tirdi ki, m\u0259n d\u0259 Heyd\u0259r \u018fliyevin \u0259m\u0259k adamlar\u0131 il\u0259 bel\u0259 s\u00f6hb\u0259tl\u0259rinin \u015fahidi oldum.<\/p>\n<p><em><strong>\/ard\u0131 var\/<\/strong><\/em><\/p>\n<div class=\"clearfix\"><\/div>\n<\/div>\n<div class=\"fotorama--hidden\"><\/div>\n<div id=\"galleryList\" class=\"fotorama fotorama1678254050608\" data-nav=\"thumbs\" data-width=\"100%\" data-thumbwidth=\"90\" data-thumbheight=\"60\" data-allowfullscreen=\"true\" data-autoplay=\"3000\" data-ratio=\"1.5\" data-keyboard=\"true\" data-fit=\"contain\">\n<div class=\"fotorama__wrap fotorama__wrap--css3 fotorama__wrap--slide fotorama__wrap--toggle-arrows fotorama__wrap--no-controls\">\n<div class=\"fotorama__stage\">\n<div class=\"fotorama__fullscreen-icon\" tabindex=\"0\" role=\"button\"><\/div>\n<div class=\"fotorama__stage__shaft\">\n<div class=\"fotorama__stage__frame fotorama__loaded fotorama__loaded--img fotorama__active\"><img class=\"fotorama__img\" src=\"https:\/\/ikisahil.az\/photo\/0x0_2\/upload\/gallery\/2023\/03\/07\/-d47bf0af167819534739564849810192173.jpg\" \/><\/div>\n<\/div>\n<\/div>\n<\/div>\n<\/div>\n<div class=\"sharing my-2 row no-gutters d-print-none\">\n<div class=\"col-md-3\"><\/div>\n<\/div>\n<div class=\"d-none d-sm-block\"><\/div>\n<\/section>\n<section id=\"new_block_2\" class=\"mt-3 d-print-none\">\n<div class=\"row\">\n<div class=\"col-md-12\"><\/div>\n<\/div>\n<\/section>\n","protected":false},"excerpt":{"rendered":"<p>Jurnalist Aslan Aslanov 45 ild\u0259n \u00e7ox Az\u0259rbaycan\u0131n m\u00fcxt\u0259lif m\u0259tbuat orqanlar\u0131nda \u00e7al\u0131\u015f\u0131b. \u00d6mr\u00fcn\u00fcn 30 ili Az\u0259rbaycan D\u00f6vl\u0259t \u0130nformasiya Agentliyi (AZ\u018fRTAC) il\u0259 ba\u011fl\u0131 olub. \u018fvv\u0259lc\u0259 agentlikd\u0259 m\u00fcxbir, ba\u015f redaktor, 1997-2002-ci ill\u0259rd\u0259 ba\u015f direktorun birinci m\u00fcavini, 2002-2022-ci ill\u0259rd\u0259 ba\u015f direktor, \u0130dar\u0259 Hey\u0259tinin s\u0259dri i\u015fl\u0259yib. \u00a0Ulu \u00f6nd\u0259r Heyd\u0259r \u018fliyevin 1993-\u00e7\u00fc il iyunun 9-da xalq\u0131n t\u0259kidli t\u0259l\u0259bi il\u0259 Bak\u0131ya g\u0259l\u0259r\u0259k iyunun 11-d\u0259 AMEA-n\u0131n R\u0259yas\u0259t Hey\u0259tinin binas\u0131nda xarici \u00f6lk\u0259l\u0259rin s\u0259firl\u0259ri il\u0259 ilk g\u00f6r\u00fc\u015f\u00fcnd\u0259n ba\u015flayaraq, 2003-c\u00fc il\u0259d\u0259k ke\u00e7irdiyi g\u00f6r\u00fc\u015fl\u0259rin, q\u0259bullar\u0131n, iclaslar\u0131n v\u0259 dig\u0259r t\u0259dbirl\u0259rin, el\u0259c\u0259 d\u0259 xarici \u00f6lk\u0259l\u0259r\u0259 s\u0259f\u0259rl\u0259rinin tam \u0259ks\u0259riyy\u0259tind\u0259 AZ\u018fRTAC-\u0131n \u0259m\u0259kda\u015f\u0131 kimi i\u015ftirak edib. 1995-ci&hellip;<\/p>\n","protected":false},"author":2,"featured_media":573937,"comment_status":"closed","ping_status":"closed","sticky":false,"template":"","format":"standard","meta":{"om_disable_all_campaigns":false,"_monsterinsights_skip_tracking":false,"_monsterinsights_sitenote_active":false,"_monsterinsights_sitenote_note":"","_monsterinsights_sitenote_category":0},"categories":[19],"tags":[],"aioseo_notices":[],"gutentor_comment":0,"rttpg_featured_image_url":{"full":["https:\/\/arantv.az\/wp-content\/uploads\/2023\/03\/fb60d41116781950462597805501014981.jpg",975,540,false],"landscape":["https:\/\/arantv.az\/wp-content\/uploads\/2023\/03\/fb60d41116781950462597805501014981.jpg",975,540,false],"portraits":["https:\/\/arantv.az\/wp-content\/uploads\/2023\/03\/fb60d41116781950462597805501014981.jpg",975,540,false],"thumbnail":["https:\/\/arantv.az\/wp-content\/uploads\/2023\/03\/fb60d41116781950462597805501014981-500x280.jpg",500,280,true],"medium":["https:\/\/arantv.az\/wp-content\/uploads\/2023\/03\/fb60d41116781950462597805501014981-660x365.jpg",660,365,true],"large":["https:\/\/arantv.az\/wp-content\/uploads\/2023\/03\/fb60d41116781950462597805501014981-840x465.jpg",640,354,true],"1536x1536":["https:\/\/arantv.az\/wp-content\/uploads\/2023\/03\/fb60d41116781950462597805501014981.jpg",975,540,false],"2048x2048":["https:\/\/arantv.az\/wp-content\/uploads\/2023\/03\/fb60d41116781950462597805501014981.jpg",975,540,false],"post-thumbnail":["https:\/\/arantv.az\/wp-content\/uploads\/2023\/03\/fb60d41116781950462597805501014981-240x172.jpg",240,172,true],"advps-thumb-one":["https:\/\/arantv.az\/wp-content\/uploads\/2023\/03\/fb60d41116781950462597805501014981.jpg",975,540,false]},"rttpg_author":{"display_name":"V\u00fcsal Rafiqo\u011flu","author_link":"https:\/\/arantv.az\/?author=2"},"rttpg_comment":0,"rttpg_category":"<a href=\"https:\/\/arantv.az\/?cat=19\" rel=\"category\">G\u00fcnd\u0259m<\/a>","rttpg_excerpt":"Jurnalist Aslan Aslanov 45 ild\u0259n \u00e7ox Az\u0259rbaycan\u0131n m\u00fcxt\u0259lif m\u0259tbuat orqanlar\u0131nda \u00e7al\u0131\u015f\u0131b. \u00d6mr\u00fcn\u00fcn 30 ili Az\u0259rbaycan D\u00f6vl\u0259t \u0130nformasiya Agentliyi (AZ\u018fRTAC) il\u0259 ba\u011fl\u0131 olub. \u018fvv\u0259lc\u0259 agentlikd\u0259 m\u00fcxbir, ba\u015f redaktor, 1997-2002-ci ill\u0259rd\u0259 ba\u015f direktorun birinci m\u00fcavini, 2002-2022-ci ill\u0259rd\u0259 ba\u015f direktor, \u0130dar\u0259 Hey\u0259tinin s\u0259dri i\u015fl\u0259yib. \u00a0Ulu \u00f6nd\u0259r Heyd\u0259r \u018fliyevin 1993-\u00e7\u00fc il iyunun 9-da xalq\u0131n t\u0259kidli t\u0259l\u0259bi il\u0259 Bak\u0131ya g\u0259l\u0259r\u0259k&hellip;","_links":{"self":[{"href":"https:\/\/arantv.az\/index.php?rest_route=\/wp\/v2\/posts\/573936"}],"collection":[{"href":"https:\/\/arantv.az\/index.php?rest_route=\/wp\/v2\/posts"}],"about":[{"href":"https:\/\/arantv.az\/index.php?rest_route=\/wp\/v2\/types\/post"}],"author":[{"embeddable":true,"href":"https:\/\/arantv.az\/index.php?rest_route=\/wp\/v2\/users\/2"}],"replies":[{"embeddable":true,"href":"https:\/\/arantv.az\/index.php?rest_route=%2Fwp%2Fv2%2Fcomments&post=573936"}],"version-history":[{"count":0,"href":"https:\/\/arantv.az\/index.php?rest_route=\/wp\/v2\/posts\/573936\/revisions"}],"wp:featuredmedia":[{"embeddable":true,"href":"https:\/\/arantv.az\/index.php?rest_route=\/wp\/v2\/media\/573937"}],"wp:attachment":[{"href":"https:\/\/arantv.az\/index.php?rest_route=%2Fwp%2Fv2%2Fmedia&parent=573936"}],"wp:term":[{"taxonomy":"category","embeddable":true,"href":"https:\/\/arantv.az\/index.php?rest_route=%2Fwp%2Fv2%2Fcategories&post=573936"},{"taxonomy":"post_tag","embeddable":true,"href":"https:\/\/arantv.az\/index.php?rest_route=%2Fwp%2Fv2%2Ftags&post=573936"}],"curies":[{"name":"wp","href":"https:\/\/api.w.org\/{rel}","templated":true}]}}