{"id":57508,"date":"2019-05-13T14:21:01","date_gmt":"2019-05-13T11:21:01","guid":{"rendered":"http:\/\/arantv.az\/?p=57508"},"modified":"2019-05-13T14:21:01","modified_gmt":"2019-05-13T11:21:01","slug":"v%c9%99kill%c9%99rin-intihar-etmis-elina-haciyeva-il%c9%99-bagli-b%c9%99yanati","status":"publish","type":"post","link":"https:\/\/arantv.az\/?p=57508","title":{"rendered":"V\u0259kill\u0259rin intihar etmi\u015f Elina Hac\u0131yeva il\u0259 ba\u011fl\u0131 B\u018fYANATI"},"content":{"rendered":"<p>162 sayl\u0131 m\u0259kt\u0259bin intihar etmi\u015f \u015fagirdi Elina Hac\u0131yevan\u0131n h\u00fcquqi varisi Sevil Hac\u0131yevan\u0131n v\u0259kill\u0259ri Sevinc \u018fliyeva, Az\u0259r Na\u011f\u0131yev v\u0259 Emin \u0130sayev birg\u0259 b\u0259yanat veribl\u0259r.<\/p>\n<p><strong>ARANTV.AZ<\/strong>-\u0131n m\u0259lumat\u0131na g\u00f6r\u0259, b\u0259yanatda deyilir:<\/p>\n<div id=\"AdviadNativeVideo0\" class=\"AdviadNativeVideo\"><\/div>\n<p>&#8220;M\u0259qal\u0259l\u0259rd\u0259 m\u0259rhum Elinan\u0131n n\u0259n\u0259si Solmaz \u018fl\u0259sg\u0259rovan\u0131n z\u0259r\u0259r\u00e7\u0259kmi\u015f \u015f\u0259xsin h\u00fcquqi varisi Sevil Hac\u0131yevan\u0131n h\u00fcquqlar\u0131n\u0131 m\u00fcdafi\u0259 ed\u0259n v\u0259kill\u0259rd\u0259n d\u0259 naraz\u0131 qald\u0131\u011f\u0131 bar\u0259d\u0259 m\u0259lumat verilm\u0259sini n\u0259z\u0259r\u0259 alaraq, m\u0259s\u0259l\u0259y\u0259 ayd\u0131nl\u0131q g\u0259tirm\u0259yi \u00f6z\u00fcm\u00fcz\u0259 borc bildik.<br \/>\n\u018fvv\u0259la, m\u0259s\u0259l\u0259y\u0259 bigan\u0259 qalmayan, i\u015fin gedi\u015fat\u0131ndan narahatl\u0131q ke\u00e7ir\u0259n v\u0259 \u0259dal\u0259tin yerini tapmas\u0131na \u00e7al\u0131\u015fan K\u0130V v\u0259 ictimaiyy\u0259t n\u00fcmay\u0259nd\u0259l\u0259rin\u0259 t\u0259\u015f\u0259kk\u00fcr\u00fcm\u00fcz\u00fc bildiririk.<br \/>\nDig\u0259r m\u0259s\u0259l\u0259l\u0259r\u0259 g\u0259linc\u0259 is\u0259, m\u0259qal\u0259d\u0259 ilk n\u00f6vb\u0259d\u0259 Xalid\u0259 Bayramovan\u0131n cinay\u0259t m\u0259suliyy\u0259tin\u0259 c\u0259lb edilm\u0259m\u0259si m\u0259s\u0259l\u0259sin\u0259 toxunulur. Pe\u015f\u0259kar h\u00fcquq\u015f\u00fcnaslar kimi b\u00fct\u00fcn m\u0259suliyy\u0259timizl\u0259 dey\u0259 bil\u0259rik ki, o \u015f\u0259xsin m\u0259hz cinay\u0259t m\u0259suliyy\u0259tin\u0259 c\u0259lb edilm\u0259si \u00fc\u00e7\u00fcn haz\u0131rda i\u015f \u00fczr\u0259 \u0259limizd\u0259 h\u0259r hans\u0131 bir \u0259sas v\u0259 s\u00fcbut yoxdur.<\/p>\n<p>M\u0259rhumun n\u0259n\u0259si Solmaz \u018fl\u0259sg\u0259rovan\u0131n bu c\u00fcr t\u0259l\u0259bl\u0259 \u00e7\u0131x\u0131\u015f etdiyini anlay\u0131\u015fla q\u0259bul edirik, lakin bildirm\u0259liyik ki, bizim f\u0259aliyy\u0259timiz qanun \u00e7\u0259r\u00e7iv\u0259sil\u0259 m\u0259hdudla\u015f\u0131r v\u0259 publikaya i\u015fl\u0259m\u0259k m\u0259qs\u0259dil\u0259 h\u00fcquqi \u0259sas olmadan h\u0259r hans\u0131 bir \u015f\u0259xsin cinay\u0259t m\u0259suliyy\u0259tin\u0259 c\u0259lb edilm\u0259m\u0259sini pozuntu kimi qiym\u0259tl\u0259ndir\u0259, h\u00fcquqa uy\u011fun olmayan b\u0259y\u0259natlar s\u0259sl\u0259ndir\u0259 bilm\u0259rik.<\/p>\n<p>Lakin buna \u0259sas ver\u0259n h\u0259r hans\u0131 hal\u0131 m\u00fc\u0259yy\u0259n etm\u0259y\u0259 m\u00fcv\u0259ff\u0259q oldu\u011fumuz halda tutdu\u011fu v\u0259zif\u0259d\u0259n as\u0131l\u0131 olmayaraq bu hadis\u0259d\u0259 t\u0259qsiri olan ist\u0259nil\u0259n \u015f\u0259xsin cinay\u0259t m\u0259suliyy\u0259tin\u0259 c\u0259lb edilm\u0259si \u00fc\u00e7\u00fcn \u0259limizd\u0259n g\u0259l\u0259ni \u0259sirg\u0259m\u0259y\u0259c\u0259yik. M\u0259qal\u0259d\u0259 yer alan &#8220;tramal&#8221; v\u0259 ya &#8220;tramadol&#8221; preparat\u0131n\u0131n m\u0259rhuma direktor t\u0259r\u0259find\u0259n verilm\u0259si m\u0259s\u0259l\u0259sin\u0259 g\u0259ldikd\u0259, t\u0259r\u0259fimizd\u0259n bu hal\u0131n ara\u015fd\u0131r\u0131lmas\u0131 m\u0259qs\u0259dil\u0259 m\u00fcvafiq v\u0259sat\u0259tl\u0259r haz\u0131rlan\u0131b v\u0259 ibtidai istintaqa t\u0259qdim edil\u0259c\u0259k&#8221;.<\/p>\n<p>Elinan\u0131n anas\u0131 Solmaz Hac\u0131yevan\u0131n i\u015f\u0259 c\u0259lb olunan iki v\u0259kilin h\u0259r\u0259k\u0259tsizliyi bar\u0259d\u0259 verdiyi m\u0259lumata g\u0259linc\u0259, bildirilib ki, onun bu c\u00fcr m\u00f6vqeyi v\u0259kill\u0259rd\u0259 t\u0259\u0259cc\u00fcb do\u011furub:&#8221;Biz m\u0259hz Sevil Hac\u0131yevan\u0131n v\u0259kill\u0259riyik. Sevil Hac\u0131yeva is\u0259 anas\u0131n\u0131n bu c\u00fcr fikird\u0259 oldu\u011funu \u00f6z\u00fc d\u0259 t\u0259\u0259cc\u00fcbl\u0259 qar\u015f\u0131lad\u0131\u011f\u0131n\u0131 v\u0259 h\u0259l\u0259 ki, bizim i\u015fimizd\u0259n naraz\u0131 olmad\u0131\u011f\u0131n\u0131 bildirir. Bundan ba\u015fqa, Solmaz Hac\u0131yeva i\u015f \u00fczr\u0259 \u015fahid statusunda oldu\u011fu \u00fc\u00e7\u00fcn bizim onunla tez-tez g\u00f6r\u00fc\u015f\u00fcb \u0259laq\u0259 saxlama\u011f\u0131m\u0131z, yaxud istintaq\u0131n gedi\u015fat\u0131 bar\u0259d\u0259 m\u0259lumat verm\u0259yimiz v\u0259kil etikas\u0131 v\u0259 v\u0259kil sirri bax\u0131m\u0131ndan da do\u011fru deyil.<\/p>\n<p>H\u0259m\u00e7inin, i\u015fin uzanmas\u0131 v\u0259 h\u0259l\u0259 ki, he\u00e7 bir h\u0259kimin m\u0259suliyy\u0259t\u0259 c\u0259lb olunmamas\u0131 bar\u0259d\u0259 fikirl\u0259rl\u0259 ba\u011fl\u0131 qeyd ed\u0259k ki, bildiyiniz kimi, hadis\u0259 4 aprel 2019-cu il tarixd\u0259 ba\u015f verib. Hadis\u0259d\u0259n c\u0259mi 1 ay 10 g\u00fcn m\u00fcdd\u0259tin ke\u00e7m\u0259sini n\u0259z\u0259r\u0259 alsaq, istintaq\u0131n uzanmas\u0131 bar\u0259d\u0259 h\u0259y\u0259can t\u0259bilini \u00e7almaq h\u0259l\u0259 tezdir.<\/p>\n<p>H\u0259kiml\u0259rin m\u0259suliyy\u0259t\u0259 c\u0259lb olunmas\u0131 m\u0259s\u0259l\u0259si is\u0259 i\u015f \u00fczr\u0259 t\u0259yin edilmi\u015f komisyon m\u0259hk\u0259m\u0259-tibb ekspertizas\u0131n\u0131n n\u0259tic\u0259l\u0259ri m\u0259lum olduqdan sonra qald\u0131r\u0131lacaq. Hesab edirik ki, m\u0259rhum Elinan\u0131n \u00f6l\u00fcm\u00fcnd\u0259 t\u0259qsiri s\u00fcbuta yetiril\u0259c\u0259k ist\u0259nil\u0259n \u015f\u0259xsin m\u0259suliyy\u0259tsiz qalmas\u0131 bu kimi faci\u0259l\u0259rin artmas\u0131na \u015f\u0259rait yaradacaq! Onu da qeyd ed\u0259k ki, indiy\u0259 kimi t\u0259r\u0259fimizd\u0259n istintaq orqan\u0131na bir s\u0131ra v\u0259sat\u0259tl\u0259r verilib v\u0259 bundan sonra da i\u015f \u00fczr\u0259 istintaq\u0131n d\u00fczg\u00fcn istiqam\u0259td\u0259 apar\u0131lmas\u0131 \u00fc\u00e7\u00fcn vacib hesab etdiyimiz v\u0259sat\u0259tl\u0259r istintaq orqan\u0131na t\u0259qdim edil\u0259c\u0259k. \u0130stintaq orqan\u0131na t\u0259r\u0259fimizd\u0259n verilib v\u0259 ya g\u0259l\u0259c\u0259kd\u0259 veril\u0259c\u0259k v\u0259sat\u0259tl\u0259r\u0259 q\u0259r\u0259zli m\u00f6vqe bildirildiyi, v\u0259sat\u0259tl\u0259rimiz \u0259sass\u0131z olaraq r\u0259dd edildiyi t\u0259qdird\u0259 bu bar\u0259d\u0259 d\u0259 t\u0259r\u0259fimizd\u0259n ictimaiyy\u0259t\u0259 geni\u015f m\u0259lumat veril\u0259c\u0259k.<\/p>\n<p>Biz d\u0259 ibtidai v\u0259 m\u0259hk\u0259m\u0259 istintaqlar\u0131n\u0131n \u0259dal\u0259tli apar\u0131lmas\u0131na \u00fcmid edir v\u0259 bu m\u0259s\u0259l\u0259nin diqq\u0259t m\u0259rk\u0259zind\u0259 saxlan\u0131lmas\u0131n\u0131 z\u0259ruri hesab edirik. \u018fks halda, bu i\u015fi Avropa \u0130nsan Haqlar\u0131 M\u0259hk\u0259m\u0259si s\u0259viyy\u0259sin\u0259 q\u0259d\u0259r aparaca\u011f\u0131m\u0131za s\u00f6z veririk. Lakin h\u0259l\u0259 ki, \u0259limizd\u0259 ciddi \u0259saslar olmadan publikaya oynamaq x\u0259trin\u0259 hans\u0131sa sensasiyal\u0131 \u00e7\u0131x\u0131\u015flar etm\u0259k, \u0259sass\u0131z ittihamlar ir\u0259li s\u00fcrm\u0259kd\u0259n uza\u011f\u0131q.<\/p>\n<p>B\u00fct\u00fcn m\u0259suliyy\u0259timizl\u0259 anlay\u0131r\u0131q ki, Elinan\u0131n v\u0259fat\u0131nda t\u0259qsiri olan \u015f\u0259xsl\u0259rin layiqli c\u0259za almas\u0131, m\u0259sum q\u0131zc\u0131\u011faz\u0131n \u00fczl\u0259\u015fdiyi faci\u0259nin t\u0259krarlanmamas\u0131na xidm\u0259t ed\u0259c\u0259k, \u0259ks v\u0259ziyy\u0259t is\u0259 g\u0259l\u0259c\u0259kd\u0259 onun kimi qurbanlar\u0131n olmas\u0131n\u0131 adi hala \u00e7evir\u0259c\u0259k&#8221;.News24.az<\/p>\n","protected":false},"excerpt":{"rendered":"<p>162 sayl\u0131 m\u0259kt\u0259bin intihar etmi\u015f \u015fagirdi Elina Hac\u0131yevan\u0131n h\u00fcquqi varisi Sevil Hac\u0131yevan\u0131n v\u0259kill\u0259ri Sevinc \u018fliyeva, Az\u0259r Na\u011f\u0131yev v\u0259 Emin \u0130sayev birg\u0259 b\u0259yanat veribl\u0259r. ARANTV.AZ-\u0131n m\u0259lumat\u0131na g\u00f6r\u0259, b\u0259yanatda deyilir: &#8220;M\u0259qal\u0259l\u0259rd\u0259 m\u0259rhum Elinan\u0131n n\u0259n\u0259si Solmaz \u018fl\u0259sg\u0259rovan\u0131n z\u0259r\u0259r\u00e7\u0259kmi\u015f \u015f\u0259xsin h\u00fcquqi varisi Sevil Hac\u0131yevan\u0131n h\u00fcquqlar\u0131n\u0131 m\u00fcdafi\u0259 ed\u0259n v\u0259kill\u0259rd\u0259n d\u0259 naraz\u0131 qald\u0131\u011f\u0131 bar\u0259d\u0259 m\u0259lumat verilm\u0259sini n\u0259z\u0259r\u0259 alaraq, m\u0259s\u0259l\u0259y\u0259 ayd\u0131nl\u0131q g\u0259tirm\u0259yi \u00f6z\u00fcm\u00fcz\u0259 borc bildik. \u018fvv\u0259la, m\u0259s\u0259l\u0259y\u0259 bigan\u0259 qalmayan, i\u015fin gedi\u015fat\u0131ndan narahatl\u0131q ke\u00e7ir\u0259n v\u0259 \u0259dal\u0259tin yerini tapmas\u0131na \u00e7al\u0131\u015fan K\u0130V v\u0259 ictimaiyy\u0259t n\u00fcmay\u0259nd\u0259l\u0259rin\u0259 t\u0259\u015f\u0259kk\u00fcr\u00fcm\u00fcz\u00fc bildiririk. Dig\u0259r m\u0259s\u0259l\u0259l\u0259r\u0259 g\u0259linc\u0259 is\u0259, m\u0259qal\u0259d\u0259 ilk n\u00f6vb\u0259d\u0259 Xalid\u0259 Bayramovan\u0131n cinay\u0259t m\u0259suliyy\u0259tin\u0259 c\u0259lb edilm\u0259m\u0259si&hellip;<\/p>\n","protected":false},"author":2,"featured_media":57509,"comment_status":"closed","ping_status":"closed","sticky":false,"template":"","format":"standard","meta":{"om_disable_all_campaigns":false,"_monsterinsights_skip_tracking":false,"_monsterinsights_sitenote_active":false,"_monsterinsights_sitenote_note":"","_monsterinsights_sitenote_category":0},"categories":[5],"tags":[],"aioseo_notices":[],"gutentor_comment":0,"rttpg_featured_image_url":{"full":["https:\/\/arantv.az\/wp-content\/uploads\/2019\/05\/1557745299_elina.jpg",549,366,false],"landscape":["https:\/\/arantv.az\/wp-content\/uploads\/2019\/05\/1557745299_elina.jpg",549,366,false],"portraits":["https:\/\/arantv.az\/wp-content\/uploads\/2019\/05\/1557745299_elina.jpg",549,366,false],"thumbnail":["https:\/\/arantv.az\/wp-content\/uploads\/2019\/05\/1557745299_elina-150x150.jpg",150,150,true],"medium":["https:\/\/arantv.az\/wp-content\/uploads\/2019\/05\/1557745299_elina-300x200.jpg",300,200,true],"large":["https:\/\/arantv.az\/wp-content\/uploads\/2019\/05\/1557745299_elina.jpg",549,366,false],"1536x1536":["https:\/\/arantv.az\/wp-content\/uploads\/2019\/05\/1557745299_elina.jpg",549,366,false],"2048x2048":["https:\/\/arantv.az\/wp-content\/uploads\/2019\/05\/1557745299_elina.jpg",549,366,false],"post-thumbnail":["https:\/\/arantv.az\/wp-content\/uploads\/2019\/05\/1557745299_elina-240x172.jpg",240,172,true],"advps-thumb-one":["https:\/\/arantv.az\/wp-content\/uploads\/2019\/05\/1557745299_elina.jpg",549,366,false]},"rttpg_author":{"display_name":"V\u00fcsal Rafiqo\u011flu","author_link":"https:\/\/arantv.az\/?author=2"},"rttpg_comment":0,"rttpg_category":"<a href=\"https:\/\/arantv.az\/?cat=5\" rel=\"category\">Hadis\u0259<\/a>","rttpg_excerpt":"162 sayl\u0131 m\u0259kt\u0259bin intihar etmi\u015f \u015fagirdi Elina Hac\u0131yevan\u0131n h\u00fcquqi varisi Sevil Hac\u0131yevan\u0131n v\u0259kill\u0259ri Sevinc \u018fliyeva, Az\u0259r Na\u011f\u0131yev v\u0259 Emin \u0130sayev birg\u0259 b\u0259yanat veribl\u0259r. ARANTV.AZ-\u0131n m\u0259lumat\u0131na g\u00f6r\u0259, b\u0259yanatda deyilir: &#8220;M\u0259qal\u0259l\u0259rd\u0259 m\u0259rhum Elinan\u0131n n\u0259n\u0259si Solmaz \u018fl\u0259sg\u0259rovan\u0131n z\u0259r\u0259r\u00e7\u0259kmi\u015f \u015f\u0259xsin h\u00fcquqi varisi Sevil Hac\u0131yevan\u0131n h\u00fcquqlar\u0131n\u0131 m\u00fcdafi\u0259 ed\u0259n v\u0259kill\u0259rd\u0259n d\u0259 naraz\u0131 qald\u0131\u011f\u0131 bar\u0259d\u0259 m\u0259lumat verilm\u0259sini n\u0259z\u0259r\u0259 alaraq, m\u0259s\u0259l\u0259y\u0259 ayd\u0131nl\u0131q g\u0259tirm\u0259yi&hellip;","_links":{"self":[{"href":"https:\/\/arantv.az\/index.php?rest_route=\/wp\/v2\/posts\/57508"}],"collection":[{"href":"https:\/\/arantv.az\/index.php?rest_route=\/wp\/v2\/posts"}],"about":[{"href":"https:\/\/arantv.az\/index.php?rest_route=\/wp\/v2\/types\/post"}],"author":[{"embeddable":true,"href":"https:\/\/arantv.az\/index.php?rest_route=\/wp\/v2\/users\/2"}],"replies":[{"embeddable":true,"href":"https:\/\/arantv.az\/index.php?rest_route=%2Fwp%2Fv2%2Fcomments&post=57508"}],"version-history":[{"count":0,"href":"https:\/\/arantv.az\/index.php?rest_route=\/wp\/v2\/posts\/57508\/revisions"}],"wp:featuredmedia":[{"embeddable":true,"href":"https:\/\/arantv.az\/index.php?rest_route=\/wp\/v2\/media\/57509"}],"wp:attachment":[{"href":"https:\/\/arantv.az\/index.php?rest_route=%2Fwp%2Fv2%2Fmedia&parent=57508"}],"wp:term":[{"taxonomy":"category","embeddable":true,"href":"https:\/\/arantv.az\/index.php?rest_route=%2Fwp%2Fv2%2Fcategories&post=57508"},{"taxonomy":"post_tag","embeddable":true,"href":"https:\/\/arantv.az\/index.php?rest_route=%2Fwp%2Fv2%2Ftags&post=57508"}],"curies":[{"name":"wp","href":"https:\/\/api.w.org\/{rel}","templated":true}]}}