{"id":57517,"date":"2019-05-13T14:25:21","date_gmt":"2019-05-13T11:25:21","guid":{"rendered":"http:\/\/arantv.az\/?p=57517"},"modified":"2019-05-13T14:25:21","modified_gmt":"2019-05-13T11:25:21","slug":"vuqar-r%c9%99himzad%c9%99-q%c9%99rbin-b%c9%99zi-dair%c9%99l%c9%99rinin-bu-%c9%99n%c9%99n%c9%99si-biz%c9%99-yaxsi-tanisdir","status":"publish","type":"post","link":"https:\/\/arantv.az\/?p=57517","title":{"rendered":"V\u00fcqar R\u0259himzad\u0259: &#8220;Q\u0259rbin b\u0259zi dair\u0259l\u0259rinin bu \u201c\u0259n\u0259n\u0259si\u201d biz\u0259 yax\u015f\u0131 tan\u0131\u015fd\u0131r&#8221;"},"content":{"rendered":"<p>&#8220;Sabitlik, t\u0259hl\u00fck\u0259sizlik v\u0259 inki\u015faf bug\u00fcnk\u00fc Az\u0259rbaycan\u0131n reall\u0131qlar\u0131n\u0131 \u0259ks etdir\u0259n \u0259sas amill\u0259rd\u0259ndir. T\u0259bii ki, biz bu s\u00f6zl\u0259ri \u00f6z-\u00f6z\u00fcm\u00fcz\u0259 demirik. Bu g\u00f6st\u0259ricil\u0259r n\u00fcfuzlu beyn\u0259lxalq t\u0259\u015fkilatlar\u0131n hesabatlar\u0131nda, ayr\u0131-ayr\u0131 xarici siyas\u0259t\u00e7il\u0259rin, ictimai xadiml\u0259rin dilind\u0259n s\u0259sl\u0259nir, b\u0259yan edilir. B\u0259li, bu g\u00fcn \u00f6lk\u0259miz \u00f6z ictimai-siyasi sabitliyi, daxili t\u0259hl\u00fck\u0259sizliyi v\u0259 dinamik inki\u015faf\u0131 il\u0259 d\u00fcnyaya n\u00fcmun\u0259 g\u00f6st\u0259rilir. S\u00f6zs\u00fcz ki, sabitlik v\u0259 t\u0259hl\u00fck\u0259sizlik olmadan hans\u0131sa inki\u015fafdan dan\u0131\u015fmaq m\u00fcmk\u00fcn deyil. Az\u0259rbaycandak\u0131 sabitlik v\u0259 t\u0259hl\u00fck\u0259sizlik beyn\u0259lxalq birlik \u00fc\u00e7\u00fcn d\u0259 c\u0259lbedicidir. T\u0259sad\u00fcfi deyil ki, son ill\u0259rd\u0259 \u00f6lk\u0259miz &#8220;Eurovision&#8221; mahn\u0131 m\u00fcsabiq\u0259sin\u0259, Birinci Avropa Oyunlar\u0131na, IV \u0130slam H\u0259mr\u0259yliyi Oyunlar\u0131na, Formula 1 \u00fczr\u0259 Az\u0259rbaycan Qran-Prisin\u0259 v\u0259 s. bu kimi m\u00fch\u00fcm t\u0259dbirl\u0259r\u0259 ev sahibliyi edib v\u0259 bu i\u015fin \u00f6hd\u0259sind\u0259n layiqinc\u0259 g\u0259lib&#8221;.<\/p>\n<p><strong>ARANTV.AZ<\/strong> bildirir ki, bu fikirl\u0259ri K\u0130V-\u0259 a\u00e7\u0131qlamas\u0131nda YAP Siyasi \u015euras\u0131n\u0131n \u00fczv\u00fc, &#8220;\u0130ki sahil&#8221; q\u0259zetinin ba\u015f redaktoru\u00a0<strong>V\u00fcqar R\u0259himzad\u0259<\/strong>\u00a0deyib.<\/p>\n<p>V\u00fcqar R\u0259himzad\u0259 bildirib ki, may\u0131n 29-da UEFA Avropa Liqas\u0131n\u0131n Bak\u0131da ke\u00e7iril\u0259c\u0259k final oyunu m\u00fch\u00fcm idman hadis\u0259si olmaqla yana\u015f\u0131, \u00f6lk\u0259miz\u0259 olan inam v\u0259 etimad\u0131n \u0259sas g\u00f6st\u0259ricisidir: &#8220;Qeyd etdiyimiz kimi, \u00f6lk\u0259mizin m\u00fch\u00fcm beyn\u0259lxalq, x\u00fcsusil\u0259 idman t\u0259dbirl\u0259rinin ke\u00e7irilm\u0259si il\u0259 ba\u011fl\u0131 z\u0259ngin t\u0259cr\u00fcb\u0259si var. \u00c7ox t\u0259\u0259ss\u00fcf ki, bu \u0259lam\u0259tdar hadis\u0259 \u0259r\u0259f\u0259sind\u0259 B\u00f6y\u00fck Britaniya Xarici \u0130\u015fl\u0259r Nazirliyi Az\u0259rbaycana aid s\u0259yah\u0259t &#8220;t\u00f6vsiy\u0259l\u0259ri&#8221; yay\u0131b v\u0259 dig\u0259r q\u0259r\u0259zli dair\u0259l\u0259r \u00e7irkin kampaniya apar\u0131rlar. Biz ist\u0259r Birinci Avropa Oyunlar\u0131, ist\u0259r IV \u0130slam H\u0259mr\u0259yliyi Oyunlar\u0131, ist\u0259rs\u0259 d\u0259 Formula 1 \u00fczr\u0259 Az\u0259rbaycan Qran-Prisi zaman\u0131 anti-Az\u0259rbaycan dair\u0259l\u0259rin bu c\u00fcr q\u0259r\u0259zli, nad\u00fcr\u00fcst t\u0259bli\u011fatlar\u0131n\u0131n \u015fahidi olmu\u015fuq. Bu m\u0259nada Q\u0259rbin b\u0259zi dair\u0259l\u0259rinin bu &#8220;\u0259n\u0259n\u0259si&#8221; biz\u0259 yax\u015f\u0131 tan\u0131\u015fd\u0131r. Ancaq Az\u0259rbaycan xalq\u0131 v\u0259 h\u00f6k\u00fcm\u0259ti bu c\u00fcr hadis\u0259l\u0259r zaman\u0131 h\u0259r zaman \u00f6z haql\u0131 m\u00f6vqeyini bildirib v\u0259 bel\u0259 q\u0259r\u0259zli \u00fcns\u00fcrl\u0259ri yerind\u0259 oturtma\u011f\u0131 bacar\u0131b&#8221;.<\/p>\n<p>&#8220;\u0130ki sahil&#8221; q\u0259zetinin ba\u015f redaktoru vur\u011fulay\u0131b ki, anti-Az\u0259rbaycan dair\u0259l\u0259rin \u00f6lk\u0259miz\u0259 qar\u015f\u0131 ir\u0259li s\u00fcrd\u00fcy\u00fc iddialar\u0131n he\u00e7 bir \u0259sas\u0131 yoxdur: &#8220;Guya \u00f6lk\u0259mizd\u0259 qanunun aliliyi, insan h\u00fcquq v\u0259 azadl\u0131qlar\u0131 y\u00fcks\u0259k s\u0259viyy\u0259d\u0259 t\u0259min edilmir, viza rejimi il\u0259 ba\u011fl\u0131 probleml\u0259r var, &#8220;Arsenal&#8221; futbol klubunun erm\u0259ni \u0259silli oyun\u00e7usu Genrix Mxitaryan\u0131n \u00f6lk\u0259miz\u0259 g\u0259lm\u0259si il\u0259 ba\u011fl\u0131 narahatl\u0131qlar var v\u0259 s. bu kimi yersiz v\u0259 m\u0259ntiqsiz iddialar c\u0259f\u0259ngiyatdan ba\u015fqa bir \u015fey deyil. Az\u0259rbaycanda qanunun aliliyi, insan h\u00fcquq v\u0259 azadl\u0131qlar\u0131 \u0259n y\u00fcks\u0259k s\u0259viyy\u0259d\u0259 t\u0259min edilir. Bu, reall\u0131qd\u0131r. Art\u0131q uzun m\u00fcdd\u0259tdir ki, xarici turistl\u0259rin \u00f6lk\u0259miz\u0259 rahat g\u0259lib getm\u0259l\u0259ri \u00fc\u00e7\u00fcn &#8220;ASAN viza&#8221; sistemi t\u0259tbiq edilir. O ki qald\u0131 erm\u0259ni \u0259silli oyun\u00e7uya, Az\u0259rbaycana m\u00fcxt\u0259lif vaxtlarda, beyn\u0259lxalq idman yar\u0131\u015flar\u0131 \u00e7\u0259r\u00e7iv\u0259sind\u0259 erm\u0259ni idman\u00e7\u0131lar g\u0259lib v\u0259 onlar\u0131n t\u0259hl\u00fck\u0259sizliyi \u0259n y\u00fcks\u0259k s\u0259viyy\u0259d\u0259 qorunub. G\u00f6r\u00fcnd\u00fcy\u00fc kimi, bu kimi q\u0259r\u0259zli iddialar\u0131n he\u00e7 bir \u0259sas\u0131 yoxdur&#8221;.<\/p>\n<p>V\u00fcqar R\u0259himzad\u0259 \u0259lav\u0259 edib ki, Az\u0259rbaycan\u0131 sabitlik v\u0259 t\u0259hl\u00fck\u0259sizliyin olmamas\u0131nda ittiham etm\u0259y\u0259 \u00e7al\u0131\u015fan dair\u0259l\u0259r d\u00f6n\u00fcb \u00f6zl\u0259rin\u0259 baxsalar daha yax\u015f\u0131 olar: &#8220;Biz zaman-zaman Avropada terror hadis\u0259l\u0259rinin, qanl\u0131 toqqu\u015fmalar\u0131n ba\u015f verdiyini m\u00fc\u015fahid\u0259 edirik. Futbol oyunlar\u0131nda is\u0259 ingilis azarke\u015fl\u0259r d\u00fcnyada \u00f6z &#8220;\u015f\u0131ltaql\u0131qlar\u0131&#8221; il\u0259 tan\u0131n\u0131rlar. B\u00fct\u00fcn bunlara baxmayaraq \u00f6lk\u0259miz UEFA Avropa Liqas\u0131n\u0131n Bak\u0131da ke\u00e7iril\u0259c\u0259k final oyununa ciddi \u015f\u0259kild\u0259 haz\u0131rla\u015f\u0131r. Hesab edir\u0259m ki, bu m\u00fch\u00fcm idman yar\u0131\u015f\u0131 y\u00fcks\u0259k s\u0259viyy\u0259d\u0259 ba\u015f tutacaq v\u0259 beyn\u0259lxalq arenada \u00f6lk\u0259mizin imicini l\u0259k\u0259l\u0259m\u0259y\u0259 \u00e7al\u0131\u015fan anti-Az\u0259rbaycan dair\u0259l\u0259r h\u0259mi\u015f\u0259 oldu\u011fu kimi, bu d\u0259f\u0259 d\u0259 \u00f6z \u00e7irkin niyy\u0259tl\u0259rin\u0259 \u00e7ata bilm\u0259y\u0259c\u0259kl\u0259r&#8221;.milli.az<\/p>\n","protected":false},"excerpt":{"rendered":"<p>&#8220;Sabitlik, t\u0259hl\u00fck\u0259sizlik v\u0259 inki\u015faf bug\u00fcnk\u00fc Az\u0259rbaycan\u0131n reall\u0131qlar\u0131n\u0131 \u0259ks etdir\u0259n \u0259sas amill\u0259rd\u0259ndir. T\u0259bii ki, biz bu s\u00f6zl\u0259ri \u00f6z-\u00f6z\u00fcm\u00fcz\u0259 demirik. Bu g\u00f6st\u0259ricil\u0259r n\u00fcfuzlu beyn\u0259lxalq t\u0259\u015fkilatlar\u0131n hesabatlar\u0131nda, ayr\u0131-ayr\u0131 xarici siyas\u0259t\u00e7il\u0259rin, ictimai xadiml\u0259rin dilind\u0259n s\u0259sl\u0259nir, b\u0259yan edilir. B\u0259li, bu g\u00fcn \u00f6lk\u0259miz \u00f6z ictimai-siyasi sabitliyi, daxili t\u0259hl\u00fck\u0259sizliyi v\u0259 dinamik inki\u015faf\u0131 il\u0259 d\u00fcnyaya n\u00fcmun\u0259 g\u00f6st\u0259rilir. S\u00f6zs\u00fcz ki, sabitlik v\u0259 t\u0259hl\u00fck\u0259sizlik olmadan hans\u0131sa inki\u015fafdan dan\u0131\u015fmaq m\u00fcmk\u00fcn deyil. Az\u0259rbaycandak\u0131 sabitlik v\u0259 t\u0259hl\u00fck\u0259sizlik beyn\u0259lxalq birlik \u00fc\u00e7\u00fcn d\u0259 c\u0259lbedicidir. T\u0259sad\u00fcfi deyil ki, son ill\u0259rd\u0259 \u00f6lk\u0259miz &#8220;Eurovision&#8221; mahn\u0131 m\u00fcsabiq\u0259sin\u0259, Birinci Avropa Oyunlar\u0131na, IV \u0130slam H\u0259mr\u0259yliyi Oyunlar\u0131na, Formula 1 \u00fczr\u0259 Az\u0259rbaycan Qran-Prisin\u0259&hellip;<\/p>\n","protected":false},"author":2,"featured_media":57519,"comment_status":"closed","ping_status":"closed","sticky":false,"template":"","format":"standard","meta":{"om_disable_all_campaigns":false,"_monsterinsights_skip_tracking":false,"_monsterinsights_sitenote_active":false,"_monsterinsights_sitenote_note":"","_monsterinsights_sitenote_category":0},"categories":[4],"tags":[],"aioseo_notices":[],"gutentor_comment":0,"rttpg_featured_image_url":{"full":["https:\/\/arantv.az\/wp-content\/uploads\/2019\/05\/754466.jpg",800,600,false],"landscape":["https:\/\/arantv.az\/wp-content\/uploads\/2019\/05\/754466.jpg",800,600,false],"portraits":["https:\/\/arantv.az\/wp-content\/uploads\/2019\/05\/754466.jpg",800,600,false],"thumbnail":["https:\/\/arantv.az\/wp-content\/uploads\/2019\/05\/754466-150x150.jpg",150,150,true],"medium":["https:\/\/arantv.az\/wp-content\/uploads\/2019\/05\/754466-300x225.jpg",300,225,true],"large":["https:\/\/arantv.az\/wp-content\/uploads\/2019\/05\/754466.jpg",640,480,false],"1536x1536":["https:\/\/arantv.az\/wp-content\/uploads\/2019\/05\/754466.jpg",800,600,false],"2048x2048":["https:\/\/arantv.az\/wp-content\/uploads\/2019\/05\/754466.jpg",800,600,false],"post-thumbnail":["https:\/\/arantv.az\/wp-content\/uploads\/2019\/05\/754466-240x172.jpg",240,172,true],"advps-thumb-one":["https:\/\/arantv.az\/wp-content\/uploads\/2019\/05\/754466.jpg",800,600,false]},"rttpg_author":{"display_name":"V\u00fcsal Rafiqo\u011flu","author_link":"https:\/\/arantv.az\/?author=2"},"rttpg_comment":0,"rttpg_category":"<a href=\"https:\/\/arantv.az\/?cat=4\" rel=\"category\">Siyas\u0259t<\/a>","rttpg_excerpt":"&#8220;Sabitlik, t\u0259hl\u00fck\u0259sizlik v\u0259 inki\u015faf bug\u00fcnk\u00fc Az\u0259rbaycan\u0131n reall\u0131qlar\u0131n\u0131 \u0259ks etdir\u0259n \u0259sas amill\u0259rd\u0259ndir. T\u0259bii ki, biz bu s\u00f6zl\u0259ri \u00f6z-\u00f6z\u00fcm\u00fcz\u0259 demirik. Bu g\u00f6st\u0259ricil\u0259r n\u00fcfuzlu beyn\u0259lxalq t\u0259\u015fkilatlar\u0131n hesabatlar\u0131nda, ayr\u0131-ayr\u0131 xarici siyas\u0259t\u00e7il\u0259rin, ictimai xadiml\u0259rin dilind\u0259n s\u0259sl\u0259nir, b\u0259yan edilir. B\u0259li, bu g\u00fcn \u00f6lk\u0259miz \u00f6z ictimai-siyasi sabitliyi, daxili t\u0259hl\u00fck\u0259sizliyi v\u0259 dinamik inki\u015faf\u0131 il\u0259 d\u00fcnyaya n\u00fcmun\u0259 g\u00f6st\u0259rilir. S\u00f6zs\u00fcz ki, sabitlik v\u0259 t\u0259hl\u00fck\u0259sizlik olmadan&hellip;","_links":{"self":[{"href":"https:\/\/arantv.az\/index.php?rest_route=\/wp\/v2\/posts\/57517"}],"collection":[{"href":"https:\/\/arantv.az\/index.php?rest_route=\/wp\/v2\/posts"}],"about":[{"href":"https:\/\/arantv.az\/index.php?rest_route=\/wp\/v2\/types\/post"}],"author":[{"embeddable":true,"href":"https:\/\/arantv.az\/index.php?rest_route=\/wp\/v2\/users\/2"}],"replies":[{"embeddable":true,"href":"https:\/\/arantv.az\/index.php?rest_route=%2Fwp%2Fv2%2Fcomments&post=57517"}],"version-history":[{"count":0,"href":"https:\/\/arantv.az\/index.php?rest_route=\/wp\/v2\/posts\/57517\/revisions"}],"wp:featuredmedia":[{"embeddable":true,"href":"https:\/\/arantv.az\/index.php?rest_route=\/wp\/v2\/media\/57519"}],"wp:attachment":[{"href":"https:\/\/arantv.az\/index.php?rest_route=%2Fwp%2Fv2%2Fmedia&parent=57517"}],"wp:term":[{"taxonomy":"category","embeddable":true,"href":"https:\/\/arantv.az\/index.php?rest_route=%2Fwp%2Fv2%2Fcategories&post=57517"},{"taxonomy":"post_tag","embeddable":true,"href":"https:\/\/arantv.az\/index.php?rest_route=%2Fwp%2Fv2%2Ftags&post=57517"}],"curies":[{"name":"wp","href":"https:\/\/api.w.org\/{rel}","templated":true}]}}