{"id":57521,"date":"2019-05-13T14:26:22","date_gmt":"2019-05-13T11:26:22","guid":{"rendered":"http:\/\/arantv.az\/?p=57521"},"modified":"2019-05-13T14:26:22","modified_gmt":"2019-05-13T11:26:22","slug":"mill%c9%99t-v%c9%99kili-prezidentin-%c9%99trafinda-birl%c9%99s%c9%99r%c9%99k-qarabagi-azad-etm%c9%99k-lazimdir","status":"publish","type":"post","link":"https:\/\/arantv.az\/?p=57521","title":{"rendered":"Mill\u0259t v\u0259kili: Prezidentin \u0259traf\u0131nda birl\u0259\u015f\u0259r\u0259k, Qaraba\u011f\u0131 azad etm\u0259k laz\u0131md\u0131r"},"content":{"rendered":"<p>Nikol Pa\u015finyan\u0131n Az\u0259rbaycan\u0131n i\u015f\u011fal olunmu\u015f Da\u011fl\u0131q Qaraba\u011f \u0259razisin\u0259 s\u0259f\u0259r etm\u0259si, Xank\u0259ndid\u0259 v\u0259 \u015eu\u015fada olmas\u0131 beyn\u0259lxalq h\u00fcquq normalar\u0131n\u0131n kobud sur\u0259td\u0259 pozulmas\u0131d\u0131r.<\/p>\n<p>Bu, eyni zamanda, m\u00f6vcud dan\u0131\u015f\u0131qlar prosesinin prinsipl\u0259rin\u0259 d\u0259 ziddir.<\/p>\n<p><b>ARANTV.AZ\u00a0<\/b>x\u0259b\u0259r verir ki, bu fikirl\u0259ri Milli M\u0259clisin komit\u0259 s\u0259drinin m\u00fcavini Rauf \u018fliyev deyib.<\/p>\n<div id=\"AdviadNativeVideo0\" class=\"AdviadNativeVideo\"><\/div>\n<p>\u201cHaz\u0131rda Erm\u0259nistanda sosial-iqtisadi v\u0259ziyy\u0259t \u00e7ox a\u011f\u0131rd\u0131r. \u0130ndiki hakimiyy\u0259tl\u0259 ke\u00e7mi\u015f r\u0259hb\u0259rlik aras\u0131nda \u00e7\u0259ki\u015fm\u0259l\u0259r davam edir\u201d, &#8211; dey\u0259n mill\u0259t v\u0259kilinin s\u00f6zl\u0259rin\u0259 g\u00f6r\u0259, Pa\u015finyan siyasi opponentl\u0259rinin \u00e7oxunu h\u0259bs\u0259 atd\u0131r\u0131b.<\/p>\n<p>\u201cErm\u0259nistan\u0131n indiki bu ac\u0131nacaql\u0131 v\u0259ziyy\u0259tin\u0259 baxmayaraq, m\u00fcxalif\u0259t hakimiyy\u0259tl\u0259 \u00fcmummilli m\u0259s\u0259l\u0259l\u0259rd\u0259, x\u00fcsusil\u0259 Qaraba\u011f m\u0259s\u0259l\u0259sind\u0259 bir oldu\u011funu d\u00fcnyaya n\u00fcmayi\u015f etdirir. Onlar Qaraba\u011f\u0131n r\u0259mzi say\u0131lan \u015eu\u015fan\u0131n i\u015f\u011fal g\u00fcn\u00fcn\u00fc \u015f\u0259nlik t\u0259dbirl\u0259ri il\u0259 qeyd etdil\u0259r. Erm\u0259nil\u0259rin i\u015f\u011fal etdikl\u0259ri torpaqlar q\u0259dim Az\u0259rbaycan torpaqlar\u0131d\u0131r.<\/p>\n<p>Haz\u0131rda erm\u0259ni \u0259sirliyind\u0259 olan y\u00fczl\u0259rl\u0259 Az\u0259rbaycan \u00f6vlad\u0131n\u0131 nec\u0259 yaddan \u00e7\u0131xarmaq olar? Bu hadis\u0259l\u0259ri k\u0259nardan sad\u0259c\u0259 olaraq seyr etm\u0259k olmaz. H\u0259r k\u0259s \u00f6z sah\u0259sind\u0259 bu m\u00fcnaqi\u015f\u0259nin tezlikl\u0259 h\u0259ll edilm\u0259sin\u0259 \u00f6z t\u00f6hf\u0259sini verm\u0259lidir.<\/p>\n<p>Az\u0259rbaycan haz\u0131rda prezident\u00a0<strong>\u0130lham \u018fliyev<\/strong>in r\u0259hb\u0259rliyi il\u0259 h\u0259yata ke\u00e7iril\u0259n d\u00fc\u015f\u00fcn\u00fclm\u00fc\u015f siyas\u0259t n\u0259tic\u0259sind\u0259 d\u00fcnyada \u0259n s\u00fcr\u0259tl\u0259 inki\u015faf ed\u0259n \u00f6lk\u0259l\u0259rd\u0259n birin\u0259 \u00e7evrilib. Az\u0259rbaycan\u0131n beyn\u0259lxalq n\u00fcfuzu durmadan art\u0131r.<\/p>\n<p>\u0130ndiki zamanda c\u0259nab prezidentin \u0259traf\u0131nda daha s\u0131x birl\u0259\u015f\u0259r\u0259k Az\u0259rbaycan\u0131n qar\u015f\u0131s\u0131nda duran yegan\u0259 problem olan Erm\u0259nistan &#8211; Az\u0259rbaycan m\u00fcnaqi\u015f\u0259sinin h\u0259ll edilm\u0259sin\u0259 nail olmaq, torpaqlar\u0131m\u0131z\u0131 i\u015f\u011faldan azad etm\u0259k laz\u0131md\u0131r.<\/p>\n<p>Bu v\u0259zif\u0259 d\u00fcnyada ya\u015fayan h\u0259r bir az\u0259rbaycanl\u0131n\u0131n m\u00fcq\u0259dd\u0259s v\u0259zif\u0259sidir\u201d, &#8211; dey\u0259\u00a0mill\u0259t v\u0259kili \u0259lav\u0259 edib.oxu.az<\/p>\n","protected":false},"excerpt":{"rendered":"<p>Nikol Pa\u015finyan\u0131n Az\u0259rbaycan\u0131n i\u015f\u011fal olunmu\u015f Da\u011fl\u0131q Qaraba\u011f \u0259razisin\u0259 s\u0259f\u0259r etm\u0259si, Xank\u0259ndid\u0259 v\u0259 \u015eu\u015fada olmas\u0131 beyn\u0259lxalq h\u00fcquq normalar\u0131n\u0131n kobud sur\u0259td\u0259 pozulmas\u0131d\u0131r. Bu, eyni zamanda, m\u00f6vcud dan\u0131\u015f\u0131qlar prosesinin prinsipl\u0259rin\u0259 d\u0259 ziddir. ARANTV.AZ\u00a0x\u0259b\u0259r verir ki, bu fikirl\u0259ri Milli M\u0259clisin komit\u0259 s\u0259drinin m\u00fcavini Rauf \u018fliyev deyib. \u201cHaz\u0131rda Erm\u0259nistanda sosial-iqtisadi v\u0259ziyy\u0259t \u00e7ox a\u011f\u0131rd\u0131r. \u0130ndiki hakimiyy\u0259tl\u0259 ke\u00e7mi\u015f r\u0259hb\u0259rlik aras\u0131nda \u00e7\u0259ki\u015fm\u0259l\u0259r davam edir\u201d, &#8211; dey\u0259n mill\u0259t v\u0259kilinin s\u00f6zl\u0259rin\u0259 g\u00f6r\u0259, Pa\u015finyan siyasi opponentl\u0259rinin \u00e7oxunu h\u0259bs\u0259 atd\u0131r\u0131b. \u201cErm\u0259nistan\u0131n indiki bu ac\u0131nacaql\u0131 v\u0259ziyy\u0259tin\u0259 baxmayaraq, m\u00fcxalif\u0259t hakimiyy\u0259tl\u0259 \u00fcmummilli m\u0259s\u0259l\u0259l\u0259rd\u0259, x\u00fcsusil\u0259 Qaraba\u011f m\u0259s\u0259l\u0259sind\u0259 bir oldu\u011funu d\u00fcnyaya n\u00fcmayi\u015f etdirir. Onlar Qaraba\u011f\u0131n r\u0259mzi say\u0131lan&hellip;<\/p>\n","protected":false},"author":2,"featured_media":57522,"comment_status":"closed","ping_status":"closed","sticky":false,"template":"","format":"standard","meta":{"om_disable_all_campaigns":false,"_monsterinsights_skip_tracking":false,"_monsterinsights_sitenote_active":false,"_monsterinsights_sitenote_note":"","_monsterinsights_sitenote_category":0},"categories":[4],"tags":[],"aioseo_notices":[],"gutentor_comment":0,"rttpg_featured_image_url":{"full":["https:\/\/arantv.az\/wp-content\/uploads\/2019\/05\/Rauf-Aliyev-1.jpg",620,443,false],"landscape":["https:\/\/arantv.az\/wp-content\/uploads\/2019\/05\/Rauf-Aliyev-1.jpg",620,443,false],"portraits":["https:\/\/arantv.az\/wp-content\/uploads\/2019\/05\/Rauf-Aliyev-1.jpg",620,443,false],"thumbnail":["https:\/\/arantv.az\/wp-content\/uploads\/2019\/05\/Rauf-Aliyev-1-150x150.jpg",150,150,true],"medium":["https:\/\/arantv.az\/wp-content\/uploads\/2019\/05\/Rauf-Aliyev-1-300x214.jpg",300,214,true],"large":["https:\/\/arantv.az\/wp-content\/uploads\/2019\/05\/Rauf-Aliyev-1.jpg",620,443,false],"1536x1536":["https:\/\/arantv.az\/wp-content\/uploads\/2019\/05\/Rauf-Aliyev-1.jpg",620,443,false],"2048x2048":["https:\/\/arantv.az\/wp-content\/uploads\/2019\/05\/Rauf-Aliyev-1.jpg",620,443,false],"post-thumbnail":["https:\/\/arantv.az\/wp-content\/uploads\/2019\/05\/Rauf-Aliyev-1-240x172.jpg",240,172,true],"advps-thumb-one":["https:\/\/arantv.az\/wp-content\/uploads\/2019\/05\/Rauf-Aliyev-1.jpg",620,443,false]},"rttpg_author":{"display_name":"V\u00fcsal Rafiqo\u011flu","author_link":"https:\/\/arantv.az\/?author=2"},"rttpg_comment":0,"rttpg_category":"<a href=\"https:\/\/arantv.az\/?cat=4\" rel=\"category\">Siyas\u0259t<\/a>","rttpg_excerpt":"Nikol Pa\u015finyan\u0131n Az\u0259rbaycan\u0131n i\u015f\u011fal olunmu\u015f Da\u011fl\u0131q Qaraba\u011f \u0259razisin\u0259 s\u0259f\u0259r etm\u0259si, Xank\u0259ndid\u0259 v\u0259 \u015eu\u015fada olmas\u0131 beyn\u0259lxalq h\u00fcquq normalar\u0131n\u0131n kobud sur\u0259td\u0259 pozulmas\u0131d\u0131r. Bu, eyni zamanda, m\u00f6vcud dan\u0131\u015f\u0131qlar prosesinin prinsipl\u0259rin\u0259 d\u0259 ziddir. ARANTV.AZ\u00a0x\u0259b\u0259r verir ki, bu fikirl\u0259ri Milli M\u0259clisin komit\u0259 s\u0259drinin m\u00fcavini Rauf \u018fliyev deyib. \u201cHaz\u0131rda Erm\u0259nistanda sosial-iqtisadi v\u0259ziyy\u0259t \u00e7ox a\u011f\u0131rd\u0131r. \u0130ndiki hakimiyy\u0259tl\u0259 ke\u00e7mi\u015f r\u0259hb\u0259rlik aras\u0131nda \u00e7\u0259ki\u015fm\u0259l\u0259r davam&hellip;","_links":{"self":[{"href":"https:\/\/arantv.az\/index.php?rest_route=\/wp\/v2\/posts\/57521"}],"collection":[{"href":"https:\/\/arantv.az\/index.php?rest_route=\/wp\/v2\/posts"}],"about":[{"href":"https:\/\/arantv.az\/index.php?rest_route=\/wp\/v2\/types\/post"}],"author":[{"embeddable":true,"href":"https:\/\/arantv.az\/index.php?rest_route=\/wp\/v2\/users\/2"}],"replies":[{"embeddable":true,"href":"https:\/\/arantv.az\/index.php?rest_route=%2Fwp%2Fv2%2Fcomments&post=57521"}],"version-history":[{"count":0,"href":"https:\/\/arantv.az\/index.php?rest_route=\/wp\/v2\/posts\/57521\/revisions"}],"wp:featuredmedia":[{"embeddable":true,"href":"https:\/\/arantv.az\/index.php?rest_route=\/wp\/v2\/media\/57522"}],"wp:attachment":[{"href":"https:\/\/arantv.az\/index.php?rest_route=%2Fwp%2Fv2%2Fmedia&parent=57521"}],"wp:term":[{"taxonomy":"category","embeddable":true,"href":"https:\/\/arantv.az\/index.php?rest_route=%2Fwp%2Fv2%2Fcategories&post=57521"},{"taxonomy":"post_tag","embeddable":true,"href":"https:\/\/arantv.az\/index.php?rest_route=%2Fwp%2Fv2%2Ftags&post=57521"}],"curies":[{"name":"wp","href":"https:\/\/api.w.org\/{rel}","templated":true}]}}