{"id":57524,"date":"2019-05-13T14:29:30","date_gmt":"2019-05-13T11:29:30","guid":{"rendered":"http:\/\/arantv.az\/?p=57524"},"modified":"2019-05-13T14:29:30","modified_gmt":"2019-05-13T11:29:30","slug":"r%c9%99smi-bakinin-gozu-brusseld%c9%99-qarabag-ucun-muhum-danisiqlar-baslayir","status":"publish","type":"post","link":"https:\/\/arantv.az\/?p=57524","title":{"rendered":"R\u0259smi Bak\u0131n\u0131n g\u00f6z\u00fc Br\u00fcsseld\u0259: Qaraba\u011f \u00fc\u00e7\u00fcn m\u00fch\u00fcm dan\u0131\u015f\u0131qlar ba\u015flay\u0131r"},"content":{"rendered":"<p>Bu g\u00fcn &#8211; may\u0131n 13-d\u0259 Br\u00fcsseld\u0259 Avropa Birliyinin (AB) 2009-cu ild\u0259 \u0259sas\u0131 qoyulmu\u015f &#8220;\u015e\u0259rq t\u0259r\u0259fda\u015fl\u0131\u011f\u0131&#8221; proqram\u0131na \u00fczv \u00f6lk\u0259l\u0259rin yubiley sammiti ba\u015flay\u0131r.<\/p>\n<p><b>ARANTV.AZ\u00a0<\/b> musavat.com-a istinad\u0259n x\u0259b\u0259r verir ki, 2 g\u00fcn \u00e7\u0259k\u0259c\u0259k toplant\u0131ya 6 \u00f6lk\u0259nin &#8211; Az\u0259rbaycan, G\u00fcrc\u00fcstan, Erm\u0259nistan, Moldova, Ukrayna v\u0259 Belarusun r\u0259hb\u0259rl\u0259ri d\u0259v\u0259tlidir. \u0130lk yubiley sammitind\u0259 Az\u0259rbaycan prezidenti \u0130lham \u018fliyevin d\u0259 i\u015ftirak\u0131 g\u00f6zl\u0259nilir (Yaz\u0131 haz\u0131rlanark\u0259n s\u0259f\u0259rl\u0259 ba\u011fl\u0131 r\u0259smi a\u00e7\u0131qlama verilm\u0259mi\u015fdi).<\/p>\n<div id=\"AdviadNativeVideo0\" class=\"AdviadNativeVideo\"><\/div>\n<p>Az\u0259rbaycan \u00fc\u00e7\u00fcn bu m\u00f6t\u0259b\u0259r t\u0259dbir, \u015f\u00fcbh\u0259siz, \u00f6nc\u0259likl\u0259 t\u0259\u015fkilatla \u00f6lk\u0259miz aras\u0131nda m\u00fczakir\u0259si yekunla\u015fmaq \u00fczr\u0259 olan &#8220;Strateji t\u0259r\u0259fda\u015fl\u0131q haqda&#8221; sazi\u015fin taleyi il\u0259 ba\u011fl\u0131 \u00f6n\u0259m k\u0259sb edir. Xat\u0131rladaq ki, bir ne\u00e7\u0259 g\u00fcn \u00f6nc\u0259 Milli M\u0259clis s\u0259dri Oqtay \u018fs\u0259dov s\u0259n\u0259din imzalanma\u011fa haz\u0131r oldu\u011funu v\u0259 may\u0131n 13-d\u0259 imzalanaca\u011f\u0131n\u0131 bildirs\u0259 d\u0259, Az\u0259rbaycan Xarici \u0130\u015fl\u0259r Nazirliyi onu t\u0259kzib etmi\u015fdi. \u0130st\u0259nil\u0259n halda, bu h\u0259ft\u0259 s\u0259n\u0259dl\u0259 ba\u011fl\u0131 m\u00fch\u00fcm, h\u0259tta tarixi bir g\u0259li\u015fm\u0259nin \u015fahidi ola bil\u0259rik.<\/p>\n<p>*****<\/p>\n<p>R\u0259smi qaynaqlara \u0259sas\u0259n qeyd ed\u0259k ki, erm\u0259nil\u0259rin v\u0259 onlar\u0131n havadarlar\u0131n\u0131n ciddi c\u0259hdl\u0259rin\u0259 r\u0259\u011fm\u0259n, imzalanmas\u0131 n\u0259z\u0259rd\u0259 tutulan s\u0259n\u0259d layih\u0259sind\u0259 Az\u0259rbaycan\u0131n beyn\u0259lxalq s\u0259viyy\u0259d\u0259 tan\u0131nm\u0131\u015f s\u0259rh\u0259dl\u0259ri \u00e7\u0259r\u00e7iv\u0259sind\u0259 \u0259razi b\u00fct\u00f6vl\u00fcy\u00fc v\u0259 suverenliyin\u0259 d\u0259st\u0259k yer al\u0131b. Eyni zamanda, \u00f6lk\u0259mizin \u0259razi b\u00fct\u00f6vl\u00fcy\u00fcn\u00fcn erm\u0259ni i\u015f\u011fal\u00e7\u0131 q\u00fcvv\u0259l\u0259ri t\u0259r\u0259find\u0259n pozuldu\u011fu ayd\u0131n \u015f\u0259kild\u0259 \u0259ks edilib:<\/p>\n<p>&#8220;Bu, \u00e7ox m\u00fch\u00fcm m\u0259s\u0259l\u0259dir. Biz bunun \u00fcz\u0259rind\u0259 uzun m\u00fcdd\u0259t i\u015fl\u0259dik v\u0259 \u00f6lk\u0259mizin \u0259razi b\u00fct\u00f6vl\u00fcy\u00fc il\u0259 ba\u011fl\u0131 madd\u0259nin sazi\u015f\u0259 daxil edilm\u0259sin\u0259 nail olduq. Bir qayda olaraq, d\u00f6vl\u0259tl\u0259r bel\u0259 s\u0259n\u0259di Avropa Birliyind\u0259n k\u00f6m\u0259k almaq \u00fc\u00e7\u00fcn imzalay\u0131r. Ancaq bizim buna ehtiyac\u0131m\u0131z yoxdur. Bizim \u0259sas h\u0259d\u0259fl\u0259rmiz Az\u0259rbaycan-Erm\u0259nistan konfliktinin nizamlanmas\u0131 v\u0259 beyn\u0259lxalq iqtisadi-ticari \u0259laq\u0259l\u0259rimizin inki\u015faf\u0131d\u0131r&#8221;, &#8211; dey\u0259 \u018fs\u0259dov vur\u011fulam\u0131\u015fd\u0131&#8230;<\/p>\n<p>*****<\/p>\n<p>Sammitd\u0259 Erm\u0259nistan\u0131n ba\u015f naziri Nikol Pa\u015finyan\u0131n da i\u015ftirak\u0131 g\u00f6zl\u0259nilir. Bu bar\u0259d\u0259 m\u0259tbuata Pa\u015finyan\u0131n \u00f6z\u00fc deyib. Erm\u0259ni K\u0130V-nin m\u0259lumat\u0131na g\u00f6r\u0259, o, Br\u00fcsseld\u0259 \u0130lham \u018fliyevl\u0259 g\u00f6r\u00fc\u015f\u00fcn\u00fc m\u00fcmk\u00fcn say\u0131b. &#8220;\u0130lham \u018fliyevl\u0259 r\u0259smi g\u00f6r\u00fc\u015f n\u0259z\u0259rd\u0259 tutulmay\u0131b. Ancaq \u0259g\u0259r \u00fcz-\u00fcz\u0259 g\u0259ls\u0259k, aram\u0131zda s\u00f6z m\u00fcbadil\u0259sini istisna el\u0259mir\u0259m&#8221;, &#8211; dey\u0259 erm\u0259ni lider jurnalistl\u0259r\u0259 deyib.<\/p>\n<p>Yada salaq ki, \u018fliyevl\u0259 Pa\u015finyan aras\u0131nda indiy\u0259d\u0259k 4 g\u00f6r\u00fc\u015f ke\u00e7irilib. Onlardan ax\u0131r\u0131nc\u0131s\u0131 &#8211; mart ay\u0131ndak\u0131 Vyana g\u00f6r\u00fc\u015f\u00fc yegan\u0259 r\u0259smi g\u00f6r\u00fc\u015f say\u0131l\u0131r. Bu x\u00fcsusda \u00e7ox \u0259lam\u0259tdar olard\u0131 ki, Nikol Pa\u015finyan\u0131n Br\u00fcssel s\u0259f\u0259ri AB-nin Da\u011fl\u0131q Qaraba\u011f m\u0259s\u0259l\u0259sind\u0259 Az\u0259rbaycan\u0131n \u0259razi b\u00fct\u00f6vl\u00fcy\u00fcn\u0259 sadiqliyini t\u0259sdiql\u0259y\u0259n s\u0259n\u0259din imzalanma g\u00fcn\u00fcn\u0259 t\u0259sad\u00fcf ed\u0259ydi. Bu, i\u015f\u011fal\u00e7\u0131 Erm\u0259nistan\u0131n \u0259dal\u0259tli s\u00fclhd\u0259n yay\u0131nan v\u0259 bir az da inqilab eyforiyas\u0131nda olan haz\u0131rk\u0131 r\u0259hb\u0259rliyin\u0259 yet\u0259rinc\u0259 ay\u0131ld\u0131c\u0131 bir mesaj olard\u0131.<\/p>\n<p>Yeri g\u0259lmi\u015fk\u0259n, Az\u0259rbaycanla Erm\u0259nistan aras\u0131nda at\u0259\u015fk\u0259s haqda Bi\u015fkek protokolunun imzalanmas\u0131n\u0131n d\u00fcn\u0259n &#8211; may\u0131n 12-d\u0259 25 ili tamam oldu. Bu 25 ilin \u0259n b\u00f6y\u00fck n\u0259tic\u0259si is\u0259 t\u0259\u0259ss\u00fcf ki, n\u0259tic\u0259sizlik v\u0259 artan m\u00fcharib\u0259 riskidir. S\u0259b\u0259b d\u0259 i\u015f\u011fal\u00e7\u0131 Erm\u0259nistan\u0131n \u00f6z havadarlar\u0131na arxalanaraq, beyn\u0259lxalq h\u00fcquqa, onun \u0259sas prinsipi olan \u00f6lk\u0259l\u0259rin \u0259razi b\u00fct\u00f6vl\u00fcy\u00fc prinsipin\u0259 m\u0259h\u0259l qoymamas\u0131d\u0131r.<br \/>\n\u015e\u00fcbh\u0259siz ki, bu g\u00fcn ba\u015flayan Br\u00fcssel toplant\u0131s\u0131n\u0131n yekun b\u0259yannam\u0259sind\u0259 AB bir daha t\u0259r\u0259fda\u015f d\u00f6vl\u0259tl\u0259rin \u0259razi b\u00fct\u00f6vl\u00fcy\u00fcn\u00fc v\u0259 suverenliyini \u00f6z d\u0259st\u0259yini ifad\u0259 ed\u0259c\u0259k. Daha bir s\u0259b\u0259b: separat\u00e7\u0131l\u0131q art\u0131q Avropa Birliyinin \u00f6z daxilind\u0259 d\u0259 (Fransa, \u0130spaniya) ciddi problem\u0259 v\u0259 t\u0259\u015fkilat \u00fc\u00e7\u00fcn t\u0259hdid\u0259 \u00e7evrilib&#8230;<\/p>\n<p>*****<\/p>\n<p>&#8220;\u015e\u0259rq t\u0259r\u0259fda\u015fl\u0131\u011f\u0131&#8221; sammitinin Rusiyan\u0131n da diqq\u0259tind\u0259 olaca\u011f\u0131 \u015f\u0259ksizdir. \u00c7\u00fcnki s\u00f6hb\u0259t Rusiya il\u0259 h\u0259ms\u0259rh\u0259d 6 postsovet \u00f6lk\u0259sinin qurumla \u0259m\u0259kda\u015fl\u0131\u011f\u0131 getdikc\u0259 d\u0259rinl\u0259\u015fdirm\u0259sind\u0259n gedir. Ancaq konkret olaraq Az\u0259rbaycana g\u0259linc\u0259, AB il\u0259 imzalanacaq s\u0259n\u0259d he\u00e7 bir halda n\u0259 Rusiyan\u0131n, n\u0259 d\u0259 dig\u0259r h\u0259r hans\u0131 \u00fc\u00e7\u00fcnc\u00fc \u00f6lk\u0259nin \u0259leyhin\u0259 y\u00f6n\u0259lm\u0259yib, y\u00f6n\u0259l\u0259 bilm\u0259z. \u018fn az\u0131 o s\u0259b\u0259b\u0259 ki, s\u0259n\u0259d r\u0259smi Bak\u0131n\u0131n balansl\u0131 xarici siyas\u0259t kursuna uy\u011fun haz\u0131rlan\u0131b. Vur\u011fuland\u0131\u011f\u0131 kimi, Az\u0259rbaycan\u0131n \u0259sas h\u0259d\u0259fi is\u0259 Qaraba\u011f probleminin h\u0259llind\u0259 AB-nin daha sanball\u0131 d\u0259st\u0259yin\u0259 nail olmaq v\u0259 beyn\u0259lxalq iqtisadi-ticari \u0259laq\u0259l\u0259ri inki\u015faf etdirm\u0259kdir.<\/p>\n<p>Az\u0259rbaycan\u0131n Rusiyadak\u0131 sabiq s\u0259firi, politoloq Hikm\u0259t Hac\u0131zad\u0259 d\u0259 hesab edir ki, AB il\u0259 ba\u011flanacaq sazi\u015f Rusiya \u0259leyhin\u0259 deyil. &#8220;Yeni M\u00fcsavat&#8221;a a\u00e7\u0131qlamas\u0131nda o deyib: &#8220;A\u00e7\u0131\u011f\u0131, sazi\u015fd\u0259 Rusiyaya qar\u015f\u0131 ola bil\u0259c\u0259k b\u00fct\u00fcn hiss\u0259l\u0259r y\u0131\u011f\u0131\u015fd\u0131r\u0131l\u0131b. H\u0259min hal Erm\u0259nistanla sazi\u015f ba\u011flananda da olmu\u015fdu. Erm\u0259nil\u0259r sazi\u015f \u00fc\u00e7\u00fcn dan\u0131\u015f\u0131qlar apar\u0131rd\u0131lar. Rusiyan\u0131n t\u0259pkisind\u0259n sonra Kreml\u0259 xo\u015f g\u0259lm\u0259y\u0259n b\u0259ndl\u0259r oradan y\u0131\u011f\u0131\u015fd\u0131r\u0131ld\u0131. Bizim sazi\u015fd\u0259 d\u0259 bunlar olmad\u0131\u011f\u0131 \u00fc\u00e7\u00fcn Rusiya o q\u0259d\u0259r d\u0259 t\u0259zyiq etmir&#8221;.<\/p>\n<p>Ancaq onu da qeyd el\u0259m\u0259y\u0259 g\u0259r\u0259k var ki, Erm\u0259nistandan f\u0259rqli olaraq, Az\u0259rbaycan Rusiyan\u0131n dominantl\u0131q el\u0259diyi birlikl\u0259rin &#8211; Avrasiya Birliyi v\u0259 Kollektiv T\u0259hl\u00fck\u0259sizlik M\u00fcqavil\u0259si T\u0259\u015fkilat\u0131n\u0131n (KTMT &#8211; &#8220;Rus NATO-su&#8221;) \u00fczv\u00fc deyil, tarazl\u0131 xarici siyas\u0259t\u0259 \u00fcst\u00fcnl\u00fck ver\u0259n \u00f6lk\u0259dir. Y\u0259ni Bak\u0131 \u0130r\u0259van kimi Kreml\u0259 hans\u0131sa \u0259lav\u0259 \u00f6hd\u0259likl\u0259rl\u0259 ba\u011flanmay\u0131b. Bu m\u0259nada Az\u0259rbaycan\u0131n AB il\u0259 t\u0259r\u0259fda\u015fl\u0131q sazi\u015finin Erm\u0259nistanla imzalanan s\u0259n\u0259dl\u0259 m\u00fcqayis\u0259d\u0259 daha m\u0259zmunlu v\u0259 sanball\u0131, daha i\u015fl\u0259k olaca\u011f\u0131n\u0131 g\u00f6zl\u0259m\u0259y\u0259 d\u0259y\u0259r&#8230;<\/p>\n","protected":false},"excerpt":{"rendered":"<p>Bu g\u00fcn &#8211; may\u0131n 13-d\u0259 Br\u00fcsseld\u0259 Avropa Birliyinin (AB) 2009-cu ild\u0259 \u0259sas\u0131 qoyulmu\u015f &#8220;\u015e\u0259rq t\u0259r\u0259fda\u015fl\u0131\u011f\u0131&#8221; proqram\u0131na \u00fczv \u00f6lk\u0259l\u0259rin yubiley sammiti ba\u015flay\u0131r. ARANTV.AZ\u00a0 musavat.com-a istinad\u0259n x\u0259b\u0259r verir ki, 2 g\u00fcn \u00e7\u0259k\u0259c\u0259k toplant\u0131ya 6 \u00f6lk\u0259nin &#8211; Az\u0259rbaycan, G\u00fcrc\u00fcstan, Erm\u0259nistan, Moldova, Ukrayna v\u0259 Belarusun r\u0259hb\u0259rl\u0259ri d\u0259v\u0259tlidir. \u0130lk yubiley sammitind\u0259 Az\u0259rbaycan prezidenti \u0130lham \u018fliyevin d\u0259 i\u015ftirak\u0131 g\u00f6zl\u0259nilir (Yaz\u0131 haz\u0131rlanark\u0259n s\u0259f\u0259rl\u0259 ba\u011fl\u0131 r\u0259smi a\u00e7\u0131qlama verilm\u0259mi\u015fdi). Az\u0259rbaycan \u00fc\u00e7\u00fcn bu m\u00f6t\u0259b\u0259r t\u0259dbir, \u015f\u00fcbh\u0259siz, \u00f6nc\u0259likl\u0259 t\u0259\u015fkilatla \u00f6lk\u0259miz aras\u0131nda m\u00fczakir\u0259si yekunla\u015fmaq \u00fczr\u0259 olan &#8220;Strateji t\u0259r\u0259fda\u015fl\u0131q haqda&#8221; sazi\u015fin taleyi il\u0259 ba\u011fl\u0131 \u00f6n\u0259m k\u0259sb edir. Xat\u0131rladaq ki, bir ne\u00e7\u0259 g\u00fcn \u00f6nc\u0259&hellip;<\/p>\n","protected":false},"author":2,"featured_media":57525,"comment_status":"closed","ping_status":"closed","sticky":false,"template":"","format":"standard","meta":{"om_disable_all_campaigns":false,"_monsterinsights_skip_tracking":false,"_monsterinsights_sitenote_active":false,"_monsterinsights_sitenote_note":"","_monsterinsights_sitenote_category":0},"categories":[4],"tags":[],"aioseo_notices":[],"gutentor_comment":0,"rttpg_featured_image_url":{"full":["https:\/\/arantv.az\/wp-content\/uploads\/2019\/05\/1557745150_sherq-terefdashligi.jpg",550,367,false],"landscape":["https:\/\/arantv.az\/wp-content\/uploads\/2019\/05\/1557745150_sherq-terefdashligi.jpg",550,367,false],"portraits":["https:\/\/arantv.az\/wp-content\/uploads\/2019\/05\/1557745150_sherq-terefdashligi.jpg",550,367,false],"thumbnail":["https:\/\/arantv.az\/wp-content\/uploads\/2019\/05\/1557745150_sherq-terefdashligi-150x150.jpg",150,150,true],"medium":["https:\/\/arantv.az\/wp-content\/uploads\/2019\/05\/1557745150_sherq-terefdashligi-300x200.jpg",300,200,true],"large":["https:\/\/arantv.az\/wp-content\/uploads\/2019\/05\/1557745150_sherq-terefdashligi.jpg",550,367,false],"1536x1536":["https:\/\/arantv.az\/wp-content\/uploads\/2019\/05\/1557745150_sherq-terefdashligi.jpg",550,367,false],"2048x2048":["https:\/\/arantv.az\/wp-content\/uploads\/2019\/05\/1557745150_sherq-terefdashligi.jpg",550,367,false],"post-thumbnail":["https:\/\/arantv.az\/wp-content\/uploads\/2019\/05\/1557745150_sherq-terefdashligi-240x172.jpg",240,172,true],"advps-thumb-one":["https:\/\/arantv.az\/wp-content\/uploads\/2019\/05\/1557745150_sherq-terefdashligi.jpg",550,367,false]},"rttpg_author":{"display_name":"V\u00fcsal Rafiqo\u011flu","author_link":"https:\/\/arantv.az\/?author=2"},"rttpg_comment":0,"rttpg_category":"<a href=\"https:\/\/arantv.az\/?cat=4\" rel=\"category\">Siyas\u0259t<\/a>","rttpg_excerpt":"Bu g\u00fcn &#8211; may\u0131n 13-d\u0259 Br\u00fcsseld\u0259 Avropa Birliyinin (AB) 2009-cu ild\u0259 \u0259sas\u0131 qoyulmu\u015f &#8220;\u015e\u0259rq t\u0259r\u0259fda\u015fl\u0131\u011f\u0131&#8221; proqram\u0131na \u00fczv \u00f6lk\u0259l\u0259rin yubiley sammiti ba\u015flay\u0131r. ARANTV.AZ\u00a0 musavat.com-a istinad\u0259n x\u0259b\u0259r verir ki, 2 g\u00fcn \u00e7\u0259k\u0259c\u0259k toplant\u0131ya 6 \u00f6lk\u0259nin &#8211; Az\u0259rbaycan, G\u00fcrc\u00fcstan, Erm\u0259nistan, Moldova, Ukrayna v\u0259 Belarusun r\u0259hb\u0259rl\u0259ri d\u0259v\u0259tlidir. \u0130lk yubiley sammitind\u0259 Az\u0259rbaycan prezidenti \u0130lham \u018fliyevin d\u0259 i\u015ftirak\u0131 g\u00f6zl\u0259nilir (Yaz\u0131 haz\u0131rlanark\u0259n&hellip;","_links":{"self":[{"href":"https:\/\/arantv.az\/index.php?rest_route=\/wp\/v2\/posts\/57524"}],"collection":[{"href":"https:\/\/arantv.az\/index.php?rest_route=\/wp\/v2\/posts"}],"about":[{"href":"https:\/\/arantv.az\/index.php?rest_route=\/wp\/v2\/types\/post"}],"author":[{"embeddable":true,"href":"https:\/\/arantv.az\/index.php?rest_route=\/wp\/v2\/users\/2"}],"replies":[{"embeddable":true,"href":"https:\/\/arantv.az\/index.php?rest_route=%2Fwp%2Fv2%2Fcomments&post=57524"}],"version-history":[{"count":0,"href":"https:\/\/arantv.az\/index.php?rest_route=\/wp\/v2\/posts\/57524\/revisions"}],"wp:featuredmedia":[{"embeddable":true,"href":"https:\/\/arantv.az\/index.php?rest_route=\/wp\/v2\/media\/57525"}],"wp:attachment":[{"href":"https:\/\/arantv.az\/index.php?rest_route=%2Fwp%2Fv2%2Fmedia&parent=57524"}],"wp:term":[{"taxonomy":"category","embeddable":true,"href":"https:\/\/arantv.az\/index.php?rest_route=%2Fwp%2Fv2%2Fcategories&post=57524"},{"taxonomy":"post_tag","embeddable":true,"href":"https:\/\/arantv.az\/index.php?rest_route=%2Fwp%2Fv2%2Ftags&post=57524"}],"curies":[{"name":"wp","href":"https:\/\/api.w.org\/{rel}","templated":true}]}}