{"id":57527,"date":"2019-05-13T14:30:26","date_gmt":"2019-05-13T11:30:26","guid":{"rendered":"http:\/\/arantv.az\/?p=57527"},"modified":"2019-05-13T14:30:26","modified_gmt":"2019-05-13T11:30:26","slug":"tovuzda-yeni-dogulmus-korp%c9%99-oldu","status":"publish","type":"post","link":"https:\/\/arantv.az\/?p=57527","title":{"rendered":"Tovuzda yeni do\u011fulmu\u015f k\u00f6rp\u0259 \u00f6ld\u00fc"},"content":{"rendered":"<p><strong>Tovuz rayonunda yeni do\u011fulmu\u015f k\u00f6rp\u0259 \u00f6l\u00fcb.<\/strong><\/p>\n<p><b>ARANTV.AZ\u00a0<\/b> x\u0259b\u0259r verir ki, A\u011fstafa rayonunun D\u00fcz Q\u0131\u015flaq k\u0259nd sakini, 1997-ci il t\u0259v\u0259ll\u00fcdl\u00fc M\u0259mm\u0259dk\u0259rimova Asiya P\u0259rviz q\u0131z\u0131 do\u011fu\u015f \u00fc\u00e7\u00fcn Tovuz Rayon M\u0259rk\u0259zi X\u0259st\u0259xanas\u0131na apar\u0131l\u0131b.<\/p>\n<p>Qad\u0131n orada qeys\u0259riyy\u0259 yolu il\u0259 d\u00fcnyaya o\u011flan u\u015fa\u011f\u0131 g\u0259tirib. Do\u011fu\u015fdan bir m\u00fcdd\u0259t sonra k\u00f6rp\u0259 orada \u00f6l\u00fcb.<\/p>\n<p>Faktla ba\u011fl\u0131 ara\u015fd\u0131rma apar\u0131l\u0131r.Unikal.org<\/p>\n","protected":false},"excerpt":{"rendered":"<p>Tovuz rayonunda yeni do\u011fulmu\u015f k\u00f6rp\u0259 \u00f6l\u00fcb. ARANTV.AZ\u00a0 x\u0259b\u0259r verir ki, A\u011fstafa rayonunun D\u00fcz Q\u0131\u015flaq k\u0259nd sakini, 1997-ci il t\u0259v\u0259ll\u00fcdl\u00fc M\u0259mm\u0259dk\u0259rimova Asiya P\u0259rviz q\u0131z\u0131 do\u011fu\u015f \u00fc\u00e7\u00fcn Tovuz Rayon M\u0259rk\u0259zi X\u0259st\u0259xanas\u0131na apar\u0131l\u0131b. Qad\u0131n orada qeys\u0259riyy\u0259 yolu il\u0259 d\u00fcnyaya o\u011flan u\u015fa\u011f\u0131 g\u0259tirib. Do\u011fu\u015fdan bir m\u00fcdd\u0259t sonra k\u00f6rp\u0259 orada \u00f6l\u00fcb. Faktla ba\u011fl\u0131 ara\u015fd\u0131rma apar\u0131l\u0131r.Unikal.org<\/p>\n","protected":false},"author":2,"featured_media":57528,"comment_status":"closed","ping_status":"closed","sticky":false,"template":"","format":"standard","meta":{"om_disable_all_campaigns":false,"_monsterinsights_skip_tracking":false,"_monsterinsights_sitenote_active":false,"_monsterinsights_sitenote_note":"","_monsterinsights_sitenote_category":0},"categories":[5],"tags":[],"aioseo_notices":[],"gutentor_comment":0,"rttpg_featured_image_url":{"full":["https:\/\/arantv.az\/wp-content\/uploads\/2019\/05\/1548828952.korpe_.jpg",600,400,false],"landscape":["https:\/\/arantv.az\/wp-content\/uploads\/2019\/05\/1548828952.korpe_.jpg",600,400,false],"portraits":["https:\/\/arantv.az\/wp-content\/uploads\/2019\/05\/1548828952.korpe_.jpg",600,400,false],"thumbnail":["https:\/\/arantv.az\/wp-content\/uploads\/2019\/05\/1548828952.korpe_-150x150.jpg",150,150,true],"medium":["https:\/\/arantv.az\/wp-content\/uploads\/2019\/05\/1548828952.korpe_-300x200.jpg",300,200,true],"large":["https:\/\/arantv.az\/wp-content\/uploads\/2019\/05\/1548828952.korpe_.jpg",600,400,false],"1536x1536":["https:\/\/arantv.az\/wp-content\/uploads\/2019\/05\/1548828952.korpe_.jpg",600,400,false],"2048x2048":["https:\/\/arantv.az\/wp-content\/uploads\/2019\/05\/1548828952.korpe_.jpg",600,400,false],"post-thumbnail":["https:\/\/arantv.az\/wp-content\/uploads\/2019\/05\/1548828952.korpe_-240x172.jpg",240,172,true],"advps-thumb-one":["https:\/\/arantv.az\/wp-content\/uploads\/2019\/05\/1548828952.korpe_.jpg",600,400,false]},"rttpg_author":{"display_name":"V\u00fcsal Rafiqo\u011flu","author_link":"https:\/\/arantv.az\/?author=2"},"rttpg_comment":0,"rttpg_category":"<a href=\"https:\/\/arantv.az\/?cat=5\" rel=\"category\">Hadis\u0259<\/a>","rttpg_excerpt":"Tovuz rayonunda yeni do\u011fulmu\u015f k\u00f6rp\u0259 \u00f6l\u00fcb. ARANTV.AZ\u00a0 x\u0259b\u0259r verir ki, A\u011fstafa rayonunun D\u00fcz Q\u0131\u015flaq k\u0259nd sakini, 1997-ci il t\u0259v\u0259ll\u00fcdl\u00fc M\u0259mm\u0259dk\u0259rimova Asiya P\u0259rviz q\u0131z\u0131 do\u011fu\u015f \u00fc\u00e7\u00fcn Tovuz Rayon M\u0259rk\u0259zi X\u0259st\u0259xanas\u0131na apar\u0131l\u0131b. Qad\u0131n orada qeys\u0259riyy\u0259 yolu il\u0259 d\u00fcnyaya o\u011flan u\u015fa\u011f\u0131 g\u0259tirib. Do\u011fu\u015fdan bir m\u00fcdd\u0259t sonra k\u00f6rp\u0259 orada \u00f6l\u00fcb. Faktla ba\u011fl\u0131 ara\u015fd\u0131rma apar\u0131l\u0131r.Unikal.org","_links":{"self":[{"href":"https:\/\/arantv.az\/index.php?rest_route=\/wp\/v2\/posts\/57527"}],"collection":[{"href":"https:\/\/arantv.az\/index.php?rest_route=\/wp\/v2\/posts"}],"about":[{"href":"https:\/\/arantv.az\/index.php?rest_route=\/wp\/v2\/types\/post"}],"author":[{"embeddable":true,"href":"https:\/\/arantv.az\/index.php?rest_route=\/wp\/v2\/users\/2"}],"replies":[{"embeddable":true,"href":"https:\/\/arantv.az\/index.php?rest_route=%2Fwp%2Fv2%2Fcomments&post=57527"}],"version-history":[{"count":0,"href":"https:\/\/arantv.az\/index.php?rest_route=\/wp\/v2\/posts\/57527\/revisions"}],"wp:featuredmedia":[{"embeddable":true,"href":"https:\/\/arantv.az\/index.php?rest_route=\/wp\/v2\/media\/57528"}],"wp:attachment":[{"href":"https:\/\/arantv.az\/index.php?rest_route=%2Fwp%2Fv2%2Fmedia&parent=57527"}],"wp:term":[{"taxonomy":"category","embeddable":true,"href":"https:\/\/arantv.az\/index.php?rest_route=%2Fwp%2Fv2%2Fcategories&post=57527"},{"taxonomy":"post_tag","embeddable":true,"href":"https:\/\/arantv.az\/index.php?rest_route=%2Fwp%2Fv2%2Ftags&post=57527"}],"curies":[{"name":"wp","href":"https:\/\/api.w.org\/{rel}","templated":true}]}}