{"id":57530,"date":"2019-05-13T14:31:51","date_gmt":"2019-05-13T11:31:51","guid":{"rendered":"http:\/\/arantv.az\/?p=57530"},"modified":"2019-05-13T14:31:51","modified_gmt":"2019-05-13T11:31:51","slug":"jurnalistikada-calisanlarin-45-55-faizi-qadinlardir-%c9%99flatun-amasov","status":"publish","type":"post","link":"https:\/\/arantv.az\/?p=57530","title":{"rendered":"&#8220;Jurnalistikada \u00e7al\u0131\u015fanlar\u0131n 45-55 faizi qad\u0131nlard\u0131r&#8221; &#8211; \u018fflatun Ama\u015fov"},"content":{"rendered":"<p><strong>&#8220;<a class=\"kw-link\" title=\"Az\u0259rbaycan x\u0259b\u0259rl\u0259ri\" href=\"https:\/\/metbuat.az\/news\/search?q=az%C9%99rbaycan\" target=\"_blank\" rel=\"noopener\">Az\u0259rbaycan<\/a>\u00a0jurnalistikas\u0131nda \u0259m\u0259kda\u015flar\u0131n yar\u0131 faiz\u0259 q\u0259d\u0259rini, t\u0259xmin\u0259n 45-55 faizini qad\u0131nlar t\u0259\u015fkil edir. Ancaq t\u0259\u0259ss\u00fcf ki, K\u0130V-d\u0259 qad\u0131n r\u0259hb\u0259rl\u0259rin say\u0131 azd\u0131r.<\/strong><\/p>\n<p><strong>ARANTV.AZ<\/strong>-\u0131n m\u0259lumat\u0131na g\u00f6r\u0259, bunu &#8220;Gender b\u0259rab\u0259rliyi v\u0259 media&#8221; m\u00f6vzusunda ke\u00e7iril\u0259n konfransda M\u0259tbuat \u015euras\u0131n\u0131n s\u0259dri, mill\u0259t v\u0259kili \u018fflatun Ama\u015fov bildirib.<\/p>\n<div id=\"AdviadNativeVideo0\" class=\"AdviadNativeVideo\"><\/div>\n<p>Onun s\u00f6zl\u0259rin\u0259 g\u00f6r\u0259, Az\u0259rbaycan M\u0259tbuat \u015euras\u0131nda bu m\u0259s\u0259l\u0259ni h\u0259r zaman m\u00fczakir\u0259 edirik:<\/p>\n<p>&#8220;M\u0259tbuat \u015euras\u0131n\u0131n \u0130dar\u0259 hey\u0259tind\u0259 \u00e7ox t\u0259\u0259ss\u00fcf ki, h\u0259l\u0259lik 2 qad\u0131n redaktor t\u0259msil olunur. \u00dcmumiyy\u0259tl\u0259 Az\u0259rbaycan jurnalistikas\u0131n\u0131n i\u015fl\u0259k q\u00fcvv\u0259si \u0259sas\u0259n qad\u0131nlard\u0131r. \u00c7ox t\u0259\u0259ss\u00fcf ki, K\u0130V r\u0259hb\u0259rl\u0259ri aras\u0131nda qad\u0131nlar azd\u0131r. Yax\u0131n vaxtlarda bu g\u00fcn f\u0259aliyy\u0259t g\u00f6st\u0259r\u0259n qad\u0131n jurnalistl\u0259r r\u0259hb\u0259r olacaq v\u0259 Az\u0259rbaycanda bu sah\u0259d\u0259 s\u00f6z sahibin\u0259 \u00e7evril\u0259c\u0259kl\u0259r. Bu m\u0259s\u0259l\u0259 bu g\u00fcn kifay\u0259t q\u0259d\u0259r aktuald\u0131r.<\/p>\n<p>\u018fflatun Ama\u015fov bildirib ki, \u00e7ox t\u0259\u0259ss\u00fcf ki, cinsi ayr\u0131-se\u00e7kilikl\u0259 \u0259laq\u0259dar M\u0259tbuat \u015euras\u0131na da \u015fikay\u0259tl\u0259r daxil olur:<\/p>\n<p>&#8220;\u0130l \u0259rzind\u0259 cinsi ayr\u0131-se\u00e7kilikl\u0259 \u0259laq\u0259dar M\u0259tbuat \u015euras\u0131na 700-\u0259 yax\u0131n \u015fikay\u0259t daxil olur. Bunun da 15-20 faiz\u0259 q\u0259d\u0259ri qad\u0131n istismar\u0131na qar\u015f\u0131, b\u0259zi m\u0259qamlarda hadis\u0259l\u0259r ba\u015f ver\u0259rk\u0259n, o hadis\u0259l\u0259rd\u0259 i\u015ftirak ed\u0259n qad\u0131n\u0131n rolunun daha \u00e7ox qabard\u0131lmas\u0131, b\u0259zi m\u0259qamlarda onlar\u0131n ad\u0131n\u0131n hallanmas\u0131, hadis\u0259l\u0259rin \u015fi\u015firdilm\u0259si il\u0259 ba\u011fl\u0131d\u0131r. Bu sah\u0259d\u0259 Az\u0259rbaycan jurnalistl\u0259ri ehtiyatla davranmal\u0131d\u0131r. T\u0259\u0259ss\u00fcf ki, b\u0259zi yeni yaranan K\u0130V-l\u0259r bu prinsipl\u0259ri pozur. Bizim d\u0259 m\u0259qs\u0259dimiz odur ki, q\u0259bul etdiyimiz gender b\u0259rab\u0259rliyi v\u0259 ayr\u0131-se\u00e7kiliy\u0259 yol verilm\u0259m\u0259si prinsipinin m\u00fcdd\u0259alar\u0131 Az\u0259rbaycan jurnalistl\u0259rinin f\u0259aliyy\u0259tin\u0259 \u015famil olunsun, \u00fcmumiyy\u0259tl\u0259 bu m\u00f6vzuda yaz\u0131lar yaz\u0131lark\u0259n, materiallar haz\u0131rlanark\u0259n kifay\u0259t q\u0259d\u0259r ehtiyatla davran\u0131ls\u0131n&#8221;.<\/p>\n<p>METBUAT.AZ<\/p>\n","protected":false},"excerpt":{"rendered":"<p>&#8220;Az\u0259rbaycan\u00a0jurnalistikas\u0131nda \u0259m\u0259kda\u015flar\u0131n yar\u0131 faiz\u0259 q\u0259d\u0259rini, t\u0259xmin\u0259n 45-55 faizini qad\u0131nlar t\u0259\u015fkil edir. Ancaq t\u0259\u0259ss\u00fcf ki, K\u0130V-d\u0259 qad\u0131n r\u0259hb\u0259rl\u0259rin say\u0131 azd\u0131r. ARANTV.AZ-\u0131n m\u0259lumat\u0131na g\u00f6r\u0259, bunu &#8220;Gender b\u0259rab\u0259rliyi v\u0259 media&#8221; m\u00f6vzusunda ke\u00e7iril\u0259n konfransda M\u0259tbuat \u015euras\u0131n\u0131n s\u0259dri, mill\u0259t v\u0259kili \u018fflatun Ama\u015fov bildirib. Onun s\u00f6zl\u0259rin\u0259 g\u00f6r\u0259, Az\u0259rbaycan M\u0259tbuat \u015euras\u0131nda bu m\u0259s\u0259l\u0259ni h\u0259r zaman m\u00fczakir\u0259 edirik: &#8220;M\u0259tbuat \u015euras\u0131n\u0131n \u0130dar\u0259 hey\u0259tind\u0259 \u00e7ox t\u0259\u0259ss\u00fcf ki, h\u0259l\u0259lik 2 qad\u0131n redaktor t\u0259msil olunur. \u00dcmumiyy\u0259tl\u0259 Az\u0259rbaycan jurnalistikas\u0131n\u0131n i\u015fl\u0259k q\u00fcvv\u0259si \u0259sas\u0259n qad\u0131nlard\u0131r. \u00c7ox t\u0259\u0259ss\u00fcf ki, K\u0130V r\u0259hb\u0259rl\u0259ri aras\u0131nda qad\u0131nlar azd\u0131r. Yax\u0131n vaxtlarda bu g\u00fcn f\u0259aliyy\u0259t g\u00f6st\u0259r\u0259n qad\u0131n jurnalistl\u0259r r\u0259hb\u0259r olacaq v\u0259 Az\u0259rbaycanda&hellip;<\/p>\n","protected":false},"author":2,"featured_media":57531,"comment_status":"closed","ping_status":"closed","sticky":false,"template":"","format":"standard","meta":{"om_disable_all_campaigns":false,"_monsterinsights_skip_tracking":false,"_monsterinsights_sitenote_active":false,"_monsterinsights_sitenote_note":"","_monsterinsights_sitenote_category":0},"categories":[1],"tags":[],"aioseo_notices":[],"gutentor_comment":0,"rttpg_featured_image_url":{"full":["https:\/\/arantv.az\/wp-content\/uploads\/2019\/05\/1187078.jpg",734,413,false],"landscape":["https:\/\/arantv.az\/wp-content\/uploads\/2019\/05\/1187078.jpg",734,413,false],"portraits":["https:\/\/arantv.az\/wp-content\/uploads\/2019\/05\/1187078.jpg",734,413,false],"thumbnail":["https:\/\/arantv.az\/wp-content\/uploads\/2019\/05\/1187078-150x150.jpg",150,150,true],"medium":["https:\/\/arantv.az\/wp-content\/uploads\/2019\/05\/1187078-300x169.jpg",300,169,true],"large":["https:\/\/arantv.az\/wp-content\/uploads\/2019\/05\/1187078.jpg",640,360,false],"1536x1536":["https:\/\/arantv.az\/wp-content\/uploads\/2019\/05\/1187078.jpg",734,413,false],"2048x2048":["https:\/\/arantv.az\/wp-content\/uploads\/2019\/05\/1187078.jpg",734,413,false],"post-thumbnail":["https:\/\/arantv.az\/wp-content\/uploads\/2019\/05\/1187078-240x172.jpg",240,172,true],"advps-thumb-one":["https:\/\/arantv.az\/wp-content\/uploads\/2019\/05\/1187078.jpg",734,413,false]},"rttpg_author":{"display_name":"V\u00fcsal Rafiqo\u011flu","author_link":"https:\/\/arantv.az\/?author=2"},"rttpg_comment":0,"rttpg_category":"<a href=\"https:\/\/arantv.az\/?cat=1\" rel=\"category\">C\u0259miyy\u0259t<\/a>","rttpg_excerpt":"&#8220;Az\u0259rbaycan\u00a0jurnalistikas\u0131nda \u0259m\u0259kda\u015flar\u0131n yar\u0131 faiz\u0259 q\u0259d\u0259rini, t\u0259xmin\u0259n 45-55 faizini qad\u0131nlar t\u0259\u015fkil edir. Ancaq t\u0259\u0259ss\u00fcf ki, K\u0130V-d\u0259 qad\u0131n r\u0259hb\u0259rl\u0259rin say\u0131 azd\u0131r. ARANTV.AZ-\u0131n m\u0259lumat\u0131na g\u00f6r\u0259, bunu &#8220;Gender b\u0259rab\u0259rliyi v\u0259 media&#8221; m\u00f6vzusunda ke\u00e7iril\u0259n konfransda M\u0259tbuat \u015euras\u0131n\u0131n s\u0259dri, mill\u0259t v\u0259kili \u018fflatun Ama\u015fov bildirib. Onun s\u00f6zl\u0259rin\u0259 g\u00f6r\u0259, Az\u0259rbaycan M\u0259tbuat \u015euras\u0131nda bu m\u0259s\u0259l\u0259ni h\u0259r zaman m\u00fczakir\u0259 edirik: &#8220;M\u0259tbuat \u015euras\u0131n\u0131n \u0130dar\u0259 hey\u0259tind\u0259 \u00e7ox&hellip;","_links":{"self":[{"href":"https:\/\/arantv.az\/index.php?rest_route=\/wp\/v2\/posts\/57530"}],"collection":[{"href":"https:\/\/arantv.az\/index.php?rest_route=\/wp\/v2\/posts"}],"about":[{"href":"https:\/\/arantv.az\/index.php?rest_route=\/wp\/v2\/types\/post"}],"author":[{"embeddable":true,"href":"https:\/\/arantv.az\/index.php?rest_route=\/wp\/v2\/users\/2"}],"replies":[{"embeddable":true,"href":"https:\/\/arantv.az\/index.php?rest_route=%2Fwp%2Fv2%2Fcomments&post=57530"}],"version-history":[{"count":0,"href":"https:\/\/arantv.az\/index.php?rest_route=\/wp\/v2\/posts\/57530\/revisions"}],"wp:featuredmedia":[{"embeddable":true,"href":"https:\/\/arantv.az\/index.php?rest_route=\/wp\/v2\/media\/57531"}],"wp:attachment":[{"href":"https:\/\/arantv.az\/index.php?rest_route=%2Fwp%2Fv2%2Fmedia&parent=57530"}],"wp:term":[{"taxonomy":"category","embeddable":true,"href":"https:\/\/arantv.az\/index.php?rest_route=%2Fwp%2Fv2%2Fcategories&post=57530"},{"taxonomy":"post_tag","embeddable":true,"href":"https:\/\/arantv.az\/index.php?rest_route=%2Fwp%2Fv2%2Ftags&post=57530"}],"curies":[{"name":"wp","href":"https:\/\/api.w.org\/{rel}","templated":true}]}}