{"id":57536,"date":"2019-05-13T14:34:04","date_gmt":"2019-05-13T11:34:04","guid":{"rendered":"http:\/\/arantv.az\/?p=57536"},"modified":"2019-05-13T14:34:04","modified_gmt":"2019-05-13T11:34:04","slug":"media-demokratiyanin-inkisaf-etm%c9%99sind%c9%99-%c9%99sas-gost%c9%99ricil%c9%99rind%c9%99n-biridir-sahib%c9%99-qafarova","status":"publish","type":"post","link":"https:\/\/arantv.az\/?p=57536","title":{"rendered":"&#8220;Media demokratiyan\u0131n inki\u015faf etm\u0259sind\u0259 \u0259sas g\u00f6st\u0259ricil\u0259rind\u0259n biridir&#8221;: Sahib\u0259 Qafarova"},"content":{"rendered":"<p><strong>&#8220;Media gender b\u0259rab\u0259rliyi istiqam\u0259tind\u0259 struktur d\u0259yi\u015fikliyin\u0259 h\u0259m t\u0259kan ver\u0259 bil\u0259r, h\u0259m d\u0259 ona mane ola bil\u0259r. T\u0259\u0259ss\u00fcf ki, t\u0259dqiqatlardan da ayd\u0131n g\u00f6r\u00fcnd\u00fcy\u00fc kimi media sahibkarl\u0131\u011f\u0131nda, informasiya istehsal\u0131nda v\u0259 jurnalistikada redaksiyalarda r\u0259hb\u0259r v\u0259zif\u0259l\u0259rd\u0259 qad\u0131nlar kifay\u0259t q\u0259d\u0259r t\u0259msil olunmur&#8221;.<\/strong><\/p>\n<p><strong>ARANTV.AZ<\/strong>-\u0131n m\u0259lumat\u0131na g\u00f6r\u0259, bunu &#8220;Gender b\u0259rab\u0259rliyi v\u0259 media&#8221; m\u00f6vzusunda ke\u00e7iril\u0259n konfransda mill\u0259t v\u0259kili, Avropa \u015euras\u0131 Parlament Assambleyas\u0131n\u0131n B\u0259rab\u0259rlik v\u0259 ayr\u0131-se\u00e7kiliy\u0259 yol verilm\u0259m\u0259si Komit\u0259sinin \u00fczv\u00fc Sahib\u0259 Qafarova bildirib. Onun s\u00f6zl\u0259rin\u0259 g\u00f6r\u0259, bu, qad\u0131nlar\u0131n h\u0259m k\u0259miyy\u0259t, h\u0259m d\u0259 keyfiyy\u0259t bax\u0131m\u0131ndan K\u00fctl\u0259vi \u0130nformasiya Vasit\u0259l\u0259rinin m\u0259zmununda az g\u00f6r\u00fcnm\u0259sin\u0259, K\u0130V-d\u0259 nadir hallarda qad\u0131nlar\u0131n ekspert qismind\u0259 \u00e7\u0131x\u0131\u015f etm\u0259sind\u0259 v\u0259 qad\u0131nlar\u0131n fikir v\u0259 r\u0259yl\u0259rinin daha az ifad\u0259 olunmas\u0131nda daha bariz g\u00f6r\u00fcn\u00fcr.<\/p>\n<div id=\"AdviadNativeVideo0\" class=\"AdviadNativeVideo\"><\/div>\n<p>Sahib\u0259 Qafarova bildirib ki, media demokratiyan\u0131n inki\u015faf etm\u0259sind\u0259 \u0259sas g\u00f6st\u0259ricil\u0259rind\u0259n biridir v\u0259 c\u0259miyy\u0259tin formala\u015fmas\u0131nda m\u00fch\u00fcm rola malikdir:<\/p>\n<p>&#8220;Eyni zamanda ayr\u0131-se\u00e7kiliy\u0259 qar\u015f\u0131 m\u00fcbariz\u0259, ki\u015fi v\u0259 qad\u0131nlar aras\u0131nda real b\u0259rab\u0259rliyin olmas\u0131 \u00fc\u00e7\u00fcn x\u00fcsusi m\u0259suliyy\u0259t da\u015f\u0131y\u0131r. \u0130rq\u00e7ilik, ksenofobiya v\u0259 dig\u0259r ayr\u0131-se\u00e7kilik kimi mediada cinsi ayr\u0131-se\u00e7kiliy\u0259 d\u0259 yer olmamal\u0131d\u0131r. K\u0130V geni\u015f imkanlara malik olub ictimai fikrin, insanlar\u0131n fikirl\u0259rinin formala\u015fmas\u0131nda g\u00fccl\u00fc t\u0259sir\u0259 malikdir. Ona g\u00f6r\u0259 d\u0259 media bu imkanlar\u0131ndan istifad\u0259 edib cinsi stereotipl\u0259rin aradan qald\u0131r\u0131lmas\u0131na, qad\u0131nlar\u0131n c\u0259miyy\u0259td\u0259 rolunun art\u0131r\u0131lmas\u0131n\u0131n t\u0259\u015ffiq olunmas\u0131nda \u00fcz\u0259rin\u0259 d\u00fc\u015f\u0259n v\u0259zif\u0259l\u0259ri yerin\u0259 yetirm\u0259lidir. Bu m\u0259s\u0259l\u0259 b\u00fct\u00fcn beyn\u0259lxalq t\u0259\u015fkilatlar\u0131n f\u0259aliyy\u0259tind\u0259 d\u0259 \u00e7ox \u00f6n\u0259mli yer tutur.<\/p>\n<p>Avropa \u015euras\u0131 Parlament Assambleyas\u0131 t\u0259r\u0259find\u0259n bununla ba\u011fl\u0131 bir ne\u00e7\u0259 s\u0259n\u0259d q\u0259bul olunub. Avropa \u015euras\u0131 Nazirl\u0259r Komit\u0259si t\u0259r\u0259find\u0259n 25 sentyabr 1984-c\u00fc il tarixli Nazirl\u0259r Komit\u0259sinin \u00fczv d\u00f6vl\u0259tl\u0259rinin mediada qad\u0131nlar v\u0259 ki\u015fil\u0259r aras\u0131nda b\u0259rab\u0259rliy\u0259 dair 17 sayl\u0131 t\u00f6vsiy\u0259sind\u0259 d\u0259 median\u0131n gender m\u0259s\u0259l\u0259l\u0259rinin h\u0259llind\u0259 m\u00fch\u00fcm rol oynay\u0131r. H\u0259m\u00e7inin media r\u0259hb\u0259rliyind\u0259 v\u0259 idar\u0259etm\u0259 qurumlar\u0131nda qad\u0131nlar\u0131n b\u0259rab\u0259r nisb\u0259td\u0259 t\u0259msil olunmas\u0131na stimul verilm\u0259si, media vasit\u0259sil\u0259 yay\u0131mlanan s\u00f6hb\u0259t v\u0259 m\u00fczakir\u0259l\u0259rd\u0259 qad\u0131nlar\u0131n daha \u00e7ox i\u015ftirak\u0131 kimi t\u00f6vsiy\u0259l\u0259r, mediada gender probleminin h\u0259llini n\u0259z\u0259rd\u0259 tutur.<\/p>\n<p>Bundan ba\u015fqa, A\u015ePA-n\u0131n 2002-ci ild\u0259 q\u0259bul edil\u0259n 1555 sayl\u0131 t\u00f6vsiy\u0259 mediada qad\u0131nlar\u0131n imici m\u0259s\u0259l\u0259sin\u0259 h\u0259sr olunub. 2017-ci ild\u0259 is\u0259 &#8220;Reklamda qad\u0131nlar\u0131n imici&#8221; adl\u0131 1799 sayl\u0131 t\u00f6vsiy\u0259 v\u0259<\/p>\n<p>reklamda qad\u0131nlar\u0131n imici haqq\u0131nda 1557 sayl\u0131 q\u0259tnam\u0259d\u0259 \u00fczv olan \u00f6lk\u0259l\u0259rd\u0259 qad\u0131nlar\u0131n probleml\u0259rinin h\u0259lli s\u0259viyy\u0259si mediada, o c\u00fcml\u0259d\u0259n media reklamlar\u0131nda qad\u0131n v\u0259 ki\u015fil\u0259rin imicinin nec\u0259 \u0259ks olundu\u011funda dair m\u00fch\u00fcm m\u0259lumatlar \u0259ksini tap\u0131b. B\u00fct\u00fcn q\u0259bul edil\u0259n s\u0259n\u0259dl\u0259rin h\u0259r birinin m\u0259qs\u0259di ondan ibar\u0259tdir ki, demokratik c\u0259miyy\u0259tl\u0259rin \u0259n m\u00fch\u00fcm prinsipl\u0259rind\u0259n biri olan gender b\u0259rab\u0259rliyi, ki\u015fi v\u0259 qad\u0131nlar aras\u0131nda b\u0259rab\u0259rliyin t\u0259min olunmas\u0131nda gender \u0259sasl\u0131 diskriminasiya v\u0259 zorak\u0131l\u0131\u011f\u0131n qar\u015f\u0131s\u0131n\u0131n al\u0131nmas\u0131nda b\u00fct\u00fcn ictimai institutlar\u0131n, o c\u00fcml\u0259d\u0259n median\u0131n imkanlar\u0131 s\u0259f\u0259rb\u0259r olunmal\u0131, praktik add\u0131mlar at\u0131lmal\u0131d\u0131r. \u00c7\u00fcnki gender b\u0259rab\u0259rliyi media da daxil olmaqla ictimai h\u0259yat\u0131n b\u00fct\u00fcn sah\u0259l\u0259rind\u0259 qad\u0131n v\u0259 ki\u015fil\u0259rin b\u0259rab\u0259r n\u00fcfuza, s\u0259lahiyy\u0259t v\u0259 m\u0259suliyy\u0259t\u0259, i\u015ftirak h\u00fcququna malik olmas\u0131 dem\u0259kdir. Gender b\u0259rab\u0259rliyinin, sosial \u0259dal\u0259tsizliyin \u0259ld\u0259 edilm\u0259si v\u0259 demokratik inki\u015fad\u0131n ard\u0131c\u0131ll\u0131\u011f\u0131n\u0131n q\u0259bul edilm\u0259si, h\u0259m\u00e7inin ictimai m\u00fcnasib\u0259tl\u0259rin d\u00fczg\u00fcn \u0259saslarla qurulmas\u0131 dem\u0259kdir.<\/p>\n<p>Biz\u00a0<a class=\"kw-link\" title=\"Az\u0259rbaycan x\u0259b\u0259rl\u0259ri\" href=\"https:\/\/metbuat.az\/news\/search?q=az%C9%99rbaycan\" target=\"_blank\" rel=\"noopener\">Az\u0259rbaycan<\/a>\u00a0t\u0259cr\u00fcb\u0259sind\u0259 gender b\u0259rab\u0259rliyinin, qad\u0131nlar \u00fc\u00e7\u00fcn real imkanlar\u0131n t\u0259min olunmas\u0131n\u0131n, c\u0259miyy\u0259tin inki\u015faf dinamikas\u0131n\u0131n s\u00fcr\u0259tl\u0259ndirilm\u0259sind\u0259 m\u0259 q\u0259d\u0259r t\u0259sirli oldu\u011funun \u015fahidi oluruq. Bu g\u00fcn Az\u0259rbaycan qad\u0131n\u0131 ictimai h\u0259yat\u0131n b\u00fct\u00fcn sah\u0259l\u0259rind\u0259 \u00e7ox b\u00f6y\u00fck f\u0259all\u0131q g\u00f6st\u0259rir&#8221;.<\/p>\n<p>METBUAT.AZ<\/p>\n","protected":false},"excerpt":{"rendered":"<p>&#8220;Media gender b\u0259rab\u0259rliyi istiqam\u0259tind\u0259 struktur d\u0259yi\u015fikliyin\u0259 h\u0259m t\u0259kan ver\u0259 bil\u0259r, h\u0259m d\u0259 ona mane ola bil\u0259r. T\u0259\u0259ss\u00fcf ki, t\u0259dqiqatlardan da ayd\u0131n g\u00f6r\u00fcnd\u00fcy\u00fc kimi media sahibkarl\u0131\u011f\u0131nda, informasiya istehsal\u0131nda v\u0259 jurnalistikada redaksiyalarda r\u0259hb\u0259r v\u0259zif\u0259l\u0259rd\u0259 qad\u0131nlar kifay\u0259t q\u0259d\u0259r t\u0259msil olunmur&#8221;. ARANTV.AZ-\u0131n m\u0259lumat\u0131na g\u00f6r\u0259, bunu &#8220;Gender b\u0259rab\u0259rliyi v\u0259 media&#8221; m\u00f6vzusunda ke\u00e7iril\u0259n konfransda mill\u0259t v\u0259kili, Avropa \u015euras\u0131 Parlament Assambleyas\u0131n\u0131n B\u0259rab\u0259rlik v\u0259 ayr\u0131-se\u00e7kiliy\u0259 yol verilm\u0259m\u0259si Komit\u0259sinin \u00fczv\u00fc Sahib\u0259 Qafarova bildirib. Onun s\u00f6zl\u0259rin\u0259 g\u00f6r\u0259, bu, qad\u0131nlar\u0131n h\u0259m k\u0259miyy\u0259t, h\u0259m d\u0259 keyfiyy\u0259t bax\u0131m\u0131ndan K\u00fctl\u0259vi \u0130nformasiya Vasit\u0259l\u0259rinin m\u0259zmununda az g\u00f6r\u00fcnm\u0259sin\u0259, K\u0130V-d\u0259 nadir hallarda qad\u0131nlar\u0131n ekspert qismind\u0259 \u00e7\u0131x\u0131\u015f etm\u0259sind\u0259 v\u0259&hellip;<\/p>\n","protected":false},"author":2,"featured_media":57537,"comment_status":"closed","ping_status":"closed","sticky":false,"template":"","format":"standard","meta":{"om_disable_all_campaigns":false,"_monsterinsights_skip_tracking":false,"_monsterinsights_sitenote_active":false,"_monsterinsights_sitenote_note":"","_monsterinsights_sitenote_category":0},"categories":[1],"tags":[],"aioseo_notices":[],"gutentor_comment":0,"rttpg_featured_image_url":{"full":["https:\/\/arantv.az\/wp-content\/uploads\/2019\/05\/1186958.jpg",734,406,false],"landscape":["https:\/\/arantv.az\/wp-content\/uploads\/2019\/05\/1186958.jpg",734,406,false],"portraits":["https:\/\/arantv.az\/wp-content\/uploads\/2019\/05\/1186958.jpg",734,406,false],"thumbnail":["https:\/\/arantv.az\/wp-content\/uploads\/2019\/05\/1186958-150x150.jpg",150,150,true],"medium":["https:\/\/arantv.az\/wp-content\/uploads\/2019\/05\/1186958-300x166.jpg",300,166,true],"large":["https:\/\/arantv.az\/wp-content\/uploads\/2019\/05\/1186958.jpg",640,354,false],"1536x1536":["https:\/\/arantv.az\/wp-content\/uploads\/2019\/05\/1186958.jpg",734,406,false],"2048x2048":["https:\/\/arantv.az\/wp-content\/uploads\/2019\/05\/1186958.jpg",734,406,false],"post-thumbnail":["https:\/\/arantv.az\/wp-content\/uploads\/2019\/05\/1186958-240x172.jpg",240,172,true],"advps-thumb-one":["https:\/\/arantv.az\/wp-content\/uploads\/2019\/05\/1186958.jpg",734,406,false]},"rttpg_author":{"display_name":"V\u00fcsal Rafiqo\u011flu","author_link":"https:\/\/arantv.az\/?author=2"},"rttpg_comment":0,"rttpg_category":"<a href=\"https:\/\/arantv.az\/?cat=1\" rel=\"category\">C\u0259miyy\u0259t<\/a>","rttpg_excerpt":"&#8220;Media gender b\u0259rab\u0259rliyi istiqam\u0259tind\u0259 struktur d\u0259yi\u015fikliyin\u0259 h\u0259m t\u0259kan ver\u0259 bil\u0259r, h\u0259m d\u0259 ona mane ola bil\u0259r. T\u0259\u0259ss\u00fcf ki, t\u0259dqiqatlardan da ayd\u0131n g\u00f6r\u00fcnd\u00fcy\u00fc kimi media sahibkarl\u0131\u011f\u0131nda, informasiya istehsal\u0131nda v\u0259 jurnalistikada redaksiyalarda r\u0259hb\u0259r v\u0259zif\u0259l\u0259rd\u0259 qad\u0131nlar kifay\u0259t q\u0259d\u0259r t\u0259msil olunmur&#8221;. ARANTV.AZ-\u0131n m\u0259lumat\u0131na g\u00f6r\u0259, bunu &#8220;Gender b\u0259rab\u0259rliyi v\u0259 media&#8221; m\u00f6vzusunda ke\u00e7iril\u0259n konfransda mill\u0259t v\u0259kili, Avropa \u015euras\u0131 Parlament Assambleyas\u0131n\u0131n B\u0259rab\u0259rlik&hellip;","_links":{"self":[{"href":"https:\/\/arantv.az\/index.php?rest_route=\/wp\/v2\/posts\/57536"}],"collection":[{"href":"https:\/\/arantv.az\/index.php?rest_route=\/wp\/v2\/posts"}],"about":[{"href":"https:\/\/arantv.az\/index.php?rest_route=\/wp\/v2\/types\/post"}],"author":[{"embeddable":true,"href":"https:\/\/arantv.az\/index.php?rest_route=\/wp\/v2\/users\/2"}],"replies":[{"embeddable":true,"href":"https:\/\/arantv.az\/index.php?rest_route=%2Fwp%2Fv2%2Fcomments&post=57536"}],"version-history":[{"count":0,"href":"https:\/\/arantv.az\/index.php?rest_route=\/wp\/v2\/posts\/57536\/revisions"}],"wp:featuredmedia":[{"embeddable":true,"href":"https:\/\/arantv.az\/index.php?rest_route=\/wp\/v2\/media\/57537"}],"wp:attachment":[{"href":"https:\/\/arantv.az\/index.php?rest_route=%2Fwp%2Fv2%2Fmedia&parent=57536"}],"wp:term":[{"taxonomy":"category","embeddable":true,"href":"https:\/\/arantv.az\/index.php?rest_route=%2Fwp%2Fv2%2Fcategories&post=57536"},{"taxonomy":"post_tag","embeddable":true,"href":"https:\/\/arantv.az\/index.php?rest_route=%2Fwp%2Fv2%2Ftags&post=57536"}],"curies":[{"name":"wp","href":"https:\/\/api.w.org\/{rel}","templated":true}]}}