{"id":57545,"date":"2019-05-13T14:58:02","date_gmt":"2019-05-13T11:58:02","guid":{"rendered":"http:\/\/arantv.az\/?p=57545"},"modified":"2019-05-13T14:58:02","modified_gmt":"2019-05-13T11:58:02","slug":"az%c9%99rbaycanda-baliq-novu-azalir-brakonyerl%c9%99rin-qarsisini-nec%c9%99-alaq","status":"publish","type":"post","link":"https:\/\/arantv.az\/?p=57545","title":{"rendered":"Az\u0259rbaycanda bal\u0131q n\u00f6v\u00fc azal\u0131r &#8211; Brakonyerl\u0259rin qar\u015f\u0131s\u0131n\u0131 nec\u0259 alaq?"},"content":{"rendered":"<p>\u0130ndi bal\u0131qlar\u0131n k\u00fcr\u00fct\u00f6km\u0259 d\u00f6vr\u00fc oldu\u011fu \u00fc\u00e7\u00fcn sentyabr\u0131n 1-d\u0259k s\u0259naye bal\u0131q ovu qada\u011fan edilib. Lakin brakonyerl\u0259r t\u0259r\u0259find\u0259n yen\u0259 d\u0259 q\u0259ddarcas\u0131na bal\u0131q ovlanmas\u0131 hallar\u0131 m\u00fc\u015fahid\u0259 olunur.<\/p>\n<p>Bunu jurnalistl\u0259r\u0259 a\u00e7\u0131qlamas\u0131nda Ekologiya v\u0259 T\u0259bii S\u0259rv\u0259tl\u0259r Nazirliyinin m\u0259tbuat katibi \u0130rad\u0259 \u0130brahimova bildirib.<\/p>\n<p>Onun s\u00f6zl\u0259rin\u0259 g\u00f6r\u0259, bu hal \u00f6lk\u0259d\u0259 bal\u0131q n\u00f6v\u00fcn\u00fcn azalmas\u0131na s\u0259b\u0259b olur:<\/p>\n<div id=\"AdviadNativeVideo0\" class=\"AdviadNativeVideo\"><\/div>\n<p>\u201cNiy\u0259 bal\u0131q\u00e7\u0131lar d\u00fc\u015f\u00fcnm\u00fcrl\u0259r ki, k\u00fcr\u00fct\u00f6km\u0259 d\u00f6vr\u00fcnd\u0259 bal\u0131\u011f\u0131n ovlanmas\u0131 onun k\u00f6k\u00fcn\u00fcn k\u0259silm\u0259si dem\u0259kdir? M\u0259g\u0259r bunun \u00fc\u00e7\u00fcn hans\u0131sa elmi yana\u015fmaya ehtiyac var? Ham\u0131ya b\u0259llidir ki, k\u00fcr\u00fcs\u00fc olan bal\u0131q ovlan\u0131rsa, y\u00fczl\u0259rl\u0259 k\u00f6rp\u0259 bal\u0131q m\u0259hv edilir. N\u0259tic\u0259d\u0259, ild\u0259n-il\u0259 bal\u0131q n\u00f6vl\u0259rinin say\u0131 azal\u0131r.<\/p>\n<p>Bu da \u00f6lk\u0259nin bal\u0131q ehtiyatlar\u0131n\u0131n m\u0259hvin\u0259 \u015f\u0259rait yaradan bir h\u0259r\u0259k\u0259tdir. Ham\u0131l\u0131qla bel\u0259 d\u00fc\u015f\u00fcnc\u0259siz add\u0131m atan \u015f\u0259xsl\u0259rin qar\u015f\u0131s\u0131n\u0131 almal\u0131y\u0131q. Anlamal\u0131y\u0131q ki, bal\u0131qlar\u0131n kort\u0259bii ovlanmas\u0131 az bir vaxtda qar\u015f\u0131s\u0131al\u0131nmaz f\u0259sadlara s\u0259b\u0259b olacaq\u201d.<\/p>\n<p>\u0130rad\u0259 \u0130brahimova bildirib ki, son d\u00f6rd\u00a0ay \u0259rzind\u0259 42 i\u015f h\u00fcquq-m\u00fchafiz\u0259 orqanlar\u0131na g\u00f6nd\u0259rilib:<\/p>\n<p>\u201cEkologiya v\u0259 T\u0259bii S\u0259rv\u0259tl\u0259r Nazirliyi icaz\u0259siz bal\u0131q ovu il\u0259 m\u0259\u015f\u011ful olan, qada\u011fan olunmu\u015f ov al\u0259tl\u0259tind\u0259n istifad\u0259 ed\u0259n, n\u0259z\u0259rd\u0259 tutulmayan yerl\u0259rd\u0259 bal\u0131q ovlayan brakonyerl\u0259rin qar\u015f\u0131s\u0131n\u0131 almaq \u00fc\u00e7\u00fcn m\u00fct\u0259madi reydl\u0259r ke\u00e7irir v\u0259 saxlan\u0131lanlar\u0131n i\u015fi prosedura uy\u011fun olaraq t\u0259dbir g\u00f6r\u00fclm\u0259si \u00fc\u00e7\u00fcn h\u00fcquq m\u00fchafiz\u0259 orqanlar\u0131na g\u00f6nd\u0259rilir.<\/p>\n<p>Amma bir-iki qurumun \u0259m\u0259kda\u015f\u0131n\u0131n d\u0259nizin v\u0259 \u00e7aylar\u0131n b\u00fct\u00fcn n\u00f6qt\u0259l\u0259rini qoruyub brakonyerl\u0259ri a\u015fkar etm\u0259si fiziki olaraq m\u00fcmk\u00fcn deyil, bu i\u015fd\u0259 c\u0259miyy\u0259tin b\u00fct\u00fcn t\u0259b\u0259q\u0259l\u0259rinin say\u0131ql\u0131\u011f\u0131 vacibdir.<\/p>\n<p>Bir m\u0259s\u0259l\u0259ni d\u0259 qeyd etm\u0259k ist\u0259rdim ki, bir \u00e7ox hallarda b\u0259zi v\u0259t\u0259nda\u015flar rastla\u015fd\u0131qlar\u0131 brakonyerl\u0259rin g\u00f6r\u00fcnt\u00fcs\u00fcn\u00fc \u00e7\u0259k\u0259r\u0259k yay\u0131rlar. D\u00fczd\u00fcr, bu da laz\u0131md\u0131r, lakin bundan daha \u00f6n\u0259mlisi onlar\u0131 q\u0131naq etm\u0259k, d\u0259rhal polis\u0259 v\u0259 ya nazirliy\u0259 m\u0259lumat verm\u0259kdir. M\u0259nc\u0259, bu c\u00fcr yana\u015fma daha effektiv v\u0259 faydal\u0131 olar\u201d, &#8211; \u0130.\u0130brahimova vur\u011fulay\u0131b.<\/p>\n<p>\u201cOnu da deyim ki, bal\u0131q v\u0259 dig\u0259r su bioresurslar\u0131n\u0131n s\u0259naye m\u0259qs\u0259dl\u0259ri il\u0259 ovlanmas\u0131 k\u00fcr\u00fct\u00f6km\u0259 d\u00f6vr\u00fc il\u0259 \u0259laq\u0259dar Nazirl\u0259r Kabinetinin 02 iyun 2017-ci il tarixli Q\u0259rar\u0131 il\u0259 t\u0259sdiq edilmi\u015f \u201cBal\u0131q v\u0259 dig\u0259r su bioresurslar\u0131 ovunun Qaydalar\u0131\u201dna \u0259sas\u0259n daxili su h\u00f6vz\u0259l\u0259rind\u0259 aprel ay\u0131n\u0131n 1-d\u0259n, X\u0259z\u0259r d\u0259nizind\u0259 is\u0259 may ay\u0131n\u0131n 1-d\u0259n sentyabr ay\u0131n\u0131n 1-d\u0259k qada\u011fand\u0131r\u201d, &#8211; dey\u0259 nazirlik r\u0259smisi qeyd edib.<\/p>\n","protected":false},"excerpt":{"rendered":"<p>\u0130ndi bal\u0131qlar\u0131n k\u00fcr\u00fct\u00f6km\u0259 d\u00f6vr\u00fc oldu\u011fu \u00fc\u00e7\u00fcn sentyabr\u0131n 1-d\u0259k s\u0259naye bal\u0131q ovu qada\u011fan edilib. Lakin brakonyerl\u0259r t\u0259r\u0259find\u0259n yen\u0259 d\u0259 q\u0259ddarcas\u0131na bal\u0131q ovlanmas\u0131 hallar\u0131 m\u00fc\u015fahid\u0259 olunur. Bunu jurnalistl\u0259r\u0259 a\u00e7\u0131qlamas\u0131nda Ekologiya v\u0259 T\u0259bii S\u0259rv\u0259tl\u0259r Nazirliyinin m\u0259tbuat katibi \u0130rad\u0259 \u0130brahimova bildirib. Onun s\u00f6zl\u0259rin\u0259 g\u00f6r\u0259, bu hal \u00f6lk\u0259d\u0259 bal\u0131q n\u00f6v\u00fcn\u00fcn azalmas\u0131na s\u0259b\u0259b olur: \u201cNiy\u0259 bal\u0131q\u00e7\u0131lar d\u00fc\u015f\u00fcnm\u00fcrl\u0259r ki, k\u00fcr\u00fct\u00f6km\u0259 d\u00f6vr\u00fcnd\u0259 bal\u0131\u011f\u0131n ovlanmas\u0131 onun k\u00f6k\u00fcn\u00fcn k\u0259silm\u0259si dem\u0259kdir? M\u0259g\u0259r bunun \u00fc\u00e7\u00fcn hans\u0131sa elmi yana\u015fmaya ehtiyac var? Ham\u0131ya b\u0259llidir ki, k\u00fcr\u00fcs\u00fc olan bal\u0131q ovlan\u0131rsa, y\u00fczl\u0259rl\u0259 k\u00f6rp\u0259 bal\u0131q m\u0259hv edilir. N\u0259tic\u0259d\u0259, ild\u0259n-il\u0259 bal\u0131q n\u00f6vl\u0259rinin say\u0131 azal\u0131r. Bu da \u00f6lk\u0259nin bal\u0131q&hellip;<\/p>\n","protected":false},"author":2,"featured_media":57546,"comment_status":"closed","ping_status":"closed","sticky":false,"template":"","format":"standard","meta":{"om_disable_all_campaigns":false,"_monsterinsights_skip_tracking":false,"_monsterinsights_sitenote_active":false,"_monsterinsights_sitenote_note":"","_monsterinsights_sitenote_category":0},"categories":[1],"tags":[],"aioseo_notices":[],"gutentor_comment":0,"rttpg_featured_image_url":{"full":["https:\/\/arantv.az\/wp-content\/uploads\/2019\/05\/c692a3e862357993042c55980e47454c.jpg",620,425,false],"landscape":["https:\/\/arantv.az\/wp-content\/uploads\/2019\/05\/c692a3e862357993042c55980e47454c.jpg",620,425,false],"portraits":["https:\/\/arantv.az\/wp-content\/uploads\/2019\/05\/c692a3e862357993042c55980e47454c.jpg",620,425,false],"thumbnail":["https:\/\/arantv.az\/wp-content\/uploads\/2019\/05\/c692a3e862357993042c55980e47454c-150x150.jpg",150,150,true],"medium":["https:\/\/arantv.az\/wp-content\/uploads\/2019\/05\/c692a3e862357993042c55980e47454c-300x206.jpg",300,206,true],"large":["https:\/\/arantv.az\/wp-content\/uploads\/2019\/05\/c692a3e862357993042c55980e47454c.jpg",620,425,false],"1536x1536":["https:\/\/arantv.az\/wp-content\/uploads\/2019\/05\/c692a3e862357993042c55980e47454c.jpg",620,425,false],"2048x2048":["https:\/\/arantv.az\/wp-content\/uploads\/2019\/05\/c692a3e862357993042c55980e47454c.jpg",620,425,false],"post-thumbnail":["https:\/\/arantv.az\/wp-content\/uploads\/2019\/05\/c692a3e862357993042c55980e47454c-240x172.jpg",240,172,true],"advps-thumb-one":["https:\/\/arantv.az\/wp-content\/uploads\/2019\/05\/c692a3e862357993042c55980e47454c.jpg",620,425,false]},"rttpg_author":{"display_name":"V\u00fcsal Rafiqo\u011flu","author_link":"https:\/\/arantv.az\/?author=2"},"rttpg_comment":0,"rttpg_category":"<a href=\"https:\/\/arantv.az\/?cat=1\" rel=\"category\">C\u0259miyy\u0259t<\/a>","rttpg_excerpt":"\u0130ndi bal\u0131qlar\u0131n k\u00fcr\u00fct\u00f6km\u0259 d\u00f6vr\u00fc oldu\u011fu \u00fc\u00e7\u00fcn sentyabr\u0131n 1-d\u0259k s\u0259naye bal\u0131q ovu qada\u011fan edilib. Lakin brakonyerl\u0259r t\u0259r\u0259find\u0259n yen\u0259 d\u0259 q\u0259ddarcas\u0131na bal\u0131q ovlanmas\u0131 hallar\u0131 m\u00fc\u015fahid\u0259 olunur. Bunu jurnalistl\u0259r\u0259 a\u00e7\u0131qlamas\u0131nda Ekologiya v\u0259 T\u0259bii S\u0259rv\u0259tl\u0259r Nazirliyinin m\u0259tbuat katibi \u0130rad\u0259 \u0130brahimova bildirib. Onun s\u00f6zl\u0259rin\u0259 g\u00f6r\u0259, bu hal \u00f6lk\u0259d\u0259 bal\u0131q n\u00f6v\u00fcn\u00fcn azalmas\u0131na s\u0259b\u0259b olur: \u201cNiy\u0259 bal\u0131q\u00e7\u0131lar d\u00fc\u015f\u00fcnm\u00fcrl\u0259r ki, k\u00fcr\u00fct\u00f6km\u0259 d\u00f6vr\u00fcnd\u0259 bal\u0131\u011f\u0131n&hellip;","_links":{"self":[{"href":"https:\/\/arantv.az\/index.php?rest_route=\/wp\/v2\/posts\/57545"}],"collection":[{"href":"https:\/\/arantv.az\/index.php?rest_route=\/wp\/v2\/posts"}],"about":[{"href":"https:\/\/arantv.az\/index.php?rest_route=\/wp\/v2\/types\/post"}],"author":[{"embeddable":true,"href":"https:\/\/arantv.az\/index.php?rest_route=\/wp\/v2\/users\/2"}],"replies":[{"embeddable":true,"href":"https:\/\/arantv.az\/index.php?rest_route=%2Fwp%2Fv2%2Fcomments&post=57545"}],"version-history":[{"count":0,"href":"https:\/\/arantv.az\/index.php?rest_route=\/wp\/v2\/posts\/57545\/revisions"}],"wp:featuredmedia":[{"embeddable":true,"href":"https:\/\/arantv.az\/index.php?rest_route=\/wp\/v2\/media\/57546"}],"wp:attachment":[{"href":"https:\/\/arantv.az\/index.php?rest_route=%2Fwp%2Fv2%2Fmedia&parent=57545"}],"wp:term":[{"taxonomy":"category","embeddable":true,"href":"https:\/\/arantv.az\/index.php?rest_route=%2Fwp%2Fv2%2Fcategories&post=57545"},{"taxonomy":"post_tag","embeddable":true,"href":"https:\/\/arantv.az\/index.php?rest_route=%2Fwp%2Fv2%2Ftags&post=57545"}],"curies":[{"name":"wp","href":"https:\/\/api.w.org\/{rel}","templated":true}]}}