{"id":57601,"date":"2019-05-13T16:08:14","date_gmt":"2019-05-13T13:08:14","guid":{"rendered":"http:\/\/arantv.az\/?p=57601"},"modified":"2019-05-14T09:15:52","modified_gmt":"2019-05-14T06:15:52","slug":"daxili-isl%c9%99r-naziri-genral-polkovnik-ramil-usubov-mayin-12-d%c9%99-b%c9%99rd%c9%99-rayon-polis-sob%c9%99sind%c9%99-sira-baxisi-kecirilib","status":"publish","type":"post","link":"https:\/\/arantv.az\/?p=57601","title":{"rendered":"Daxili i\u015fl\u0259r naziri genral -polkovnik Ramil Usubov may\u0131n 12- d\u0259 B\u0259rd\u0259  Rayon Polis \u015e\u00f6b\u0259sind\u0259  s\u0131ra bax\u0131\u015f\u0131 ke\u00e7irib."},"content":{"rendered":"<p><strong>ARANTV.AZ\u00a0<\/strong> x\u0259b\u0259r verir ki, Daxili i\u015fl\u0259r naziri genral -polkovnik Ramil Usubov may\u0131n 12- d\u0259 B\u0259rd\u0259 Rayon Polis \u015e\u00f6b\u0259sind\u0259 polis orqanlar\u0131n\u0131n f\u0259aliyy\u0259ti il\u0259 ba\u011fl\u0131 m\u0259s\u0259l\u0259l\u0259rl\u0259 \u0259laq\u0259d\u0259r n\u00f6vb\u0259ti q\u0259bul may\u0131n 13-d\u0259 is\u0259 vakant olan siravi v\u0259 ki\u00e7ik r\u0259is hey\u0259ti v\u0259zif\u0259l\u0259rin\u0259 xidm\u0259t q\u0259bulla ba\u011fl\u0131 s\u0131ra bax\u0131\u015f\u0131 ke\u00e7iriilib.<\/p>\n<p>&nbsp;<\/p>\n<p>&nbsp;<\/p>\n<p>&nbsp;<\/p>\n<p>&nbsp;<\/p>\n<p>&nbsp;<\/p>\n","protected":false},"excerpt":{"rendered":"<p>ARANTV.AZ\u00a0 x\u0259b\u0259r verir ki, Daxili i\u015fl\u0259r naziri genral -polkovnik Ramil Usubov may\u0131n 12- d\u0259 B\u0259rd\u0259 Rayon Polis \u015e\u00f6b\u0259sind\u0259 polis orqanlar\u0131n\u0131n f\u0259aliyy\u0259ti il\u0259 ba\u011fl\u0131 m\u0259s\u0259l\u0259l\u0259rl\u0259 \u0259laq\u0259d\u0259r n\u00f6vb\u0259ti q\u0259bul may\u0131n 13-d\u0259 is\u0259 vakant olan siravi v\u0259 ki\u00e7ik r\u0259is hey\u0259ti v\u0259zif\u0259l\u0259rin\u0259 xidm\u0259t q\u0259bulla ba\u011fl\u0131 s\u0131ra bax\u0131\u015f\u0131 ke\u00e7iriilib. &nbsp; &nbsp; &nbsp; &nbsp; &nbsp;<\/p>\n","protected":false},"author":2,"featured_media":57603,"comment_status":"closed","ping_status":"closed","sticky":false,"template":"","format":"standard","meta":{"om_disable_all_campaigns":false,"_monsterinsights_skip_tracking":false,"_monsterinsights_sitenote_active":false,"_monsterinsights_sitenote_note":"","_monsterinsights_sitenote_category":0},"categories":[19,2],"tags":[],"aioseo_notices":[],"gutentor_comment":0,"rttpg_featured_image_url":{"full":["https:\/\/arantv.az\/wp-content\/uploads\/2019\/05\/f368516e-81ca-44b2-9363-d703504d4954.jpg",540,349,false],"landscape":["https:\/\/arantv.az\/wp-content\/uploads\/2019\/05\/f368516e-81ca-44b2-9363-d703504d4954.jpg",540,349,false],"portraits":["https:\/\/arantv.az\/wp-content\/uploads\/2019\/05\/f368516e-81ca-44b2-9363-d703504d4954.jpg",540,349,false],"thumbnail":["https:\/\/arantv.az\/wp-content\/uploads\/2019\/05\/f368516e-81ca-44b2-9363-d703504d4954-150x150.jpg",150,150,true],"medium":["https:\/\/arantv.az\/wp-content\/uploads\/2019\/05\/f368516e-81ca-44b2-9363-d703504d4954-300x194.jpg",300,194,true],"large":["https:\/\/arantv.az\/wp-content\/uploads\/2019\/05\/f368516e-81ca-44b2-9363-d703504d4954.jpg",540,349,false],"1536x1536":["https:\/\/arantv.az\/wp-content\/uploads\/2019\/05\/f368516e-81ca-44b2-9363-d703504d4954.jpg",540,349,false],"2048x2048":["https:\/\/arantv.az\/wp-content\/uploads\/2019\/05\/f368516e-81ca-44b2-9363-d703504d4954.jpg",540,349,false],"post-thumbnail":["https:\/\/arantv.az\/wp-content\/uploads\/2019\/05\/f368516e-81ca-44b2-9363-d703504d4954-240x172.jpg",240,172,true],"advps-thumb-one":["https:\/\/arantv.az\/wp-content\/uploads\/2019\/05\/f368516e-81ca-44b2-9363-d703504d4954.jpg",540,349,false]},"rttpg_author":{"display_name":"V\u00fcsal Rafiqo\u011flu","author_link":"https:\/\/arantv.az\/?author=2"},"rttpg_comment":0,"rttpg_category":"<a href=\"https:\/\/arantv.az\/?cat=19\" rel=\"category\">G\u00fcnd\u0259m<\/a> <a href=\"https:\/\/arantv.az\/?cat=2\" rel=\"category\">Region X\u0259b\u0259rl\u0259ri<\/a>","rttpg_excerpt":"ARANTV.AZ\u00a0 x\u0259b\u0259r verir ki, Daxili i\u015fl\u0259r naziri genral -polkovnik Ramil Usubov may\u0131n 12- d\u0259 B\u0259rd\u0259 Rayon Polis \u015e\u00f6b\u0259sind\u0259 polis orqanlar\u0131n\u0131n f\u0259aliyy\u0259ti il\u0259 ba\u011fl\u0131 m\u0259s\u0259l\u0259l\u0259rl\u0259 \u0259laq\u0259d\u0259r n\u00f6vb\u0259ti q\u0259bul may\u0131n 13-d\u0259 is\u0259 vakant olan siravi v\u0259 ki\u00e7ik r\u0259is hey\u0259ti v\u0259zif\u0259l\u0259rin\u0259 xidm\u0259t q\u0259bulla ba\u011fl\u0131 s\u0131ra bax\u0131\u015f\u0131 ke\u00e7iriilib. &nbsp; &nbsp; &nbsp; &nbsp; &nbsp;","_links":{"self":[{"href":"https:\/\/arantv.az\/index.php?rest_route=\/wp\/v2\/posts\/57601"}],"collection":[{"href":"https:\/\/arantv.az\/index.php?rest_route=\/wp\/v2\/posts"}],"about":[{"href":"https:\/\/arantv.az\/index.php?rest_route=\/wp\/v2\/types\/post"}],"author":[{"embeddable":true,"href":"https:\/\/arantv.az\/index.php?rest_route=\/wp\/v2\/users\/2"}],"replies":[{"embeddable":true,"href":"https:\/\/arantv.az\/index.php?rest_route=%2Fwp%2Fv2%2Fcomments&post=57601"}],"version-history":[{"count":0,"href":"https:\/\/arantv.az\/index.php?rest_route=\/wp\/v2\/posts\/57601\/revisions"}],"wp:featuredmedia":[{"embeddable":true,"href":"https:\/\/arantv.az\/index.php?rest_route=\/wp\/v2\/media\/57603"}],"wp:attachment":[{"href":"https:\/\/arantv.az\/index.php?rest_route=%2Fwp%2Fv2%2Fmedia&parent=57601"}],"wp:term":[{"taxonomy":"category","embeddable":true,"href":"https:\/\/arantv.az\/index.php?rest_route=%2Fwp%2Fv2%2Fcategories&post=57601"},{"taxonomy":"post_tag","embeddable":true,"href":"https:\/\/arantv.az\/index.php?rest_route=%2Fwp%2Fv2%2Ftags&post=57601"}],"curies":[{"name":"wp","href":"https:\/\/api.w.org\/{rel}","templated":true}]}}