{"id":57606,"date":"2019-05-13T16:13:38","date_gmt":"2019-05-13T13:13:38","guid":{"rendered":"http:\/\/arantv.az\/?p=57606"},"modified":"2019-05-13T16:13:38","modified_gmt":"2019-05-13T13:13:38","slug":"kur%c9%99k%c9%99n-onu-t%c9%99hqir-ed%c9%99n-qayinatasini-%c9%99vv%c9%99lc%c9%99-bogdu-sonra-ur%c9%99yind%c9%99n-bicaqladi","status":"publish","type":"post","link":"https:\/\/arantv.az\/?p=57606","title":{"rendered":"K\u00fcr\u0259k\u0259n onu t\u0259hqir ed\u0259n qay\u0131natas\u0131n\u0131 \u0259vv\u0259lc\u0259 bo\u011fdu, sonra \u00fcr\u0259yind\u0259n b\u0131\u00e7aqlad\u0131"},"content":{"rendered":"<p>G\u00f6y\u00e7ayda qay\u0131natas\u0131n\u0131 \u00f6ld\u00fcrm\u0259kd\u0259 t\u0259qsirli bilin\u0259n Qalib Ba\u011f\u0131rov m\u0259hk\u0259m\u0259y\u0259 apellyasiya \u015fikay\u0259ti verib.<\/p>\n<p>T\u0259qsirl\u0259ndiril\u0259n \u015f\u0259xsin \u015fikay\u0259tin\u0259 may ay\u0131n\u0131n 16-da Bak\u0131 Apellyasiya m\u0259hk\u0259m\u0259sind\u0259 hakim Q\u0259dim Babayevin s\u0259drliyi il\u0259 ke\u00e7iril\u0259c\u0259k m\u0259hk\u0259m\u0259 prosesind\u0259 bax\u0131lacaq.<\/p>\n<p>M\u0259hk\u0259m\u0259 yolu il\u0259 m\u00fc\u0259yy\u0259n edilib ki, Qalib Ba\u011f\u0131rov 2009-cu ilin sentyabr ay\u0131nda V\u0259fa Ba\u011f\u0131rova il\u0259 ail\u0259 h\u0259yat\u0131 qurub. Bu evlilikd\u0259n naraz\u0131 qalan qay\u0131natas\u0131 Rza \u0130smay\u0131lov onlar\u0131 ay\u0131rmaq \u00fc\u00e7\u00fcn t\u0259\u015f\u0259bb\u00fcs g\u00f6st\u0259r\u0259r\u0259k, m\u00fct\u0259madi olaraq k\u00fcr\u0259k\u0259nini v\u0259 q\u0131z\u0131n\u0131 nalayiq s\u00f6y\u00fc\u015fl\u0259rl\u0259 s\u00f6y\u00fcb t\u0259hqir edib. Qay\u0131natas\u0131n\u0131n xo\u015fag\u0259lm\u0259z r\u0259ftar\u0131ndan t\u0259ng\u0259 g\u0259l\u0259n Qalib Ba\u011f\u0131rov onu \u00f6ld\u00fcrm\u0259yi q\u0259rarla\u015fd\u0131r\u0131b. Bu m\u0259qs\u0259dl\u0259 d\u0259 o, arvad\u0131 il\u0259 birlikd\u0259 2010-cu ilin avqust ay\u0131n\u0131n 6-dan 7-n\u0259 ke\u00e7\u0259n gec\u0259 qay\u0131natas\u0131n\u0131n g\u00f6z\u0259t\u00e7i i\u015fl\u0259diyi G\u00f6y\u00e7ay rayon Qarabaqqal k\u0259ndinin k\u0259nar\u0131nda yerl\u0259\u015f\u0259n qoyun fermas\u0131na g\u0259lib. Arvad\u0131na yolun k\u0259nar\u0131nda g\u00f6zl\u0259m\u0259sini tap\u015f\u0131raraq t\u0259k fermaya gedib, qay\u0131natas\u0131 Rza \u0130smay\u0131lovun \u00f6z ota\u011f\u0131nda k\u0259rpic zavodunun g\u00f6z\u0259t\u00e7isi B\u0259hruz M\u0259mm\u0259dovla yeyib-i\u00e7m\u0259sini g\u00f6r\u0259r\u0259k g\u00f6zl\u0259yib. Sonuncu getdikd\u0259n sonra h\u0259y\u0259td\u0259 m\u0259ftild\u0259n as\u0131lm\u0131\u015f \u0259l-\u00fcz d\u0259smal\u0131n\u0131 g\u00f6t\u00fcr\u00fcb qay\u0131natas\u0131n\u0131n yatd\u0131\u011f\u0131 ota\u011fa daxil olub. \u00c7arpay\u0131da uzanan qay\u0131natas\u0131n\u0131n bo\u011faz\u0131ndan yap\u0131\u015faraq yuxar\u0131 qald\u0131r\u0131b, \u0259lind\u0259ki d\u0259smal\u0131 onun boynuna ke\u00e7ir\u0259r\u0259k m\u00f6hk\u0259m s\u0131x\u0131b. Rza \u0130smay\u0131lovun boynunun q\u0131r\u0131ld\u0131\u011f\u0131n\u0131 z\u0259nn ed\u0259r\u0259k \u00e7\u00f6l\u0259 \u00e7\u0131x\u0131b. Lakin qay\u0131natas\u0131na qar\u015f\u0131 kini soyumad\u0131\u011f\u0131ndan t\u0259krar geri qay\u0131daraq b\u0131\u00e7aqla onun boyun nahiy\u0259sind\u0259n bir d\u0259f\u0259 z\u0259rb\u0259 endirib.<\/p>\n<div id=\"AdviadNativeVideo0\" class=\"AdviadNativeVideo\"><\/div>\n<p>Sonuncu ald\u0131\u011f\u0131 x\u0259sar\u0259tl\u0259rd\u0259n hadis\u0259 yerind\u0259c\u0259 ke\u00e7inib.<br \/>\nT\u0259xmin\u0259n 1 saat sonra Qalib arvad\u0131n\u0131n yan\u0131na qay\u0131d\u0131b. Qalibd\u0259n atama n\u0259 etdiyini soru\u015fan V\u0259fa Ba\u011f\u0131rovaya &#8220;Atana \u00fcr\u0259k s\u00f6zl\u0259rimi deyib qay\u0131td\u0131m&#8221;, &#8211; dey\u0259 cavab verib.<\/p>\n<p>Bak\u0131 A\u011f\u0131r Cinay\u0259tl\u0259r M\u0259hk\u0259m\u0259sind\u0259 hakim Rasim Sad\u0131xovun s\u0259drliyi il\u0259 ke\u00e7iril\u0259n prosesd\u0259 h\u00f6km oxunub. M\u0259hk\u0259m\u0259nin h\u00f6km\u00fc il\u0259 Qalib Ba\u011f\u0131rov c\u0259zas\u0131n\u0131 \u00fcmumi rejimli c\u0259za\u00e7\u0259km\u0259 m\u00fc\u0259ssis\u0259sind\u0259 \u00e7\u0259km\u0259kl\u0259 11 il m\u00fcdd\u0259tin\u0259 azadl\u0131qdan m\u0259hrum edilib.<\/p>\n<p>m\u0259nb\u0259: olke.az<\/p>\n","protected":false},"excerpt":{"rendered":"<p>G\u00f6y\u00e7ayda qay\u0131natas\u0131n\u0131 \u00f6ld\u00fcrm\u0259kd\u0259 t\u0259qsirli bilin\u0259n Qalib Ba\u011f\u0131rov m\u0259hk\u0259m\u0259y\u0259 apellyasiya \u015fikay\u0259ti verib. T\u0259qsirl\u0259ndiril\u0259n \u015f\u0259xsin \u015fikay\u0259tin\u0259 may ay\u0131n\u0131n 16-da Bak\u0131 Apellyasiya m\u0259hk\u0259m\u0259sind\u0259 hakim Q\u0259dim Babayevin s\u0259drliyi il\u0259 ke\u00e7iril\u0259c\u0259k m\u0259hk\u0259m\u0259 prosesind\u0259 bax\u0131lacaq. M\u0259hk\u0259m\u0259 yolu il\u0259 m\u00fc\u0259yy\u0259n edilib ki, Qalib Ba\u011f\u0131rov 2009-cu ilin sentyabr ay\u0131nda V\u0259fa Ba\u011f\u0131rova il\u0259 ail\u0259 h\u0259yat\u0131 qurub. Bu evlilikd\u0259n naraz\u0131 qalan qay\u0131natas\u0131 Rza \u0130smay\u0131lov onlar\u0131 ay\u0131rmaq \u00fc\u00e7\u00fcn t\u0259\u015f\u0259bb\u00fcs g\u00f6st\u0259r\u0259r\u0259k, m\u00fct\u0259madi olaraq k\u00fcr\u0259k\u0259nini v\u0259 q\u0131z\u0131n\u0131 nalayiq s\u00f6y\u00fc\u015fl\u0259rl\u0259 s\u00f6y\u00fcb t\u0259hqir edib. Qay\u0131natas\u0131n\u0131n xo\u015fag\u0259lm\u0259z r\u0259ftar\u0131ndan t\u0259ng\u0259 g\u0259l\u0259n Qalib Ba\u011f\u0131rov onu \u00f6ld\u00fcrm\u0259yi q\u0259rarla\u015fd\u0131r\u0131b. Bu m\u0259qs\u0259dl\u0259 d\u0259 o, arvad\u0131 il\u0259 birlikd\u0259 2010-cu ilin avqust ay\u0131n\u0131n&hellip;<\/p>\n","protected":false},"author":2,"featured_media":57607,"comment_status":"closed","ping_status":"closed","sticky":false,"template":"","format":"standard","meta":{"om_disable_all_campaigns":false,"_monsterinsights_skip_tracking":false,"_monsterinsights_sitenote_active":false,"_monsterinsights_sitenote_note":"","_monsterinsights_sitenote_category":0},"categories":[3],"tags":[],"aioseo_notices":[],"gutentor_comment":0,"rttpg_featured_image_url":{"full":["https:\/\/arantv.az\/wp-content\/uploads\/2019\/05\/bb_21557752760.jpg",512,294,false],"landscape":["https:\/\/arantv.az\/wp-content\/uploads\/2019\/05\/bb_21557752760.jpg",512,294,false],"portraits":["https:\/\/arantv.az\/wp-content\/uploads\/2019\/05\/bb_21557752760.jpg",512,294,false],"thumbnail":["https:\/\/arantv.az\/wp-content\/uploads\/2019\/05\/bb_21557752760-150x150.jpg",150,150,true],"medium":["https:\/\/arantv.az\/wp-content\/uploads\/2019\/05\/bb_21557752760-300x172.jpg",300,172,true],"large":["https:\/\/arantv.az\/wp-content\/uploads\/2019\/05\/bb_21557752760.jpg",512,294,false],"1536x1536":["https:\/\/arantv.az\/wp-content\/uploads\/2019\/05\/bb_21557752760.jpg",512,294,false],"2048x2048":["https:\/\/arantv.az\/wp-content\/uploads\/2019\/05\/bb_21557752760.jpg",512,294,false],"post-thumbnail":["https:\/\/arantv.az\/wp-content\/uploads\/2019\/05\/bb_21557752760-240x172.jpg",240,172,true],"advps-thumb-one":["https:\/\/arantv.az\/wp-content\/uploads\/2019\/05\/bb_21557752760.jpg",512,294,false]},"rttpg_author":{"display_name":"V\u00fcsal Rafiqo\u011flu","author_link":"https:\/\/arantv.az\/?author=2"},"rttpg_comment":0,"rttpg_category":"<a href=\"https:\/\/arantv.az\/?cat=3\" rel=\"category\">Kriminal<\/a>","rttpg_excerpt":"G\u00f6y\u00e7ayda qay\u0131natas\u0131n\u0131 \u00f6ld\u00fcrm\u0259kd\u0259 t\u0259qsirli bilin\u0259n Qalib Ba\u011f\u0131rov m\u0259hk\u0259m\u0259y\u0259 apellyasiya \u015fikay\u0259ti verib. T\u0259qsirl\u0259ndiril\u0259n \u015f\u0259xsin \u015fikay\u0259tin\u0259 may ay\u0131n\u0131n 16-da Bak\u0131 Apellyasiya m\u0259hk\u0259m\u0259sind\u0259 hakim Q\u0259dim Babayevin s\u0259drliyi il\u0259 ke\u00e7iril\u0259c\u0259k m\u0259hk\u0259m\u0259 prosesind\u0259 bax\u0131lacaq. M\u0259hk\u0259m\u0259 yolu il\u0259 m\u00fc\u0259yy\u0259n edilib ki, Qalib Ba\u011f\u0131rov 2009-cu ilin sentyabr ay\u0131nda V\u0259fa Ba\u011f\u0131rova il\u0259 ail\u0259 h\u0259yat\u0131 qurub. Bu evlilikd\u0259n naraz\u0131 qalan qay\u0131natas\u0131 Rza \u0130smay\u0131lov onlar\u0131&hellip;","_links":{"self":[{"href":"https:\/\/arantv.az\/index.php?rest_route=\/wp\/v2\/posts\/57606"}],"collection":[{"href":"https:\/\/arantv.az\/index.php?rest_route=\/wp\/v2\/posts"}],"about":[{"href":"https:\/\/arantv.az\/index.php?rest_route=\/wp\/v2\/types\/post"}],"author":[{"embeddable":true,"href":"https:\/\/arantv.az\/index.php?rest_route=\/wp\/v2\/users\/2"}],"replies":[{"embeddable":true,"href":"https:\/\/arantv.az\/index.php?rest_route=%2Fwp%2Fv2%2Fcomments&post=57606"}],"version-history":[{"count":0,"href":"https:\/\/arantv.az\/index.php?rest_route=\/wp\/v2\/posts\/57606\/revisions"}],"wp:featuredmedia":[{"embeddable":true,"href":"https:\/\/arantv.az\/index.php?rest_route=\/wp\/v2\/media\/57607"}],"wp:attachment":[{"href":"https:\/\/arantv.az\/index.php?rest_route=%2Fwp%2Fv2%2Fmedia&parent=57606"}],"wp:term":[{"taxonomy":"category","embeddable":true,"href":"https:\/\/arantv.az\/index.php?rest_route=%2Fwp%2Fv2%2Fcategories&post=57606"},{"taxonomy":"post_tag","embeddable":true,"href":"https:\/\/arantv.az\/index.php?rest_route=%2Fwp%2Fv2%2Ftags&post=57606"}],"curies":[{"name":"wp","href":"https:\/\/api.w.org\/{rel}","templated":true}]}}