{"id":57617,"date":"2019-05-13T16:35:55","date_gmt":"2019-05-13T13:35:55","guid":{"rendered":"http:\/\/arantv.az\/?p=57617"},"modified":"2019-05-13T16:35:55","modified_gmt":"2019-05-13T13:35:55","slug":"m%c9%99mm%c9%99dyarov-ai-az%c9%99rbaycanda-%c9%99n-boyuk-investordur","status":"publish","type":"post","link":"https:\/\/arantv.az\/?p=57617","title":{"rendered":"M\u0259mm\u0259dyarov: A\u0130 Az\u0259rbaycanda \u0259n b\u00f6y\u00fck investordur"},"content":{"rendered":"<p>Avropa \u0130ttifaq\u0131 il\u0259 t\u0259r\u0259fda\u015fl\u0131q Az\u0259rbaycan\u0131n xarici siyas\u0259tinin \u0259sas prioritetl\u0259rind\u0259n biridir.<\/p>\n<p><strong>ARANTV.AZ\u00a0<\/strong>\u00a0x\u0259b\u0259r verir ki, bu s\u00f6zl\u0259ri Az\u0259rbaycan\u0131n xarici i\u015fl\u0259r naziri Elmar M\u0259mm\u0259dyarov \u015e\u0259rq T\u0259r\u0259fda\u015fl\u0131\u011f\u0131 Xarici i\u015fl\u0259r nazirl\u0259rinin g\u00f6r\u00fc\u015f\u00fcnd\u0259 \u00e7\u0131x\u0131\u015f\u0131 zaman\u0131 deyib.<\/p>\n<div id=\"AdviadNativeVideo0\" class=\"AdviadNativeVideo\"><\/div>\n<p>X\u0130N ba\u015f\u00e7\u0131s\u0131 bildirib ki, A\u0130 xarici ticar\u0259t d\u00f6vriyy\u0259mizd\u0259 t\u0259xmin\u0259n 42 faizlik paya malik olmaqla, Az\u0259rbaycan\u0131n \u0259sas ticar\u0259t t\u0259r\u0259fda\u015f\u0131d\u0131r.<\/p>\n<p>\u201cH\u0259m\u00e7inin, A\u0130 Az\u0259rbaycanda \u0259n b\u00f6y\u00fck investordur. \u018fn\u0259n\u0259vi birg\u0259 A\u0130-Az\u0259rbaycan Biznes Forumu A\u0130-nin m\u00fcxt\u0259lif s\u0259naye v\u0259 xidm\u0259t sektorundan \u00e7oxlu n\u00fcmay\u0259nd\u0259l\u0259r c\u0259lb edir. N\u00f6vb\u0259ti biznes forum da 13 iyun 2019-cu il tarixind\u0259 Bak\u0131da ke\u00e7iril\u0259c\u0259k. \u0130nan\u0131ram ki, b\u0259zi v\u0259 h\u0259tta ola bilsin ki \u00e7oxlu sayda A\u0130 \u00f6lk\u0259l\u0259rind\u0259n olan \u015firk\u0259tl\u0259r Avropan\u0131n s\u0259naye v\u0259 biznes m\u0259qs\u0259dl\u0259rini Az\u0259rbaycan il\u0259 birg\u0259 t\u0259msil ed\u0259c\u0259kl\u0259r.<\/p>\n<p>Biz A\u0130 il\u0259 yeni ikit\u0259r\u0259fli m\u00fcqavil\u0259 il\u0259 ba\u011fl\u0131 keyfiyy\u0259t\u0259 y\u00f6n\u00fcml\u00fc dan\u0131\u015f\u0131qlar vasit\u0259sil\u0259 ikit\u0259r\u0259fli m\u00fcnasib\u0259tl\u0259rd\u0259 u\u011fur \u0259ld\u0259 etm\u0259kd\u0259 maraql\u0131y\u0131q. M\u0259n davam ed\u0259n dan\u0131\u015f\u0131qlar\u0131n m\u00fcsb\u0259t ruhunu y\u00fcks\u0259k qiym\u0259tl\u0259ndirir\u0259m. Biz bir-birimizd\u0259n v\u0259 bir-birimiz haqda \u00e7ox \u015fey \u00f6yr\u0259nirik.\u00a0Bu, \u00f6zl\u00fcy\u00fcnd\u0259 \u00e7ox m\u0259hsuldar i\u015fdir\u201d.oxu.az<\/p>\n","protected":false},"excerpt":{"rendered":"<p>Avropa \u0130ttifaq\u0131 il\u0259 t\u0259r\u0259fda\u015fl\u0131q Az\u0259rbaycan\u0131n xarici siyas\u0259tinin \u0259sas prioritetl\u0259rind\u0259n biridir. ARANTV.AZ\u00a0\u00a0x\u0259b\u0259r verir ki, bu s\u00f6zl\u0259ri Az\u0259rbaycan\u0131n xarici i\u015fl\u0259r naziri Elmar M\u0259mm\u0259dyarov \u015e\u0259rq T\u0259r\u0259fda\u015fl\u0131\u011f\u0131 Xarici i\u015fl\u0259r nazirl\u0259rinin g\u00f6r\u00fc\u015f\u00fcnd\u0259 \u00e7\u0131x\u0131\u015f\u0131 zaman\u0131 deyib. X\u0130N ba\u015f\u00e7\u0131s\u0131 bildirib ki, A\u0130 xarici ticar\u0259t d\u00f6vriyy\u0259mizd\u0259 t\u0259xmin\u0259n 42 faizlik paya malik olmaqla, Az\u0259rbaycan\u0131n \u0259sas ticar\u0259t t\u0259r\u0259fda\u015f\u0131d\u0131r. \u201cH\u0259m\u00e7inin, A\u0130 Az\u0259rbaycanda \u0259n b\u00f6y\u00fck investordur. \u018fn\u0259n\u0259vi birg\u0259 A\u0130-Az\u0259rbaycan Biznes Forumu A\u0130-nin m\u00fcxt\u0259lif s\u0259naye v\u0259 xidm\u0259t sektorundan \u00e7oxlu n\u00fcmay\u0259nd\u0259l\u0259r c\u0259lb edir. N\u00f6vb\u0259ti biznes forum da 13 iyun 2019-cu il tarixind\u0259 Bak\u0131da ke\u00e7iril\u0259c\u0259k. \u0130nan\u0131ram ki, b\u0259zi v\u0259 h\u0259tta ola bilsin ki \u00e7oxlu sayda&hellip;<\/p>\n","protected":false},"author":2,"featured_media":57618,"comment_status":"closed","ping_status":"closed","sticky":false,"template":"","format":"standard","meta":{"om_disable_all_campaigns":false,"_monsterinsights_skip_tracking":false,"_monsterinsights_sitenote_active":false,"_monsterinsights_sitenote_note":"","_monsterinsights_sitenote_category":0},"categories":[4],"tags":[],"aioseo_notices":[],"gutentor_comment":0,"rttpg_featured_image_url":{"full":["https:\/\/arantv.az\/wp-content\/uploads\/2019\/05\/ROM1059.jpg",620,413,false],"landscape":["https:\/\/arantv.az\/wp-content\/uploads\/2019\/05\/ROM1059.jpg",620,413,false],"portraits":["https:\/\/arantv.az\/wp-content\/uploads\/2019\/05\/ROM1059.jpg",620,413,false],"thumbnail":["https:\/\/arantv.az\/wp-content\/uploads\/2019\/05\/ROM1059-150x150.jpg",150,150,true],"medium":["https:\/\/arantv.az\/wp-content\/uploads\/2019\/05\/ROM1059-300x200.jpg",300,200,true],"large":["https:\/\/arantv.az\/wp-content\/uploads\/2019\/05\/ROM1059.jpg",620,413,false],"1536x1536":["https:\/\/arantv.az\/wp-content\/uploads\/2019\/05\/ROM1059.jpg",620,413,false],"2048x2048":["https:\/\/arantv.az\/wp-content\/uploads\/2019\/05\/ROM1059.jpg",620,413,false],"post-thumbnail":["https:\/\/arantv.az\/wp-content\/uploads\/2019\/05\/ROM1059-240x172.jpg",240,172,true],"advps-thumb-one":["https:\/\/arantv.az\/wp-content\/uploads\/2019\/05\/ROM1059.jpg",620,413,false]},"rttpg_author":{"display_name":"V\u00fcsal Rafiqo\u011flu","author_link":"https:\/\/arantv.az\/?author=2"},"rttpg_comment":0,"rttpg_category":"<a href=\"https:\/\/arantv.az\/?cat=4\" rel=\"category\">Siyas\u0259t<\/a>","rttpg_excerpt":"Avropa \u0130ttifaq\u0131 il\u0259 t\u0259r\u0259fda\u015fl\u0131q Az\u0259rbaycan\u0131n xarici siyas\u0259tinin \u0259sas prioritetl\u0259rind\u0259n biridir. ARANTV.AZ\u00a0\u00a0x\u0259b\u0259r verir ki, bu s\u00f6zl\u0259ri Az\u0259rbaycan\u0131n xarici i\u015fl\u0259r naziri Elmar M\u0259mm\u0259dyarov \u015e\u0259rq T\u0259r\u0259fda\u015fl\u0131\u011f\u0131 Xarici i\u015fl\u0259r nazirl\u0259rinin g\u00f6r\u00fc\u015f\u00fcnd\u0259 \u00e7\u0131x\u0131\u015f\u0131 zaman\u0131 deyib. X\u0130N ba\u015f\u00e7\u0131s\u0131 bildirib ki, A\u0130 xarici ticar\u0259t d\u00f6vriyy\u0259mizd\u0259 t\u0259xmin\u0259n 42 faizlik paya malik olmaqla, Az\u0259rbaycan\u0131n \u0259sas ticar\u0259t t\u0259r\u0259fda\u015f\u0131d\u0131r. \u201cH\u0259m\u00e7inin, A\u0130 Az\u0259rbaycanda \u0259n b\u00f6y\u00fck investordur. \u018fn\u0259n\u0259vi&hellip;","_links":{"self":[{"href":"https:\/\/arantv.az\/index.php?rest_route=\/wp\/v2\/posts\/57617"}],"collection":[{"href":"https:\/\/arantv.az\/index.php?rest_route=\/wp\/v2\/posts"}],"about":[{"href":"https:\/\/arantv.az\/index.php?rest_route=\/wp\/v2\/types\/post"}],"author":[{"embeddable":true,"href":"https:\/\/arantv.az\/index.php?rest_route=\/wp\/v2\/users\/2"}],"replies":[{"embeddable":true,"href":"https:\/\/arantv.az\/index.php?rest_route=%2Fwp%2Fv2%2Fcomments&post=57617"}],"version-history":[{"count":0,"href":"https:\/\/arantv.az\/index.php?rest_route=\/wp\/v2\/posts\/57617\/revisions"}],"wp:featuredmedia":[{"embeddable":true,"href":"https:\/\/arantv.az\/index.php?rest_route=\/wp\/v2\/media\/57618"}],"wp:attachment":[{"href":"https:\/\/arantv.az\/index.php?rest_route=%2Fwp%2Fv2%2Fmedia&parent=57617"}],"wp:term":[{"taxonomy":"category","embeddable":true,"href":"https:\/\/arantv.az\/index.php?rest_route=%2Fwp%2Fv2%2Fcategories&post=57617"},{"taxonomy":"post_tag","embeddable":true,"href":"https:\/\/arantv.az\/index.php?rest_route=%2Fwp%2Fv2%2Ftags&post=57617"}],"curies":[{"name":"wp","href":"https:\/\/api.w.org\/{rel}","templated":true}]}}