{"id":576534,"date":"2023-03-14T15:03:00","date_gmt":"2023-03-14T12:03:00","guid":{"rendered":"https:\/\/arantv.az\/?p=576534"},"modified":"2023-03-14T15:03:00","modified_gmt":"2023-03-14T12:03:00","slug":"heyd%c9%99r-%c9%99liyevin-100-illik-yubileyin%c9%99-h%c9%99sr-olunan-beyn%c9%99lxalq-sahmat-festivali-keciril%c9%99c%c9%99k","status":"publish","type":"post","link":"https:\/\/arantv.az\/?p=576534","title":{"rendered":"Heyd\u0259r \u018fliyevin 100 illik yubileyin\u0259 h\u0259sr olunan Beyn\u0259lxalq \u015eahmat Festival\u0131 ke\u00e7iril\u0259c\u0259k"},"content":{"rendered":"<p>Az\u0259rbaycan\u0131n paytaxt\u0131 Bak\u0131 daha bir m\u00f6t\u0259b\u0259r yar\u0131\u015fa ev sahibliyi ed\u0259c\u0259k.<\/p>\n<p>Az\u0259rbaycan \u015eahmat Federasiyas\u0131n\u0131n (A\u015eF) yayd\u0131\u011f\u0131 m\u0259lumata g\u00f6r\u0259, Az\u0259rbaycan Respublikas\u0131 G\u0259ncl\u0259r v\u0259 \u0130dman Nazirliyi, A\u015eF-nin t\u0259\u015fkilat\u00e7\u0131l\u0131\u011f\u0131 il\u0259 \u201cBaku Open 2023\u201d Beyn\u0259lxalq \u015eahmat Festival\u0131 ke\u00e7iril\u0259c\u0259k.<\/p>\n<p>\u00dcmummilli lider Heyd\u0259r \u018fliyevin anadan olmas\u0131n\u0131n 100 illik yubileyin\u0259 h\u0259sr olunan m\u00f6t\u0259b\u0259r turnir \u201cBaku Crystal Hall\u201dda olacaq.<\/p>\n<p>Festivalda \u015fahmat\u00e7\u0131lar reytinq\u0259 uy\u011fun olaraq \u00fc\u00e7 qrup \u00fczr\u0259 (A, B v\u0259 C) m\u00fcbariz\u0259 aparacaqlar. H\u0259r \u00fc\u00e7 qrupda yar\u0131\u015f \u0130sve\u00e7r\u0259 sistemi \u00fczr\u0259 9 turdan ibar\u0259t olacaq.<\/p>\n<p>Qeyd ed\u0259k ki, turnirin \u00fcmumi m\u00fckafat fondu 55 000 AB\u015e dollar\u0131 t\u0259\u015fkil edir. Yar\u0131\u015f\u0131n A qrupunun qalibi olan \u015fahmat\u00e7\u0131 12 min AB\u015e dollar\u0131 v\u0259 x\u00fcsusi haz\u0131rlanan kuboku qazanacaq. C qrupunda h\u0259r ya\u015f \u00fczr\u0259 qalibl\u0259r Rum\u0131niyada ke\u00e7iril\u0259c\u0259k yeniyetm\u0259l\u0259rin Avropa \u00e7empionat\u0131na ezam edil\u0259c\u0259kl\u0259r.<\/p>\n<p>Yar\u0131\u015fda ilk tur may\u0131n 4-d\u0259 saat 14:30-da ba\u015flayacaq. Festivala may\u0131n 12-d\u0259 yekun vurulacaq.<\/p>\n","protected":false},"excerpt":{"rendered":"<p>Az\u0259rbaycan\u0131n paytaxt\u0131 Bak\u0131 daha bir m\u00f6t\u0259b\u0259r yar\u0131\u015fa ev sahibliyi ed\u0259c\u0259k. Az\u0259rbaycan \u015eahmat Federasiyas\u0131n\u0131n (A\u015eF) yayd\u0131\u011f\u0131 m\u0259lumata g\u00f6r\u0259, Az\u0259rbaycan Respublikas\u0131 G\u0259ncl\u0259r v\u0259 \u0130dman Nazirliyi, A\u015eF-nin t\u0259\u015fkilat\u00e7\u0131l\u0131\u011f\u0131 il\u0259 \u201cBaku Open 2023\u201d Beyn\u0259lxalq \u015eahmat Festival\u0131 ke\u00e7iril\u0259c\u0259k. \u00dcmummilli lider Heyd\u0259r \u018fliyevin anadan olmas\u0131n\u0131n 100 illik yubileyin\u0259 h\u0259sr olunan m\u00f6t\u0259b\u0259r turnir \u201cBaku Crystal Hall\u201dda olacaq. Festivalda \u015fahmat\u00e7\u0131lar reytinq\u0259 uy\u011fun olaraq \u00fc\u00e7 qrup \u00fczr\u0259 (A, B v\u0259 C) m\u00fcbariz\u0259 aparacaqlar. H\u0259r \u00fc\u00e7 qrupda yar\u0131\u015f \u0130sve\u00e7r\u0259 sistemi \u00fczr\u0259 9 turdan ibar\u0259t olacaq. Qeyd ed\u0259k ki, turnirin \u00fcmumi m\u00fckafat fondu 55 000 AB\u015e dollar\u0131 t\u0259\u015fkil edir. Yar\u0131\u015f\u0131n A&hellip;<\/p>\n","protected":false},"author":2,"featured_media":576535,"comment_status":"closed","ping_status":"closed","sticky":false,"template":"","format":"standard","meta":{"om_disable_all_campaigns":false,"_monsterinsights_skip_tracking":false,"_monsterinsights_sitenote_active":false,"_monsterinsights_sitenote_note":"","_monsterinsights_sitenote_category":0},"categories":[6],"tags":[],"aioseo_notices":[],"gutentor_comment":0,"rttpg_featured_image_url":{"full":["https:\/\/arantv.az\/wp-content\/uploads\/2023\/03\/sahmat.jpg",620,413,false],"landscape":["https:\/\/arantv.az\/wp-content\/uploads\/2023\/03\/sahmat.jpg",620,413,false],"portraits":["https:\/\/arantv.az\/wp-content\/uploads\/2023\/03\/sahmat.jpg",620,413,false],"thumbnail":["https:\/\/arantv.az\/wp-content\/uploads\/2023\/03\/sahmat-500x280.jpg",500,280,true],"medium":["https:\/\/arantv.az\/wp-content\/uploads\/2023\/03\/sahmat-548x365.jpg",548,365,true],"large":["https:\/\/arantv.az\/wp-content\/uploads\/2023\/03\/sahmat.jpg",620,413,false],"1536x1536":["https:\/\/arantv.az\/wp-content\/uploads\/2023\/03\/sahmat.jpg",620,413,false],"2048x2048":["https:\/\/arantv.az\/wp-content\/uploads\/2023\/03\/sahmat.jpg",620,413,false],"post-thumbnail":["https:\/\/arantv.az\/wp-content\/uploads\/2023\/03\/sahmat-240x172.jpg",240,172,true],"advps-thumb-one":["https:\/\/arantv.az\/wp-content\/uploads\/2023\/03\/sahmat.jpg",620,413,false]},"rttpg_author":{"display_name":"V\u00fcsal Rafiqo\u011flu","author_link":"https:\/\/arantv.az\/?author=2"},"rttpg_comment":0,"rttpg_category":"<a href=\"https:\/\/arantv.az\/?cat=6\" rel=\"category\">\u0130dman<\/a>","rttpg_excerpt":"Az\u0259rbaycan\u0131n paytaxt\u0131 Bak\u0131 daha bir m\u00f6t\u0259b\u0259r yar\u0131\u015fa ev sahibliyi ed\u0259c\u0259k. Az\u0259rbaycan \u015eahmat Federasiyas\u0131n\u0131n (A\u015eF) yayd\u0131\u011f\u0131 m\u0259lumata g\u00f6r\u0259, Az\u0259rbaycan Respublikas\u0131 G\u0259ncl\u0259r v\u0259 \u0130dman Nazirliyi, A\u015eF-nin t\u0259\u015fkilat\u00e7\u0131l\u0131\u011f\u0131 il\u0259 \u201cBaku Open 2023\u201d Beyn\u0259lxalq \u015eahmat Festival\u0131 ke\u00e7iril\u0259c\u0259k. \u00dcmummilli lider Heyd\u0259r \u018fliyevin anadan olmas\u0131n\u0131n 100 illik yubileyin\u0259 h\u0259sr olunan m\u00f6t\u0259b\u0259r turnir \u201cBaku Crystal Hall\u201dda olacaq. Festivalda \u015fahmat\u00e7\u0131lar reytinq\u0259 uy\u011fun olaraq&hellip;","_links":{"self":[{"href":"https:\/\/arantv.az\/index.php?rest_route=\/wp\/v2\/posts\/576534"}],"collection":[{"href":"https:\/\/arantv.az\/index.php?rest_route=\/wp\/v2\/posts"}],"about":[{"href":"https:\/\/arantv.az\/index.php?rest_route=\/wp\/v2\/types\/post"}],"author":[{"embeddable":true,"href":"https:\/\/arantv.az\/index.php?rest_route=\/wp\/v2\/users\/2"}],"replies":[{"embeddable":true,"href":"https:\/\/arantv.az\/index.php?rest_route=%2Fwp%2Fv2%2Fcomments&post=576534"}],"version-history":[{"count":0,"href":"https:\/\/arantv.az\/index.php?rest_route=\/wp\/v2\/posts\/576534\/revisions"}],"wp:featuredmedia":[{"embeddable":true,"href":"https:\/\/arantv.az\/index.php?rest_route=\/wp\/v2\/media\/576535"}],"wp:attachment":[{"href":"https:\/\/arantv.az\/index.php?rest_route=%2Fwp%2Fv2%2Fmedia&parent=576534"}],"wp:term":[{"taxonomy":"category","embeddable":true,"href":"https:\/\/arantv.az\/index.php?rest_route=%2Fwp%2Fv2%2Fcategories&post=576534"},{"taxonomy":"post_tag","embeddable":true,"href":"https:\/\/arantv.az\/index.php?rest_route=%2Fwp%2Fv2%2Ftags&post=576534"}],"curies":[{"name":"wp","href":"https:\/\/api.w.org\/{rel}","templated":true}]}}