{"id":576543,"date":"2023-03-14T15:04:54","date_gmt":"2023-03-14T12:04:54","guid":{"rendered":"https:\/\/arantv.az\/?p=576543"},"modified":"2023-03-14T15:04:54","modified_gmt":"2023-03-14T12:04:54","slug":"caliber-separatcilar-qarabag-erm%c9%99nil%c9%99rinin-bakiya-g%c9%99lm%c9%99sin%c9%99-qarsi-v%c9%99-az%c9%99rbaycanin-r%c9%99smi-d%c9%99v%c9%99t-fakti-foto","status":"publish","type":"post","link":"https:\/\/arantv.az\/?p=576543","title":{"rendered":"\u201cCaliber\u201d: Separat\u00e7\u0131lar Qaraba\u011f erm\u0259nil\u0259rinin Bak\u0131ya g\u0259lm\u0259sin\u0259 qar\u015f\u0131 v\u0259 Az\u0259rbaycan\u0131n r\u0259smi d\u0259v\u0259t fakt\u0131 &#8211; FOTO"},"content":{"rendered":"<p>Daha \u00f6nc\u0259 x\u0259b\u0259r verilmi\u015fdi ki,\u00a0Az\u0259rbaycan Respublikas\u0131 Prezidentinin Administrasiyas\u0131 Qaraba\u011f\u0131n erm\u0259ni ictimaiyy\u0259tinin n\u00fcmay\u0259nd\u0259l\u0259rini reinteqrasiya il\u0259 ba\u011fl\u0131 t\u0259maslar\u0131n davam etdirilm\u0259si, habel\u0259 Qaraba\u011fda infrastruktur layih\u0259l\u0259rinin realla\u015fd\u0131r\u0131lmas\u0131 m\u0259s\u0259l\u0259l\u0259rinin m\u00fczakir\u0259si \u00fc\u00e7\u00fcn ikinci g\u00f6r\u00fc\u015f\u0259 d\u0259v\u0259t edib.<\/p>\n<p>Caliber.Az-\u0131n m\u0259lumat\u0131na g\u00f6r\u0259, g\u00f6r\u00fc\u015f\u00fcn yax\u0131n g\u00fcnl\u0259rd\u0259 Bak\u0131da ke\u00e7irilm\u0259si t\u0259klif olunub.<\/p>\n<p>D\u0259rhal Erm\u0259nistan\u0131n m\u00fcxt\u0259lif k\u00fctl\u0259vi informasiya vasit\u0259l\u0259ri v\u0259 \u201cTelegram\u201d kanallar\u0131 Qaraba\u011f erm\u0259nil\u0259rinin bel\u0259 bir d\u0259v\u0259t almad\u0131qlar\u0131n\u0131, Az\u0259rbaycan t\u0259r\u0259finin t\u0259\u015f\u0259bb\u00fcs\u00fc haqda yaln\u0131z mediadan \u00f6yr\u0259ndikl\u0259ri bar\u0259d\u0259 yalan m\u0259lumatlar yayma\u011fa ba\u015flad\u0131lar.<\/p>\n<p>Lakin qeyd etm\u0259k laz\u0131md\u0131r ki, d\u0259v\u0259tl\u0259 ba\u011fl\u0131 informasiya Az\u0259rbaycan Respublikas\u0131 Prezident Administrasiyas\u0131n\u0131n r\u0259smi \u201cTwitter\u201d hesab\u0131nda d\u0259rc edilib.<\/p>\n<div>\n<div class=\"twitter-tweet twitter-tweet-rendered\"><iframe id=\"twitter-widget-0\" class=\"\" title=\"Twitter Tweet\" src=\"https:\/\/platform.twitter.com\/embed\/Tweet.html?creatorScreenName=oxuaz&amp;dnt=false&amp;embedId=twitter-widget-0&amp;features=eyJ0ZndfdGltZWxpbmVfbGlzdCI6eyJidWNrZXQiOltdLCJ2ZXJzaW9uIjpudWxsfSwidGZ3X2ZvbGxvd2VyX2NvdW50X3N1bnNldCI6eyJidWNrZXQiOnRydWUsInZlcnNpb24iOm51bGx9LCJ0ZndfdHdlZXRfZWRpdF9iYWNrZW5kIjp7ImJ1Y2tldCI6Im9uIiwidmVyc2lvbiI6bnVsbH0sInRmd19yZWZzcmNfc2Vzc2lvbiI6eyJidWNrZXQiOiJvbiIsInZlcnNpb24iOm51bGx9LCJ0ZndfbWl4ZWRfbWVkaWFfMTU4OTciOnsiYnVja2V0IjoidHJlYXRtZW50IiwidmVyc2lvbiI6bnVsbH0sInRmd19leHBlcmltZW50c19jb29raWVfZXhwaXJhdGlvbiI6eyJidWNrZXQiOjEyMDk2MDAsInZlcnNpb24iOm51bGx9LCJ0ZndfZHVwbGljYXRlX3NjcmliZXNfdG9fc2V0dGluZ3MiOnsiYnVja2V0Ijoib24iLCJ2ZXJzaW9uIjpudWxsfSwidGZ3X3ZpZGVvX2hsc19keW5hbWljX21hbmlmZXN0c18xNTA4MiI6eyJidWNrZXQiOiJ0cnVlX2JpdHJhdGUiLCJ2ZXJzaW9uIjpudWxsfSwidGZ3X2xlZ2FjeV90aW1lbGluZV9zdW5zZXQiOnsiYnVja2V0Ijp0cnVlLCJ2ZXJzaW9uIjpudWxsfSwidGZ3X3R3ZWV0X2VkaXRfZnJvbnRlbmQiOnsiYnVja2V0Ijoib24iLCJ2ZXJzaW9uIjpudWxsfX0%3D&amp;frame=false&amp;hideCard=false&amp;hideThread=false&amp;id=1635196333094223872&amp;lang=en&amp;origin=https%3A%2F%2Foxu.az%2Fpolitics%2F707117&amp;sessionId=93021b24a6580e13d5cc4caf422a57a363033753&amp;siteScreenName=oxuaz&amp;theme=light&amp;widgetsVersion=aaf4084522e3a%3A1674595607486&amp;width=550px\" frameborder=\"0\" scrolling=\"no\" allowfullscreen=\"allowfullscreen\" data-tweet-id=\"1635196333094223872\" data-mce-fragment=\"1\"><\/iframe><\/div>\n<\/div>\n<p>M\u0259lumat\u0131 h\u0259m\u00e7inin Az\u0259rbaycan D\u00f6vl\u0259t \u0130nformasiya Agentliyi olan\u00a0<a href=\"https:\/\/azertag.az\/xeber\/2528891\" target=\"_blank\" rel=\"noopener\">AZ\u018fRTAC<\/a>\u00a0da yay\u0131mlay\u0131b.<\/p>\n<p><img src=\"https:\/\/cdn.oxu.az\/uploads\/W1siZiIsIjIwMjMvMDMvMTQvMTUvMzcvMTYvYzIxZDk0YmUtNjk0OS00NTNhLTgyZDctZjU5MDBkNDQxZTZkL2ZkZmRnZmcuanBnIl0sWyJwIiwiZW5jb2RlIiwianBnIiwiLXF1YWxpdHkgODAiXSxbInAiLCJ0aHVtYiIsIjU5MHg1OTBcdTAwM2UiXV0?sha=20c8023a9477be1f\" alt=\"\" \/><\/p>\n<p>Bundan ba\u015fqa, \u0259ld\u0259 edilmi\u015f etibarl\u0131 m\u0259lumatlara g\u00f6r\u0259, bu press-reliz yay\u0131lmazdan \u0259vv\u0259l Qaraba\u011f erm\u0259nil\u0259rinin n\u00fcmay\u0259nd\u0259l\u0259ri il\u0259 \u0259laq\u0259y\u0259 m\u0259sul \u015f\u0259xsl\u0259r r\u0259smi Bak\u0131n\u0131n bu t\u0259klifi onlara \u00e7atd\u0131r\u0131b v\u0259 yaln\u0131z bundan sonra m\u0259lumat m\u0259tbuatda yay\u0131mlan\u0131b.<\/p>\n<p>Ayd\u0131nd\u0131r ki, bu c\u00fcr informasiya kirliliyi yaradanlar Qaraba\u011f erm\u0259nil\u0259rinin m\u00fc\u0259yy\u0259n hiss\u0259sini t\u0259\u015fkil ed\u0259n dair\u0259l\u0259rdir.\u00a0Onlar n\u00f6vb\u0259ti d\u0259f\u0259 bu \u0259m\u0259ll\u0259ri il\u0259 reinteqrasiya il\u0259 ba\u011fl\u0131 m\u0259s\u0259l\u0259l\u0259rin konstruktiv m\u0259craya y\u00f6n\u0259lm\u0259sin\u0259 qar\u015f\u0131 \u00e7\u0131x\u0131\u015f etm\u0259y\u0259 c\u0259hd g\u00f6st\u0259rirl\u0259r.<\/p>\n","protected":false},"excerpt":{"rendered":"<p>Daha \u00f6nc\u0259 x\u0259b\u0259r verilmi\u015fdi ki,\u00a0Az\u0259rbaycan Respublikas\u0131 Prezidentinin Administrasiyas\u0131 Qaraba\u011f\u0131n erm\u0259ni ictimaiyy\u0259tinin n\u00fcmay\u0259nd\u0259l\u0259rini reinteqrasiya il\u0259 ba\u011fl\u0131 t\u0259maslar\u0131n davam etdirilm\u0259si, habel\u0259 Qaraba\u011fda infrastruktur layih\u0259l\u0259rinin realla\u015fd\u0131r\u0131lmas\u0131 m\u0259s\u0259l\u0259l\u0259rinin m\u00fczakir\u0259si \u00fc\u00e7\u00fcn ikinci g\u00f6r\u00fc\u015f\u0259 d\u0259v\u0259t edib. Caliber.Az-\u0131n m\u0259lumat\u0131na g\u00f6r\u0259, g\u00f6r\u00fc\u015f\u00fcn yax\u0131n g\u00fcnl\u0259rd\u0259 Bak\u0131da ke\u00e7irilm\u0259si t\u0259klif olunub. D\u0259rhal Erm\u0259nistan\u0131n m\u00fcxt\u0259lif k\u00fctl\u0259vi informasiya vasit\u0259l\u0259ri v\u0259 \u201cTelegram\u201d kanallar\u0131 Qaraba\u011f erm\u0259nil\u0259rinin bel\u0259 bir d\u0259v\u0259t almad\u0131qlar\u0131n\u0131, Az\u0259rbaycan t\u0259r\u0259finin t\u0259\u015f\u0259bb\u00fcs\u00fc haqda yaln\u0131z mediadan \u00f6yr\u0259ndikl\u0259ri bar\u0259d\u0259 yalan m\u0259lumatlar yayma\u011fa ba\u015flad\u0131lar. Lakin qeyd etm\u0259k laz\u0131md\u0131r ki, d\u0259v\u0259tl\u0259 ba\u011fl\u0131 informasiya Az\u0259rbaycan Respublikas\u0131 Prezident Administrasiyas\u0131n\u0131n r\u0259smi \u201cTwitter\u201d hesab\u0131nda d\u0259rc edilib. M\u0259lumat\u0131 h\u0259m\u00e7inin Az\u0259rbaycan D\u00f6vl\u0259t \u0130nformasiya Agentliyi&hellip;<\/p>\n","protected":false},"author":2,"featured_media":576544,"comment_status":"closed","ping_status":"closed","sticky":false,"template":"","format":"standard","meta":{"om_disable_all_campaigns":false,"_monsterinsights_skip_tracking":false,"_monsterinsights_sitenote_active":false,"_monsterinsights_sitenote_note":"","_monsterinsights_sitenote_category":0},"categories":[4],"tags":[],"aioseo_notices":[],"gutentor_comment":0,"rttpg_featured_image_url":{"full":["https:\/\/arantv.az\/wp-content\/uploads\/2023\/03\/FotoJet-2023-03-14T151901.966.jpg",620,413,false],"landscape":["https:\/\/arantv.az\/wp-content\/uploads\/2023\/03\/FotoJet-2023-03-14T151901.966.jpg",620,413,false],"portraits":["https:\/\/arantv.az\/wp-content\/uploads\/2023\/03\/FotoJet-2023-03-14T151901.966.jpg",620,413,false],"thumbnail":["https:\/\/arantv.az\/wp-content\/uploads\/2023\/03\/FotoJet-2023-03-14T151901.966-500x280.jpg",500,280,true],"medium":["https:\/\/arantv.az\/wp-content\/uploads\/2023\/03\/FotoJet-2023-03-14T151901.966-548x365.jpg",548,365,true],"large":["https:\/\/arantv.az\/wp-content\/uploads\/2023\/03\/FotoJet-2023-03-14T151901.966.jpg",620,413,false],"1536x1536":["https:\/\/arantv.az\/wp-content\/uploads\/2023\/03\/FotoJet-2023-03-14T151901.966.jpg",620,413,false],"2048x2048":["https:\/\/arantv.az\/wp-content\/uploads\/2023\/03\/FotoJet-2023-03-14T151901.966.jpg",620,413,false],"post-thumbnail":["https:\/\/arantv.az\/wp-content\/uploads\/2023\/03\/FotoJet-2023-03-14T151901.966-240x172.jpg",240,172,true],"advps-thumb-one":["https:\/\/arantv.az\/wp-content\/uploads\/2023\/03\/FotoJet-2023-03-14T151901.966.jpg",620,413,false]},"rttpg_author":{"display_name":"V\u00fcsal Rafiqo\u011flu","author_link":"https:\/\/arantv.az\/?author=2"},"rttpg_comment":0,"rttpg_category":"<a href=\"https:\/\/arantv.az\/?cat=4\" rel=\"category\">Siyas\u0259t<\/a>","rttpg_excerpt":"Daha \u00f6nc\u0259 x\u0259b\u0259r verilmi\u015fdi ki,\u00a0Az\u0259rbaycan Respublikas\u0131 Prezidentinin Administrasiyas\u0131 Qaraba\u011f\u0131n erm\u0259ni ictimaiyy\u0259tinin n\u00fcmay\u0259nd\u0259l\u0259rini reinteqrasiya il\u0259 ba\u011fl\u0131 t\u0259maslar\u0131n davam etdirilm\u0259si, habel\u0259 Qaraba\u011fda infrastruktur layih\u0259l\u0259rinin realla\u015fd\u0131r\u0131lmas\u0131 m\u0259s\u0259l\u0259l\u0259rinin m\u00fczakir\u0259si \u00fc\u00e7\u00fcn ikinci g\u00f6r\u00fc\u015f\u0259 d\u0259v\u0259t edib. Caliber.Az-\u0131n m\u0259lumat\u0131na g\u00f6r\u0259, g\u00f6r\u00fc\u015f\u00fcn yax\u0131n g\u00fcnl\u0259rd\u0259 Bak\u0131da ke\u00e7irilm\u0259si t\u0259klif olunub. D\u0259rhal Erm\u0259nistan\u0131n m\u00fcxt\u0259lif k\u00fctl\u0259vi informasiya vasit\u0259l\u0259ri v\u0259 \u201cTelegram\u201d kanallar\u0131 Qaraba\u011f erm\u0259nil\u0259rinin bel\u0259 bir d\u0259v\u0259t almad\u0131qlar\u0131n\u0131,&hellip;","_links":{"self":[{"href":"https:\/\/arantv.az\/index.php?rest_route=\/wp\/v2\/posts\/576543"}],"collection":[{"href":"https:\/\/arantv.az\/index.php?rest_route=\/wp\/v2\/posts"}],"about":[{"href":"https:\/\/arantv.az\/index.php?rest_route=\/wp\/v2\/types\/post"}],"author":[{"embeddable":true,"href":"https:\/\/arantv.az\/index.php?rest_route=\/wp\/v2\/users\/2"}],"replies":[{"embeddable":true,"href":"https:\/\/arantv.az\/index.php?rest_route=%2Fwp%2Fv2%2Fcomments&post=576543"}],"version-history":[{"count":0,"href":"https:\/\/arantv.az\/index.php?rest_route=\/wp\/v2\/posts\/576543\/revisions"}],"wp:featuredmedia":[{"embeddable":true,"href":"https:\/\/arantv.az\/index.php?rest_route=\/wp\/v2\/media\/576544"}],"wp:attachment":[{"href":"https:\/\/arantv.az\/index.php?rest_route=%2Fwp%2Fv2%2Fmedia&parent=576543"}],"wp:term":[{"taxonomy":"category","embeddable":true,"href":"https:\/\/arantv.az\/index.php?rest_route=%2Fwp%2Fv2%2Fcategories&post=576543"},{"taxonomy":"post_tag","embeddable":true,"href":"https:\/\/arantv.az\/index.php?rest_route=%2Fwp%2Fv2%2Ftags&post=576543"}],"curies":[{"name":"wp","href":"https:\/\/api.w.org\/{rel}","templated":true}]}}