{"id":57658,"date":"2019-05-14T08:39:44","date_gmt":"2019-05-14T05:39:44","guid":{"rendered":"http:\/\/arantv.az\/?p=57658"},"modified":"2019-05-14T08:39:44","modified_gmt":"2019-05-14T05:39:44","slug":"prezident-ilham-%c9%99liyev-avropa-ittifaqi-surasinin-prezidenti-donald-tusk-il%c9%99-gorusub-foto","status":"publish","type":"post","link":"https:\/\/arantv.az\/?p=57658","title":{"rendered":"Prezident \u0130lham \u018fliyev Avropa \u0130ttifaq\u0131 \u015euras\u0131n\u0131n prezidenti Donald Tusk il\u0259 g\u00f6r\u00fc\u015f\u00fcb &#8211; FOTO"},"content":{"rendered":"<p>Az\u0259rbaycan Respublikas\u0131n\u0131n Prezidenti \u0130lham \u018fliyev may\u0131n 13-d\u0259 Br\u00fcsseld\u0259 Avropa \u0130ttifaq\u0131 \u015euras\u0131n\u0131n prezidenti Donald Tusk il\u0259 g\u00f6r\u00fc\u015f\u00fcb.<\/p>\n<p><strong>ARANTV.AZ<\/strong> az\u0259rtac-a istinad\u0259n bildirir ki, \u0259vv\u0259lc\u0259 birg\u0259 foto \u00e7\u0259kdirildi.<\/p>\n<p>G\u00f6r\u00fc\u015fd\u0259 Az\u0259rbaycan il\u0259 Avropa \u0130ttifaq\u0131 aras\u0131nda \u0259laq\u0259l\u0259rin inki\u015faf\u0131ndan m\u0259mnunluq ifad\u0259 olundu.<\/p>\n<p>\u00d6lk\u0259mizin Avropa \u0130ttifaq\u0131 \u00fc\u00e7\u00fcn etibarl\u0131 v\u0259 m\u0259suliyy\u0259tli t\u0259r\u0259fda\u015f oldu\u011funu qeyd ed\u0259n Donald Tusk Az\u0259rbaycan\u0131n regiondak\u0131 rolunun Avropa \u0130ttifaq\u0131 t\u0259r\u0259find\u0259n y\u00fcks\u0259k qiym\u0259tl\u0259ndirildiyini vur\u011fulad\u0131.<\/p>\n<p>Prezident \u0130lham \u018fliyev bildirdi ki, Az\u0259rbaycan il\u0259 Avropa ittifaq\u0131 aras\u0131nda m\u00fcnasib\u0259tl\u0259r \u00e7ox u\u011furla inki\u015faf edir v\u0259 \u00f6lk\u0259miz bu \u0259laq\u0259l\u0259rin geni\u015fl\u0259nm\u0259sin\u0259 b\u00f6y\u00fck \u00f6n\u0259m verir.<\/p>\n<p>D\u00f6vl\u0259timizin ba\u015f\u00e7\u0131s\u0131 Avropa \u0130ttifaq\u0131 \u015euras\u0131n\u0131n prezidenti Donald Tuska Erm\u0259nistan-Az\u0259rbaycan Da\u011fl\u0131q Qaraba\u011f m\u00fcnaqi\u015f\u0259sinin h\u0259lli \u00fczr\u0259 apar\u0131lan dan\u0131\u015f\u0131qlar prosesi bar\u0259d\u0259 m\u0259lumat verdi.<\/p>\n<p>G\u00f6r\u00fc\u015fd\u0259 \u00f6t\u0259n il Az\u0259rbaycan v\u0259 Avropa \u0130ttifaq\u0131 aras\u0131nda imzalanm\u0131\u015f &#8220;T\u0259r\u0259fda\u015fl\u0131q prioritetl\u0259ri&#8221; s\u0259n\u0259dinin \u0259h\u0259miyy\u0259ti vur\u011fuland\u0131, h\u0259m\u00e7inin t\u0259r\u0259fl\u0259r aras\u0131nda \u00fcz\u0259rind\u0259 dan\u0131\u015f\u0131qlar apar\u0131lan t\u0259r\u0259fda\u015fl\u0131q sazi\u015fi il\u0259 ba\u011fl\u0131 fikir m\u00fcbadil\u0259si apar\u0131ld\u0131. S\u00f6hb\u0259t zaman\u0131 Az\u0259rbaycan\u0131n ist\u0259r \u015e\u0259rq T\u0259r\u0259fda\u015fl\u0131\u011f\u0131 Proqram\u0131 \u00e7\u0259r\u00e7iv\u0259sind\u0259 v\u0259 ist\u0259rs\u0259 d\u0259 ikit\u0259r\u0259fli formatda Avropa \u0130ttifaq\u0131 il\u0259 yax\u0131ndan \u0259m\u0259kda\u015fl\u0131\u011f\u0131 x\u00fcsusi qeyd olundu.<\/p>\n<p><img loading=\"lazy\" class=\"alignnone size-medium wp-image-57659\" src=\"https:\/\/arantv.az\/wp-content\/uploads\/2019\/05\/754569_04-300x179.jpg\" alt=\"\" width=\"300\" height=\"179\" \/><img loading=\"lazy\" class=\"alignnone size-full wp-image-57660\" src=\"https:\/\/arantv.az\/wp-content\/uploads\/2019\/05\/754569_03.jpg\" alt=\"\" width=\"250\" height=\"154\" \/><img loading=\"lazy\" class=\"alignnone size-full wp-image-57661\" src=\"https:\/\/arantv.az\/wp-content\/uploads\/2019\/05\/754569_02.jpg\" alt=\"\" width=\"250\" height=\"178\" \/><\/p>\n","protected":false},"excerpt":{"rendered":"<p>Az\u0259rbaycan Respublikas\u0131n\u0131n Prezidenti \u0130lham \u018fliyev may\u0131n 13-d\u0259 Br\u00fcsseld\u0259 Avropa \u0130ttifaq\u0131 \u015euras\u0131n\u0131n prezidenti Donald Tusk il\u0259 g\u00f6r\u00fc\u015f\u00fcb. ARANTV.AZ az\u0259rtac-a istinad\u0259n bildirir ki, \u0259vv\u0259lc\u0259 birg\u0259 foto \u00e7\u0259kdirildi. G\u00f6r\u00fc\u015fd\u0259 Az\u0259rbaycan il\u0259 Avropa \u0130ttifaq\u0131 aras\u0131nda \u0259laq\u0259l\u0259rin inki\u015faf\u0131ndan m\u0259mnunluq ifad\u0259 olundu. \u00d6lk\u0259mizin Avropa \u0130ttifaq\u0131 \u00fc\u00e7\u00fcn etibarl\u0131 v\u0259 m\u0259suliyy\u0259tli t\u0259r\u0259fda\u015f oldu\u011funu qeyd ed\u0259n Donald Tusk Az\u0259rbaycan\u0131n regiondak\u0131 rolunun Avropa \u0130ttifaq\u0131 t\u0259r\u0259find\u0259n y\u00fcks\u0259k qiym\u0259tl\u0259ndirildiyini vur\u011fulad\u0131. Prezident \u0130lham \u018fliyev bildirdi ki, Az\u0259rbaycan il\u0259 Avropa ittifaq\u0131 aras\u0131nda m\u00fcnasib\u0259tl\u0259r \u00e7ox u\u011furla inki\u015faf edir v\u0259 \u00f6lk\u0259miz bu \u0259laq\u0259l\u0259rin geni\u015fl\u0259nm\u0259sin\u0259 b\u00f6y\u00fck \u00f6n\u0259m verir. D\u00f6vl\u0259timizin ba\u015f\u00e7\u0131s\u0131 Avropa \u0130ttifaq\u0131 \u015euras\u0131n\u0131n prezidenti Donald Tuska Erm\u0259nistan-Az\u0259rbaycan&hellip;<\/p>\n","protected":false},"author":2,"featured_media":57659,"comment_status":"closed","ping_status":"closed","sticky":false,"template":"","format":"standard","meta":{"om_disable_all_campaigns":false,"_monsterinsights_skip_tracking":false,"_monsterinsights_sitenote_active":false,"_monsterinsights_sitenote_note":"","_monsterinsights_sitenote_category":0},"categories":[4],"tags":[],"aioseo_notices":[],"gutentor_comment":0,"rttpg_featured_image_url":{"full":["https:\/\/arantv.az\/wp-content\/uploads\/2019\/05\/754569_04.jpg",1000,595,false],"landscape":["https:\/\/arantv.az\/wp-content\/uploads\/2019\/05\/754569_04.jpg",1000,595,false],"portraits":["https:\/\/arantv.az\/wp-content\/uploads\/2019\/05\/754569_04.jpg",1000,595,false],"thumbnail":["https:\/\/arantv.az\/wp-content\/uploads\/2019\/05\/754569_04-150x150.jpg",150,150,true],"medium":["https:\/\/arantv.az\/wp-content\/uploads\/2019\/05\/754569_04-300x179.jpg",300,179,true],"large":["https:\/\/arantv.az\/wp-content\/uploads\/2019\/05\/754569_04.jpg",640,381,false],"1536x1536":["https:\/\/arantv.az\/wp-content\/uploads\/2019\/05\/754569_04.jpg",1000,595,false],"2048x2048":["https:\/\/arantv.az\/wp-content\/uploads\/2019\/05\/754569_04.jpg",1000,595,false],"post-thumbnail":["https:\/\/arantv.az\/wp-content\/uploads\/2019\/05\/754569_04-240x172.jpg",240,172,true],"advps-thumb-one":["https:\/\/arantv.az\/wp-content\/uploads\/2019\/05\/754569_04.jpg",1000,595,false]},"rttpg_author":{"display_name":"V\u00fcsal Rafiqo\u011flu","author_link":"https:\/\/arantv.az\/?author=2"},"rttpg_comment":0,"rttpg_category":"<a href=\"https:\/\/arantv.az\/?cat=4\" rel=\"category\">Siyas\u0259t<\/a>","rttpg_excerpt":"Az\u0259rbaycan Respublikas\u0131n\u0131n Prezidenti \u0130lham \u018fliyev may\u0131n 13-d\u0259 Br\u00fcsseld\u0259 Avropa \u0130ttifaq\u0131 \u015euras\u0131n\u0131n prezidenti Donald Tusk il\u0259 g\u00f6r\u00fc\u015f\u00fcb. ARANTV.AZ az\u0259rtac-a istinad\u0259n bildirir ki, \u0259vv\u0259lc\u0259 birg\u0259 foto \u00e7\u0259kdirildi. G\u00f6r\u00fc\u015fd\u0259 Az\u0259rbaycan il\u0259 Avropa \u0130ttifaq\u0131 aras\u0131nda \u0259laq\u0259l\u0259rin inki\u015faf\u0131ndan m\u0259mnunluq ifad\u0259 olundu. \u00d6lk\u0259mizin Avropa \u0130ttifaq\u0131 \u00fc\u00e7\u00fcn etibarl\u0131 v\u0259 m\u0259suliyy\u0259tli t\u0259r\u0259fda\u015f oldu\u011funu qeyd ed\u0259n Donald Tusk Az\u0259rbaycan\u0131n regiondak\u0131 rolunun Avropa \u0130ttifaq\u0131 t\u0259r\u0259find\u0259n&hellip;","_links":{"self":[{"href":"https:\/\/arantv.az\/index.php?rest_route=\/wp\/v2\/posts\/57658"}],"collection":[{"href":"https:\/\/arantv.az\/index.php?rest_route=\/wp\/v2\/posts"}],"about":[{"href":"https:\/\/arantv.az\/index.php?rest_route=\/wp\/v2\/types\/post"}],"author":[{"embeddable":true,"href":"https:\/\/arantv.az\/index.php?rest_route=\/wp\/v2\/users\/2"}],"replies":[{"embeddable":true,"href":"https:\/\/arantv.az\/index.php?rest_route=%2Fwp%2Fv2%2Fcomments&post=57658"}],"version-history":[{"count":0,"href":"https:\/\/arantv.az\/index.php?rest_route=\/wp\/v2\/posts\/57658\/revisions"}],"wp:featuredmedia":[{"embeddable":true,"href":"https:\/\/arantv.az\/index.php?rest_route=\/wp\/v2\/media\/57659"}],"wp:attachment":[{"href":"https:\/\/arantv.az\/index.php?rest_route=%2Fwp%2Fv2%2Fmedia&parent=57658"}],"wp:term":[{"taxonomy":"category","embeddable":true,"href":"https:\/\/arantv.az\/index.php?rest_route=%2Fwp%2Fv2%2Fcategories&post=57658"},{"taxonomy":"post_tag","embeddable":true,"href":"https:\/\/arantv.az\/index.php?rest_route=%2Fwp%2Fv2%2Ftags&post=57658"}],"curies":[{"name":"wp","href":"https:\/\/api.w.org\/{rel}","templated":true}]}}