{"id":57663,"date":"2019-05-14T08:45:22","date_gmt":"2019-05-14T05:45:22","guid":{"rendered":"http:\/\/arantv.az\/?p=57663"},"modified":"2019-05-14T08:45:22","modified_gmt":"2019-05-14T05:45:22","slug":"prezident-ilham-%c9%99liyev-s%c9%99rq-t%c9%99r%c9%99fdasligi-olk%c9%99l%c9%99rinin-dovl%c9%99t-v%c9%99-hokum%c9%99t-bascilarinin-s%c9%99r%c9%99fin%c9%99-veril%c9%99n-sam-yem%c9%99yind%c9%99-istirak-ed","status":"publish","type":"post","link":"https:\/\/arantv.az\/?p=57663","title":{"rendered":"Prezident \u0130lham \u018fliyev \u015e\u0259rq T\u0259r\u0259fda\u015fl\u0131\u011f\u0131 \u00f6lk\u0259l\u0259rinin d\u00f6vl\u0259t v\u0259 h\u00f6kum\u0259t ba\u015f\u00e7\u0131lar\u0131n\u0131n \u015f\u0259r\u0259fin\u0259 veril\u0259n \u015fam yem\u0259yind\u0259 i\u015ftirak edib &#8211; FOTO"},"content":{"rendered":"<p>May\u0131n 13-d\u0259 Avropa \u0130ttifaq\u0131 \u015euras\u0131n\u0131n prezidenti Donald Tuskun ad\u0131ndan \u015e\u0259rq T\u0259r\u0259fda\u015fl\u0131\u011f\u0131 \u00f6lk\u0259l\u0259rinin d\u00f6vl\u0259t v\u0259 h\u00f6kum\u0259t ba\u015f\u00e7\u0131lar\u0131n\u0131n \u015f\u0259r\u0259fin\u0259 \u015fam yem\u0259yi verilib.<\/p>\n<p><strong>ARANTV.AZ<\/strong> az\u0259rtac-a istinad\u0259n bildirir ki, Az\u0259rbaycan Respublikas\u0131n\u0131n Prezidenti \u0130lham \u018fliyev \u015fam yem\u0259yind\u0259 i\u015ftirak edib.<\/p>\n<p>\u018fvv\u0259lc\u0259 Prezident \u0130lham \u018fliyev v\u0259 Prezident Donald Tusk birg\u0259 foto \u00e7\u0259kdirdil\u0259r.<\/p>\n<p>Sonra \u015e\u0259rq T\u0259r\u0259fda\u015fl\u0131\u011f\u0131 \u00f6lk\u0259l\u0259rinin d\u00f6vl\u0259t v\u0259 h\u00f6kum\u0259t ba\u015f\u00e7\u0131lar\u0131 r\u0259smi foto \u00e7\u0259kdirdil\u0259r.<\/p>\n<p>Avropa \u0130ttifaq\u0131 \u015euras\u0131n\u0131n prezidenti Donald Tuskun ad\u0131ndan \u015e\u0259rq T\u0259r\u0259fda\u015fl\u0131\u011f\u0131 \u00f6lk\u0259l\u0259rinin d\u00f6vl\u0259t v\u0259 h\u00f6kum\u0259t ba\u015f\u00e7\u0131lar\u0131n\u0131n \u015f\u0259r\u0259fin\u0259 veril\u0259n \u015fam yem\u0259yind\u0259 \u00e7\u0131x\u0131\u015f ed\u0259n Prezident \u0130lham \u018fliyev qeyd etdi ki, Az\u0259rbaycan \u015e\u0259rq T\u0259r\u0259fda\u015fl\u0131\u011f\u0131 Proqram\u0131nda i\u015ftirak ed\u0259n f\u0259al \u00f6lk\u0259l\u0259rd\u0259n biridir.<\/p>\n<p>D\u00f6vl\u0259timizin ba\u015f\u00e7\u0131s\u0131 bildirdi ki, Az\u0259rbaycan Avropa \u0130ttifaq\u0131na \u00fczv \u00f6lk\u0259l\u0259rl\u0259 d\u0259 s\u0131x \u0259laq\u0259l\u0259r\u0259 malikdir. Bel\u0259 ki, Az\u0259rbaycan\u0131n Avropa \u0130ttifaq\u0131n\u0131n \u00fczv\u00fc olan doqquz \u00f6lk\u0259 il\u0259 \u0259laq\u0259l\u0259ri strateji t\u0259r\u0259fda\u015fl\u0131q xarakteri da\u015f\u0131y\u0131r.<\/p>\n<p>D\u00f6vl\u0259timizin ba\u015f\u00e7\u0131s\u0131, h\u0259m\u00e7inin bildirdi ki, Avropa \u0130ttifaq\u0131 Az\u0259rbaycan\u0131n \u0259sas ticar\u0259t t\u0259r\u0259fda\u015f\u0131d\u0131r v\u0259 t\u0259\u015fkilat\u0131n \u00fczv d\u00f6vl\u0259tl\u0259ri \u00f6lk\u0259mizd\u0259 apar\u0131c\u0131 s\u0259rmay\u0259\u00e7i qismind\u0259 \u00e7\u0131x\u0131\u015f edirl\u0259r.<\/p>\n<p>Az\u0259rbaycan Prezidenti \u015e\u0259rq T\u0259r\u0259fda\u015fl\u0131\u011f\u0131 Proqram\u0131n\u0131n i\u015ftirak\u00e7\u0131s\u0131 olan Erm\u0259nistan v\u0259 Az\u0259rbaycan aras\u0131nda m\u00fcnaqi\u015f\u0259nin \u00f6z h\u0259llini tapmamas\u0131n\u0131 t\u0259\u0259ss\u00fcfl\u0259 qeyd etdi. D\u00f6vl\u0259timizin ba\u015f\u00e7\u0131s\u0131 torpaqlar\u0131m\u0131z\u0131n 20 faizinin Erm\u0259nistan t\u0259r\u0259find\u0259n i\u015f\u011fal olundu\u011funu, bir milyondan \u00e7ox soyda\u015f\u0131m\u0131z\u0131n qa\u00e7q\u0131n v\u0259 m\u0259cburi k\u00f6\u00e7k\u00fcn\u0259 \u00e7evrildiyini vur\u011fulayaraq bildirdi ki, 25 ild\u0259n \u00e7oxdur bu m\u00fcnaqi\u015f\u0259 davam edir. Prezident \u0130lham \u018fliyev qeyd etdi ki, bu m\u00fcnaqi\u015f\u0259 yaln\u0131z beyn\u0259lxalq h\u00fcququn norma v\u0259 prinsipl\u0259rin\u0259 uy\u011fun \u015f\u0259kild\u0259, BMT T\u0259hl\u00fck\u0259sizlik \u015euras\u0131n\u0131n q\u0259tnam\u0259l\u0259ri \u0259sas\u0131nda, Az\u0259rbaycan\u0131n \u0259razi b\u00fct\u00f6vl\u00fcy\u00fc, suverenliyi v\u0259 s\u0259rh\u0259dl\u0259rinin toxunulmazl\u0131\u011f\u0131 \u00e7\u0259r\u00e7iv\u0259sind\u0259 h\u0259ll olunmal\u0131d\u0131r.<\/p>\n<p>Prezident \u0130lham \u018fliyev xat\u0131rlatd\u0131 ki, \u00f6t\u0259n il Br\u00fcsseld\u0259 Az\u0259rbaycan v\u0259 Avropa \u0130ttifaq\u0131 aras\u0131nda paraflanm\u0131\u015f &#8220;T\u0259r\u0259fda\u015fl\u0131q prioritetl\u0259ri&#8221; s\u0259n\u0259dind\u0259 d\u0259 Az\u0259rbaycan\u0131n beyn\u0259lxalq s\u0259viyy\u0259d\u0259 tan\u0131nm\u0131\u015f s\u0259rh\u0259dl\u0259ri daxilind\u0259 \u0259razi b\u00fct\u00f6vl\u00fcy\u00fcn\u0259 v\u0259 suverenliyin\u0259 bir daha d\u0259st\u0259k ifad\u0259 olunub.<\/p>\n<p>Az\u0259rbaycan\u0131n Avropan\u0131n enerji t\u0259hl\u00fck\u0259sizliyin\u0259 t\u00f6hf\u0259 verdiyini vur\u011fulayan d\u00f6vl\u0259timizin ba\u015f\u00e7\u0131s\u0131 bildirdi ki, \u00f6lk\u0259mizin t\u0259\u015f\u0259bb\u00fcs\u00fc v\u0259 i\u015ftirak\u0131 il\u0259 realla\u015fd\u0131r\u0131lan enerji layih\u0259l\u0259rind\u0259 hasilat\u00e7\u0131, tranzit v\u0259 istehlak\u00e7\u0131 \u00f6lk\u0259l\u0259rin maraqlar\u0131 onlar\u0131n \u0259m\u0259kda\u015fl\u0131\u011f\u0131 \u00e7\u0259r\u00e7iv\u0259sind\u0259 birg\u0259 \u015f\u0259kild\u0259 qorunur.<\/p>\n<p>D\u00f6vl\u0259timizin ba\u015f\u00e7\u0131s\u0131 Az\u0259rbaycan\u0131n \u015e\u0259rq-Q\u0259rb n\u0259qliyyat d\u0259hlizinin realla\u015fd\u0131r\u0131lmas\u0131nda m\u00fch\u00fcm rol oynad\u0131\u011f\u0131n\u0131 qeyd ed\u0259r\u0259k \u00f6lk\u0259mizin Avropa \u0130ttifaq\u0131 il\u0259 n\u0259qliyyat sah\u0259sind\u0259 d\u0259 u\u011furla \u0259m\u0259kda\u015fl\u0131q etdiyini bildirdi.<\/p>\n<p><img loading=\"lazy\" class=\"alignnone size-medium wp-image-57664\" src=\"https:\/\/arantv.az\/wp-content\/uploads\/2019\/05\/754572_09-300x182.jpg\" alt=\"\" width=\"300\" height=\"182\" \/><img loading=\"lazy\" class=\"alignnone size-full wp-image-57665\" src=\"https:\/\/arantv.az\/wp-content\/uploads\/2019\/05\/754572_07.jpg\" alt=\"\" width=\"250\" height=\"162\" \/><img loading=\"lazy\" class=\"alignnone size-full wp-image-57666\" src=\"https:\/\/arantv.az\/wp-content\/uploads\/2019\/05\/754572_02.jpg\" alt=\"\" width=\"250\" height=\"154\" \/><img loading=\"lazy\" class=\"alignnone size-full wp-image-57667\" src=\"https:\/\/arantv.az\/wp-content\/uploads\/2019\/05\/754572_03.jpg\" alt=\"\" width=\"250\" height=\"165\" \/><img loading=\"lazy\" class=\"alignnone size-full wp-image-57668\" src=\"https:\/\/arantv.az\/wp-content\/uploads\/2019\/05\/754572_05.jpg\" alt=\"\" width=\"250\" height=\"173\" \/><img loading=\"lazy\" class=\"alignnone size-medium wp-image-57669\" src=\"https:\/\/arantv.az\/wp-content\/uploads\/2019\/05\/754572_08-300x181.jpg\" alt=\"\" width=\"300\" height=\"181\" \/><\/p>\n","protected":false},"excerpt":{"rendered":"<p>May\u0131n 13-d\u0259 Avropa \u0130ttifaq\u0131 \u015euras\u0131n\u0131n prezidenti Donald Tuskun ad\u0131ndan \u015e\u0259rq T\u0259r\u0259fda\u015fl\u0131\u011f\u0131 \u00f6lk\u0259l\u0259rinin d\u00f6vl\u0259t v\u0259 h\u00f6kum\u0259t ba\u015f\u00e7\u0131lar\u0131n\u0131n \u015f\u0259r\u0259fin\u0259 \u015fam yem\u0259yi verilib. ARANTV.AZ az\u0259rtac-a istinad\u0259n bildirir ki, Az\u0259rbaycan Respublikas\u0131n\u0131n Prezidenti \u0130lham \u018fliyev \u015fam yem\u0259yind\u0259 i\u015ftirak edib. \u018fvv\u0259lc\u0259 Prezident \u0130lham \u018fliyev v\u0259 Prezident Donald Tusk birg\u0259 foto \u00e7\u0259kdirdil\u0259r. Sonra \u015e\u0259rq T\u0259r\u0259fda\u015fl\u0131\u011f\u0131 \u00f6lk\u0259l\u0259rinin d\u00f6vl\u0259t v\u0259 h\u00f6kum\u0259t ba\u015f\u00e7\u0131lar\u0131 r\u0259smi foto \u00e7\u0259kdirdil\u0259r. Avropa \u0130ttifaq\u0131 \u015euras\u0131n\u0131n prezidenti Donald Tuskun ad\u0131ndan \u015e\u0259rq T\u0259r\u0259fda\u015fl\u0131\u011f\u0131 \u00f6lk\u0259l\u0259rinin d\u00f6vl\u0259t v\u0259 h\u00f6kum\u0259t ba\u015f\u00e7\u0131lar\u0131n\u0131n \u015f\u0259r\u0259fin\u0259 veril\u0259n \u015fam yem\u0259yind\u0259 \u00e7\u0131x\u0131\u015f ed\u0259n Prezident \u0130lham \u018fliyev qeyd etdi ki, Az\u0259rbaycan \u015e\u0259rq T\u0259r\u0259fda\u015fl\u0131\u011f\u0131 Proqram\u0131nda i\u015ftirak ed\u0259n f\u0259al \u00f6lk\u0259l\u0259rd\u0259n&hellip;<\/p>\n","protected":false},"author":2,"featured_media":57664,"comment_status":"closed","ping_status":"closed","sticky":false,"template":"","format":"standard","meta":{"om_disable_all_campaigns":false,"_monsterinsights_skip_tracking":false,"_monsterinsights_sitenote_active":false,"_monsterinsights_sitenote_note":"","_monsterinsights_sitenote_category":0},"categories":[4],"tags":[],"aioseo_notices":[],"gutentor_comment":0,"rttpg_featured_image_url":{"full":["https:\/\/arantv.az\/wp-content\/uploads\/2019\/05\/754572_09.jpg",1000,607,false],"landscape":["https:\/\/arantv.az\/wp-content\/uploads\/2019\/05\/754572_09.jpg",1000,607,false],"portraits":["https:\/\/arantv.az\/wp-content\/uploads\/2019\/05\/754572_09.jpg",1000,607,false],"thumbnail":["https:\/\/arantv.az\/wp-content\/uploads\/2019\/05\/754572_09-150x150.jpg",150,150,true],"medium":["https:\/\/arantv.az\/wp-content\/uploads\/2019\/05\/754572_09-300x182.jpg",300,182,true],"large":["https:\/\/arantv.az\/wp-content\/uploads\/2019\/05\/754572_09.jpg",640,388,false],"1536x1536":["https:\/\/arantv.az\/wp-content\/uploads\/2019\/05\/754572_09.jpg",1000,607,false],"2048x2048":["https:\/\/arantv.az\/wp-content\/uploads\/2019\/05\/754572_09.jpg",1000,607,false],"post-thumbnail":["https:\/\/arantv.az\/wp-content\/uploads\/2019\/05\/754572_09-240x172.jpg",240,172,true],"advps-thumb-one":["https:\/\/arantv.az\/wp-content\/uploads\/2019\/05\/754572_09.jpg",1000,607,false]},"rttpg_author":{"display_name":"V\u00fcsal Rafiqo\u011flu","author_link":"https:\/\/arantv.az\/?author=2"},"rttpg_comment":0,"rttpg_category":"<a href=\"https:\/\/arantv.az\/?cat=4\" rel=\"category\">Siyas\u0259t<\/a>","rttpg_excerpt":"May\u0131n 13-d\u0259 Avropa \u0130ttifaq\u0131 \u015euras\u0131n\u0131n prezidenti Donald Tuskun ad\u0131ndan \u015e\u0259rq T\u0259r\u0259fda\u015fl\u0131\u011f\u0131 \u00f6lk\u0259l\u0259rinin d\u00f6vl\u0259t v\u0259 h\u00f6kum\u0259t ba\u015f\u00e7\u0131lar\u0131n\u0131n \u015f\u0259r\u0259fin\u0259 \u015fam yem\u0259yi verilib. ARANTV.AZ az\u0259rtac-a istinad\u0259n bildirir ki, Az\u0259rbaycan Respublikas\u0131n\u0131n Prezidenti \u0130lham \u018fliyev \u015fam yem\u0259yind\u0259 i\u015ftirak edib. \u018fvv\u0259lc\u0259 Prezident \u0130lham \u018fliyev v\u0259 Prezident Donald Tusk birg\u0259 foto \u00e7\u0259kdirdil\u0259r. Sonra \u015e\u0259rq T\u0259r\u0259fda\u015fl\u0131\u011f\u0131 \u00f6lk\u0259l\u0259rinin d\u00f6vl\u0259t v\u0259 h\u00f6kum\u0259t ba\u015f\u00e7\u0131lar\u0131 r\u0259smi foto&hellip;","_links":{"self":[{"href":"https:\/\/arantv.az\/index.php?rest_route=\/wp\/v2\/posts\/57663"}],"collection":[{"href":"https:\/\/arantv.az\/index.php?rest_route=\/wp\/v2\/posts"}],"about":[{"href":"https:\/\/arantv.az\/index.php?rest_route=\/wp\/v2\/types\/post"}],"author":[{"embeddable":true,"href":"https:\/\/arantv.az\/index.php?rest_route=\/wp\/v2\/users\/2"}],"replies":[{"embeddable":true,"href":"https:\/\/arantv.az\/index.php?rest_route=%2Fwp%2Fv2%2Fcomments&post=57663"}],"version-history":[{"count":0,"href":"https:\/\/arantv.az\/index.php?rest_route=\/wp\/v2\/posts\/57663\/revisions"}],"wp:featuredmedia":[{"embeddable":true,"href":"https:\/\/arantv.az\/index.php?rest_route=\/wp\/v2\/media\/57664"}],"wp:attachment":[{"href":"https:\/\/arantv.az\/index.php?rest_route=%2Fwp%2Fv2%2Fmedia&parent=57663"}],"wp:term":[{"taxonomy":"category","embeddable":true,"href":"https:\/\/arantv.az\/index.php?rest_route=%2Fwp%2Fv2%2Fcategories&post=57663"},{"taxonomy":"post_tag","embeddable":true,"href":"https:\/\/arantv.az\/index.php?rest_route=%2Fwp%2Fv2%2Ftags&post=57663"}],"curies":[{"name":"wp","href":"https:\/\/api.w.org\/{rel}","templated":true}]}}