{"id":576688,"date":"2023-03-14T18:23:12","date_gmt":"2023-03-14T15:23:12","guid":{"rendered":"https:\/\/arantv.az\/?p=576688"},"modified":"2023-03-14T18:23:12","modified_gmt":"2023-03-14T15:23:12","slug":"az%c9%99rbaycan-prezidenti-separatizmin-butun-forma-v%c9%99-t%c9%99zahurl%c9%99ri-q%c9%99buledilm%c9%99zdir","status":"publish","type":"post","link":"https:\/\/arantv.az\/?p=576688","title":{"rendered":"Az\u0259rbaycan Prezidenti: \u201cSeparatizmin b\u00fct\u00fcn forma v\u0259 t\u0259zah\u00fcrl\u0259ri q\u0259buledilm\u0259zdir\u201d"},"content":{"rendered":"<p>\u201cAz\u0259rbaycan t\u0259r\u0259find\u0259n m\u00fc\u0259yy\u0259n olunmu\u015f n\u00fcmay\u0259nd\u0259 mart\u0131n 5-d\u0259 Az\u0259rbaycan\u0131n Qaraba\u011f b\u00f6lg\u0259sind\u0259n olan sakinl\u0259rl\u0259 g\u00f6r\u00fc\u015f\u00fcb, Az\u0259rbaycan Prezidentinin Administrasiyas\u0131 t\u0259r\u0259find\u0259n Qaraba\u011f\u0131n erm\u0259ni ictimaiyy\u0259ti n\u00fcmay\u0259nd\u0259l\u0259ri reinteqrasiya m\u0259s\u0259l\u0259l\u0259ri v\u0259 bir s\u0131ra infrastruktur layih\u0259l\u0259rinin h\u0259yata ke\u00e7irilm\u0259si \u00fczr\u0259 t\u0259maslar\u0131n davam etdirilm\u0259si \u00fc\u00e7\u00fcn Bak\u0131ya d\u0259v\u0259t olunub\u201d.<\/p>\n<p><a href=\"https:\/\/azertag.az\/\" target=\"_blank\" rel=\"noopener\">AZ\u018fRTAC<\/a>\u00a0x\u0259b\u0259r verir ki, bunu Az\u0259rbaycan Prezidenti \u0130lham \u018fliyev Almaniya Prezidenti Frank-Valter \u015etaynmayer il\u0259 geni\u015f t\u0259rkibd\u0259 g\u00f6r\u00fc\u015f\u00fcnd\u0259 deyib.<\/p>\n<p>Separatizmin b\u00fct\u00fcn forma v\u0259 t\u0259zah\u00fcrl\u0259rinin q\u0259buledilm\u0259z oldu\u011funu qeyd ed\u0259n d\u00f6vl\u0259timizin ba\u015f\u00e7\u0131s\u0131 separatist meyill\u0259r\u0259 m\u00fcnasib\u0259td\u0259 vahid m\u00f6vqeyin n\u00fcmayi\u015f etdirilm\u0259sinin vacibliyini vur\u011fulay\u0131b.<\/p>\n","protected":false},"excerpt":{"rendered":"<p>\u201cAz\u0259rbaycan t\u0259r\u0259find\u0259n m\u00fc\u0259yy\u0259n olunmu\u015f n\u00fcmay\u0259nd\u0259 mart\u0131n 5-d\u0259 Az\u0259rbaycan\u0131n Qaraba\u011f b\u00f6lg\u0259sind\u0259n olan sakinl\u0259rl\u0259 g\u00f6r\u00fc\u015f\u00fcb, Az\u0259rbaycan Prezidentinin Administrasiyas\u0131 t\u0259r\u0259find\u0259n Qaraba\u011f\u0131n erm\u0259ni ictimaiyy\u0259ti n\u00fcmay\u0259nd\u0259l\u0259ri reinteqrasiya m\u0259s\u0259l\u0259l\u0259ri v\u0259 bir s\u0131ra infrastruktur layih\u0259l\u0259rinin h\u0259yata ke\u00e7irilm\u0259si \u00fczr\u0259 t\u0259maslar\u0131n davam etdirilm\u0259si \u00fc\u00e7\u00fcn Bak\u0131ya d\u0259v\u0259t olunub\u201d. AZ\u018fRTAC\u00a0x\u0259b\u0259r verir ki, bunu Az\u0259rbaycan Prezidenti \u0130lham \u018fliyev Almaniya Prezidenti Frank-Valter \u015etaynmayer il\u0259 geni\u015f t\u0259rkibd\u0259 g\u00f6r\u00fc\u015f\u00fcnd\u0259 deyib. Separatizmin b\u00fct\u00fcn forma v\u0259 t\u0259zah\u00fcrl\u0259rinin q\u0259buledilm\u0259z oldu\u011funu qeyd ed\u0259n d\u00f6vl\u0259timizin ba\u015f\u00e7\u0131s\u0131 separatist meyill\u0259r\u0259 m\u00fcnasib\u0259td\u0259 vahid m\u00f6vqeyin n\u00fcmayi\u015f etdirilm\u0259sinin vacibliyini vur\u011fulay\u0131b.<\/p>\n","protected":false},"author":2,"featured_media":576689,"comment_status":"closed","ping_status":"closed","sticky":false,"template":"","format":"standard","meta":{"om_disable_all_campaigns":false,"_monsterinsights_skip_tracking":false,"_monsterinsights_sitenote_active":false,"_monsterinsights_sitenote_note":"","_monsterinsights_sitenote_category":0},"categories":[4],"tags":[],"aioseo_notices":[],"gutentor_comment":0,"rttpg_featured_image_url":{"full":["https:\/\/arantv.az\/wp-content\/uploads\/2023\/03\/16788044804319612254_1200x630.jpg",620,413,false],"landscape":["https:\/\/arantv.az\/wp-content\/uploads\/2023\/03\/16788044804319612254_1200x630.jpg",620,413,false],"portraits":["https:\/\/arantv.az\/wp-content\/uploads\/2023\/03\/16788044804319612254_1200x630.jpg",620,413,false],"thumbnail":["https:\/\/arantv.az\/wp-content\/uploads\/2023\/03\/16788044804319612254_1200x630-500x280.jpg",500,280,true],"medium":["https:\/\/arantv.az\/wp-content\/uploads\/2023\/03\/16788044804319612254_1200x630-548x365.jpg",548,365,true],"large":["https:\/\/arantv.az\/wp-content\/uploads\/2023\/03\/16788044804319612254_1200x630.jpg",620,413,false],"1536x1536":["https:\/\/arantv.az\/wp-content\/uploads\/2023\/03\/16788044804319612254_1200x630.jpg",620,413,false],"2048x2048":["https:\/\/arantv.az\/wp-content\/uploads\/2023\/03\/16788044804319612254_1200x630.jpg",620,413,false],"post-thumbnail":["https:\/\/arantv.az\/wp-content\/uploads\/2023\/03\/16788044804319612254_1200x630-240x172.jpg",240,172,true],"advps-thumb-one":["https:\/\/arantv.az\/wp-content\/uploads\/2023\/03\/16788044804319612254_1200x630.jpg",620,413,false]},"rttpg_author":{"display_name":"V\u00fcsal Rafiqo\u011flu","author_link":"https:\/\/arantv.az\/?author=2"},"rttpg_comment":0,"rttpg_category":"<a href=\"https:\/\/arantv.az\/?cat=4\" rel=\"category\">Siyas\u0259t<\/a>","rttpg_excerpt":"\u201cAz\u0259rbaycan t\u0259r\u0259find\u0259n m\u00fc\u0259yy\u0259n olunmu\u015f n\u00fcmay\u0259nd\u0259 mart\u0131n 5-d\u0259 Az\u0259rbaycan\u0131n Qaraba\u011f b\u00f6lg\u0259sind\u0259n olan sakinl\u0259rl\u0259 g\u00f6r\u00fc\u015f\u00fcb, Az\u0259rbaycan Prezidentinin Administrasiyas\u0131 t\u0259r\u0259find\u0259n Qaraba\u011f\u0131n erm\u0259ni ictimaiyy\u0259ti n\u00fcmay\u0259nd\u0259l\u0259ri reinteqrasiya m\u0259s\u0259l\u0259l\u0259ri v\u0259 bir s\u0131ra infrastruktur layih\u0259l\u0259rinin h\u0259yata ke\u00e7irilm\u0259si \u00fczr\u0259 t\u0259maslar\u0131n davam etdirilm\u0259si \u00fc\u00e7\u00fcn Bak\u0131ya d\u0259v\u0259t olunub\u201d. AZ\u018fRTAC\u00a0x\u0259b\u0259r verir ki, bunu Az\u0259rbaycan Prezidenti \u0130lham \u018fliyev Almaniya Prezidenti Frank-Valter \u015etaynmayer il\u0259 geni\u015f t\u0259rkibd\u0259 g\u00f6r\u00fc\u015f\u00fcnd\u0259 deyib.&hellip;","_links":{"self":[{"href":"https:\/\/arantv.az\/index.php?rest_route=\/wp\/v2\/posts\/576688"}],"collection":[{"href":"https:\/\/arantv.az\/index.php?rest_route=\/wp\/v2\/posts"}],"about":[{"href":"https:\/\/arantv.az\/index.php?rest_route=\/wp\/v2\/types\/post"}],"author":[{"embeddable":true,"href":"https:\/\/arantv.az\/index.php?rest_route=\/wp\/v2\/users\/2"}],"replies":[{"embeddable":true,"href":"https:\/\/arantv.az\/index.php?rest_route=%2Fwp%2Fv2%2Fcomments&post=576688"}],"version-history":[{"count":0,"href":"https:\/\/arantv.az\/index.php?rest_route=\/wp\/v2\/posts\/576688\/revisions"}],"wp:featuredmedia":[{"embeddable":true,"href":"https:\/\/arantv.az\/index.php?rest_route=\/wp\/v2\/media\/576689"}],"wp:attachment":[{"href":"https:\/\/arantv.az\/index.php?rest_route=%2Fwp%2Fv2%2Fmedia&parent=576688"}],"wp:term":[{"taxonomy":"category","embeddable":true,"href":"https:\/\/arantv.az\/index.php?rest_route=%2Fwp%2Fv2%2Fcategories&post=576688"},{"taxonomy":"post_tag","embeddable":true,"href":"https:\/\/arantv.az\/index.php?rest_route=%2Fwp%2Fv2%2Ftags&post=576688"}],"curies":[{"name":"wp","href":"https:\/\/api.w.org\/{rel}","templated":true}]}}