{"id":576697,"date":"2023-03-14T18:25:27","date_gmt":"2023-03-14T15:25:27","guid":{"rendered":"https:\/\/arantv.az\/?p=576697"},"modified":"2023-03-14T18:25:27","modified_gmt":"2023-03-14T15:25:27","slug":"ilham-%c9%99liyev-az%c9%99rbaycan-brussel-sulh-gund%c9%99liyini-d%c9%99st%c9%99kl%c9%99yir","status":"publish","type":"post","link":"https:\/\/arantv.az\/?p=576697","title":{"rendered":"\u0130lham \u018fliyev: \u201cAz\u0259rbaycan Br\u00fcssel s\u00fclh g\u00fcnd\u0259liyini d\u0259st\u0259kl\u0259yir\u201d"},"content":{"rendered":"<p>\u201cAz\u0259rbaycan Erm\u0259nistanla s\u00fclh m\u00fcqavil\u0259sinin imzalanma prosesini, Avropa \u0130ttifaq\u0131 \u015euras\u0131n\u0131n Prezidenti \u015earl Mi\u015felin missiyas\u0131n\u0131, Br\u00fcssel s\u00fclh g\u00fcnd\u0259liyini d\u0259st\u0259kl\u0259yir. M\u0259hz bu \u0259snada apar\u0131lan g\u00f6r\u00fc\u015fl\u0259rd\u0259, q\u0259bul edil\u0259n b\u0259yanatlarda s\u00fclh m\u00fcqavil\u0259sinin v\u0259 s\u00fclh g\u00fcnd\u0259liyi platformas\u0131 m\u00fc\u0259yy\u0259n olunub\u201d.<\/p>\n<p><a href=\"https:\/\/azertag.az\/xeber\/Prezident_Ilham_Aliyev_Azerbaycan_Brussel_sulh_gundeliyini_destekleyir-2531954\" target=\"_blank\" rel=\"noopener\">AZ\u018fRTAC<\/a>\u00a0x\u0259b\u0259r verir ki, bu bar\u0259d\u0259 Prezident\u00a0<strong>\u0130lham \u018fliyev<\/strong>\u00a0Almaniya Federativ Respublikas\u0131n\u0131n Prezidenti Frank-Valter \u015etaynmayer il\u0259 geni\u015f t\u0259rkibd\u0259 g\u00f6r\u00fc\u015f\u00fcnd\u0259 bildirib.<\/p>\n<div id=\"22881913269\">\n<div id=\"google_ads_iframe_\/22785635315\/22882913269_0__container__\"><\/div>\n<\/div>\n<p>D\u00f6vl\u0259timizin ba\u015f\u00e7\u0131s\u0131 qeyd edib ki, be\u015f prinsipi \u00f6z\u00fcnd\u0259 \u0259hat\u0259 ed\u0259n s\u00fclh m\u00fcqavil\u0259sinin imzalanmas\u0131 il\u0259 ba\u011fl\u0131 t\u0259\u015f\u0259bb\u00fcs m\u0259hz Az\u0259rbaycan t\u0259r\u0259find\u0259n ir\u0259li s\u00fcr\u00fcl\u00fcb v\u0259 iki \u00f6lk\u0259 aras\u0131nda s\u00fclh m\u00fcqavil\u0259si bu prinsipl\u0259r \u0259sas\u0131nda imzalana bil\u0259r. Az\u0259rbaycan\u0131n m\u00f6vqeyinin iki yana\u015fmadan ibar\u0259t oldu\u011funu bildir\u0259n Prezident \u0130lham \u018fliyev deyib ki, birinci yana\u015fma Az\u0259rbaycan il\u0259 Erm\u0259nistan aras\u0131nda s\u00fclh m\u00fcqavil\u0259sinin imzalanmas\u0131, ikinci yana\u015fma is\u0259 Az\u0259rbaycan\u0131n Qaraba\u011f\u0131n erm\u0259ni sakinl\u0259ri il\u0259 dialoqun h\u0259yata ke\u00e7irilm\u0259sidir.<\/p>\n","protected":false},"excerpt":{"rendered":"<p>\u201cAz\u0259rbaycan Erm\u0259nistanla s\u00fclh m\u00fcqavil\u0259sinin imzalanma prosesini, Avropa \u0130ttifaq\u0131 \u015euras\u0131n\u0131n Prezidenti \u015earl Mi\u015felin missiyas\u0131n\u0131, Br\u00fcssel s\u00fclh g\u00fcnd\u0259liyini d\u0259st\u0259kl\u0259yir. M\u0259hz bu \u0259snada apar\u0131lan g\u00f6r\u00fc\u015fl\u0259rd\u0259, q\u0259bul edil\u0259n b\u0259yanatlarda s\u00fclh m\u00fcqavil\u0259sinin v\u0259 s\u00fclh g\u00fcnd\u0259liyi platformas\u0131 m\u00fc\u0259yy\u0259n olunub\u201d. AZ\u018fRTAC\u00a0x\u0259b\u0259r verir ki, bu bar\u0259d\u0259 Prezident\u00a0\u0130lham \u018fliyev\u00a0Almaniya Federativ Respublikas\u0131n\u0131n Prezidenti Frank-Valter \u015etaynmayer il\u0259 geni\u015f t\u0259rkibd\u0259 g\u00f6r\u00fc\u015f\u00fcnd\u0259 bildirib. D\u00f6vl\u0259timizin ba\u015f\u00e7\u0131s\u0131 qeyd edib ki, be\u015f prinsipi \u00f6z\u00fcnd\u0259 \u0259hat\u0259 ed\u0259n s\u00fclh m\u00fcqavil\u0259sinin imzalanmas\u0131 il\u0259 ba\u011fl\u0131 t\u0259\u015f\u0259bb\u00fcs m\u0259hz Az\u0259rbaycan t\u0259r\u0259find\u0259n ir\u0259li s\u00fcr\u00fcl\u00fcb v\u0259 iki \u00f6lk\u0259 aras\u0131nda s\u00fclh m\u00fcqavil\u0259si bu prinsipl\u0259r \u0259sas\u0131nda imzalana bil\u0259r. Az\u0259rbaycan\u0131n m\u00f6vqeyinin iki yana\u015fmadan ibar\u0259t oldu\u011funu bildir\u0259n Prezident&hellip;<\/p>\n","protected":false},"author":2,"featured_media":576698,"comment_status":"closed","ping_status":"closed","sticky":false,"template":"","format":"standard","meta":{"om_disable_all_campaigns":false,"_monsterinsights_skip_tracking":false,"_monsterinsights_sitenote_active":false,"_monsterinsights_sitenote_note":"","_monsterinsights_sitenote_category":0},"categories":[4],"tags":[],"aioseo_notices":[],"gutentor_comment":0,"rttpg_featured_image_url":{"full":["https:\/\/arantv.az\/wp-content\/uploads\/2023\/03\/FotoJet-2023-03-14T183409.511.jpg",620,413,false],"landscape":["https:\/\/arantv.az\/wp-content\/uploads\/2023\/03\/FotoJet-2023-03-14T183409.511.jpg",620,413,false],"portraits":["https:\/\/arantv.az\/wp-content\/uploads\/2023\/03\/FotoJet-2023-03-14T183409.511.jpg",620,413,false],"thumbnail":["https:\/\/arantv.az\/wp-content\/uploads\/2023\/03\/FotoJet-2023-03-14T183409.511-500x280.jpg",500,280,true],"medium":["https:\/\/arantv.az\/wp-content\/uploads\/2023\/03\/FotoJet-2023-03-14T183409.511-548x365.jpg",548,365,true],"large":["https:\/\/arantv.az\/wp-content\/uploads\/2023\/03\/FotoJet-2023-03-14T183409.511.jpg",620,413,false],"1536x1536":["https:\/\/arantv.az\/wp-content\/uploads\/2023\/03\/FotoJet-2023-03-14T183409.511.jpg",620,413,false],"2048x2048":["https:\/\/arantv.az\/wp-content\/uploads\/2023\/03\/FotoJet-2023-03-14T183409.511.jpg",620,413,false],"post-thumbnail":["https:\/\/arantv.az\/wp-content\/uploads\/2023\/03\/FotoJet-2023-03-14T183409.511-240x172.jpg",240,172,true],"advps-thumb-one":["https:\/\/arantv.az\/wp-content\/uploads\/2023\/03\/FotoJet-2023-03-14T183409.511.jpg",620,413,false]},"rttpg_author":{"display_name":"V\u00fcsal Rafiqo\u011flu","author_link":"https:\/\/arantv.az\/?author=2"},"rttpg_comment":0,"rttpg_category":"<a href=\"https:\/\/arantv.az\/?cat=4\" rel=\"category\">Siyas\u0259t<\/a>","rttpg_excerpt":"\u201cAz\u0259rbaycan Erm\u0259nistanla s\u00fclh m\u00fcqavil\u0259sinin imzalanma prosesini, Avropa \u0130ttifaq\u0131 \u015euras\u0131n\u0131n Prezidenti \u015earl Mi\u015felin missiyas\u0131n\u0131, Br\u00fcssel s\u00fclh g\u00fcnd\u0259liyini d\u0259st\u0259kl\u0259yir. M\u0259hz bu \u0259snada apar\u0131lan g\u00f6r\u00fc\u015fl\u0259rd\u0259, q\u0259bul edil\u0259n b\u0259yanatlarda s\u00fclh m\u00fcqavil\u0259sinin v\u0259 s\u00fclh g\u00fcnd\u0259liyi platformas\u0131 m\u00fc\u0259yy\u0259n olunub\u201d. AZ\u018fRTAC\u00a0x\u0259b\u0259r verir ki, bu bar\u0259d\u0259 Prezident\u00a0\u0130lham \u018fliyev\u00a0Almaniya Federativ Respublikas\u0131n\u0131n Prezidenti Frank-Valter \u015etaynmayer il\u0259 geni\u015f t\u0259rkibd\u0259 g\u00f6r\u00fc\u015f\u00fcnd\u0259 bildirib. D\u00f6vl\u0259timizin ba\u015f\u00e7\u0131s\u0131 qeyd edib ki,&hellip;","_links":{"self":[{"href":"https:\/\/arantv.az\/index.php?rest_route=\/wp\/v2\/posts\/576697"}],"collection":[{"href":"https:\/\/arantv.az\/index.php?rest_route=\/wp\/v2\/posts"}],"about":[{"href":"https:\/\/arantv.az\/index.php?rest_route=\/wp\/v2\/types\/post"}],"author":[{"embeddable":true,"href":"https:\/\/arantv.az\/index.php?rest_route=\/wp\/v2\/users\/2"}],"replies":[{"embeddable":true,"href":"https:\/\/arantv.az\/index.php?rest_route=%2Fwp%2Fv2%2Fcomments&post=576697"}],"version-history":[{"count":0,"href":"https:\/\/arantv.az\/index.php?rest_route=\/wp\/v2\/posts\/576697\/revisions"}],"wp:featuredmedia":[{"embeddable":true,"href":"https:\/\/arantv.az\/index.php?rest_route=\/wp\/v2\/media\/576698"}],"wp:attachment":[{"href":"https:\/\/arantv.az\/index.php?rest_route=%2Fwp%2Fv2%2Fmedia&parent=576697"}],"wp:term":[{"taxonomy":"category","embeddable":true,"href":"https:\/\/arantv.az\/index.php?rest_route=%2Fwp%2Fv2%2Fcategories&post=576697"},{"taxonomy":"post_tag","embeddable":true,"href":"https:\/\/arantv.az\/index.php?rest_route=%2Fwp%2Fv2%2Ftags&post=576697"}],"curies":[{"name":"wp","href":"https:\/\/api.w.org\/{rel}","templated":true}]}}