{"id":576712,"date":"2023-03-14T19:23:41","date_gmt":"2023-03-14T16:23:41","guid":{"rendered":"https:\/\/arantv.az\/?p=576712"},"modified":"2023-03-14T19:23:41","modified_gmt":"2023-03-14T16:23:41","slug":"prezident-ilham-%c9%99liyev-avropa-m%c9%99kanina-t%c9%99bii-qaz-ixracimiz-ild%c9%99n-il%c9%99-artir","status":"publish","type":"post","link":"https:\/\/arantv.az\/?p=576712","title":{"rendered":"Prezident \u0130lham \u018fliyev: \u201cAvropa m\u0259kan\u0131na t\u0259bii qaz ixrac\u0131m\u0131z ild\u0259n-il\u0259 art\u0131r\u201d"},"content":{"rendered":"<p>\u201cBiz Avropa m\u0259kan\u0131na t\u0259bii qaz\u0131 iki ild\u0259n bir q\u0259d\u0259r \u00e7ox zaman k\u0259siyind\u0259 ixrac edirik v\u0259 bu r\u0259q\u0259ml\u0259r ild\u0259n-il\u0259 art\u0131r\u201d.<\/p>\n<p><a href=\"https:\/\/azertag.az\/xeber\/Prezident_Ilham_Aliyev_Avropa_mekanina_tebii_qaz_ixracimiz_ilden_ile_artir-2532110\" target=\"_blank\" rel=\"noopener\">AZ\u018fRTAC<\/a>\u00a0x\u0259b\u0259r verir ki, bu s\u00f6zl\u0259ri Az\u0259rbaycan Prezidenti\u00a0<strong>\u0130lham \u018fliyev<\/strong>\u00a0mart\u0131n 14-d\u0259 Berlind\u0259 Almaniya Kansleri Olaf \u015eolts il\u0259 m\u0259tbuata b\u0259yanat\u0131nda s\u00f6yl\u0259yib.<\/p>\n<div id=\"22881913269\" data-google-query-id=\"CI6U9qPq2_0CFRtcwgodeggKaA\">\n<div id=\"google_ads_iframe_\/22785635315\/22882913269_0__container__\"><\/div>\n<\/div>\n<p>\u201cRusiya-Ukrayna m\u00fcharib\u0259sind\u0259n sonra biz\u0259 Avropan\u0131n \u0259n az\u0131 10 \u00f6lk\u0259sind\u0259n sifari\u015fl\u0259r, t\u0259klifl\u0259r g\u0259ldi ki, biz o \u00f6lk\u0259l\u0259r\u0259 d\u0259 qaz t\u0259chizat\u0131n\u0131 t\u0259min ed\u0259k, ya da art\u0131q qaz t\u0259chiz etdiyimiz \u00f6lk\u0259l\u0259rd\u0259 qaz\u0131n h\u0259cmini art\u0131raq. Biz ke\u00e7\u0259n il Avropa \u0130ttifaq\u0131 il\u0259 imzalanm\u0131\u015f Anla\u015fma Memorandumuna \u0259sas\u0259n, 2027-ci il\u0259 q\u0259d\u0259r 20 milyard kubmetr t\u0259bii qaz Avropa m\u0259kan\u0131na \u00e7atd\u0131rma\u011f\u0131 planla\u015fd\u0131r\u0131r\u0131q\u201d, &#8211; dey\u0259 d\u00f6vl\u0259timizin ba\u015f\u00e7\u0131s\u0131 bildirib.<\/p>\n","protected":false},"excerpt":{"rendered":"<p>\u201cBiz Avropa m\u0259kan\u0131na t\u0259bii qaz\u0131 iki ild\u0259n bir q\u0259d\u0259r \u00e7ox zaman k\u0259siyind\u0259 ixrac edirik v\u0259 bu r\u0259q\u0259ml\u0259r ild\u0259n-il\u0259 art\u0131r\u201d. AZ\u018fRTAC\u00a0x\u0259b\u0259r verir ki, bu s\u00f6zl\u0259ri Az\u0259rbaycan Prezidenti\u00a0\u0130lham \u018fliyev\u00a0mart\u0131n 14-d\u0259 Berlind\u0259 Almaniya Kansleri Olaf \u015eolts il\u0259 m\u0259tbuata b\u0259yanat\u0131nda s\u00f6yl\u0259yib. \u201cRusiya-Ukrayna m\u00fcharib\u0259sind\u0259n sonra biz\u0259 Avropan\u0131n \u0259n az\u0131 10 \u00f6lk\u0259sind\u0259n sifari\u015fl\u0259r, t\u0259klifl\u0259r g\u0259ldi ki, biz o \u00f6lk\u0259l\u0259r\u0259 d\u0259 qaz t\u0259chizat\u0131n\u0131 t\u0259min ed\u0259k, ya da art\u0131q qaz t\u0259chiz etdiyimiz \u00f6lk\u0259l\u0259rd\u0259 qaz\u0131n h\u0259cmini art\u0131raq. Biz ke\u00e7\u0259n il Avropa \u0130ttifaq\u0131 il\u0259 imzalanm\u0131\u015f Anla\u015fma Memorandumuna \u0259sas\u0259n, 2027-ci il\u0259 q\u0259d\u0259r 20 milyard kubmetr t\u0259bii qaz Avropa m\u0259kan\u0131na \u00e7atd\u0131rma\u011f\u0131 planla\u015fd\u0131r\u0131r\u0131q\u201d,&hellip;<\/p>\n","protected":false},"author":2,"featured_media":576713,"comment_status":"closed","ping_status":"closed","sticky":false,"template":"","format":"standard","meta":{"om_disable_all_campaigns":false,"_monsterinsights_skip_tracking":false,"_monsterinsights_sitenote_active":false,"_monsterinsights_sitenote_note":"","_monsterinsights_sitenote_category":0},"categories":[4],"tags":[],"aioseo_notices":[],"gutentor_comment":0,"rttpg_featured_image_url":{"full":["https:\/\/arantv.az\/wp-content\/uploads\/2023\/03\/D_DD\u00b8D\u00b5D\u00b2-1.jpg",620,413,false],"landscape":["https:\/\/arantv.az\/wp-content\/uploads\/2023\/03\/D_DD\u00b8D\u00b5D\u00b2-1.jpg",620,413,false],"portraits":["https:\/\/arantv.az\/wp-content\/uploads\/2023\/03\/D_DD\u00b8D\u00b5D\u00b2-1.jpg",620,413,false],"thumbnail":["https:\/\/arantv.az\/wp-content\/uploads\/2023\/03\/D_DD\u00b8D\u00b5D\u00b2-1-500x280.jpg",500,280,true],"medium":["https:\/\/arantv.az\/wp-content\/uploads\/2023\/03\/D_DD\u00b8D\u00b5D\u00b2-1-548x365.jpg",548,365,true],"large":["https:\/\/arantv.az\/wp-content\/uploads\/2023\/03\/D_DD\u00b8D\u00b5D\u00b2-1.jpg",620,413,false],"1536x1536":["https:\/\/arantv.az\/wp-content\/uploads\/2023\/03\/D_DD\u00b8D\u00b5D\u00b2-1.jpg",620,413,false],"2048x2048":["https:\/\/arantv.az\/wp-content\/uploads\/2023\/03\/D_DD\u00b8D\u00b5D\u00b2-1.jpg",620,413,false],"post-thumbnail":["https:\/\/arantv.az\/wp-content\/uploads\/2023\/03\/D_DD\u00b8D\u00b5D\u00b2-1-240x172.jpg",240,172,true],"advps-thumb-one":["https:\/\/arantv.az\/wp-content\/uploads\/2023\/03\/D_DD\u00b8D\u00b5D\u00b2-1.jpg",620,413,false]},"rttpg_author":{"display_name":"V\u00fcsal Rafiqo\u011flu","author_link":"https:\/\/arantv.az\/?author=2"},"rttpg_comment":0,"rttpg_category":"<a href=\"https:\/\/arantv.az\/?cat=4\" rel=\"category\">Siyas\u0259t<\/a>","rttpg_excerpt":"\u201cBiz Avropa m\u0259kan\u0131na t\u0259bii qaz\u0131 iki ild\u0259n bir q\u0259d\u0259r \u00e7ox zaman k\u0259siyind\u0259 ixrac edirik v\u0259 bu r\u0259q\u0259ml\u0259r ild\u0259n-il\u0259 art\u0131r\u201d. AZ\u018fRTAC\u00a0x\u0259b\u0259r verir ki, bu s\u00f6zl\u0259ri Az\u0259rbaycan Prezidenti\u00a0\u0130lham \u018fliyev\u00a0mart\u0131n 14-d\u0259 Berlind\u0259 Almaniya Kansleri Olaf \u015eolts il\u0259 m\u0259tbuata b\u0259yanat\u0131nda s\u00f6yl\u0259yib. \u201cRusiya-Ukrayna m\u00fcharib\u0259sind\u0259n sonra biz\u0259 Avropan\u0131n \u0259n az\u0131 10 \u00f6lk\u0259sind\u0259n sifari\u015fl\u0259r, t\u0259klifl\u0259r g\u0259ldi ki, biz o \u00f6lk\u0259l\u0259r\u0259 d\u0259 qaz&hellip;","_links":{"self":[{"href":"https:\/\/arantv.az\/index.php?rest_route=\/wp\/v2\/posts\/576712"}],"collection":[{"href":"https:\/\/arantv.az\/index.php?rest_route=\/wp\/v2\/posts"}],"about":[{"href":"https:\/\/arantv.az\/index.php?rest_route=\/wp\/v2\/types\/post"}],"author":[{"embeddable":true,"href":"https:\/\/arantv.az\/index.php?rest_route=\/wp\/v2\/users\/2"}],"replies":[{"embeddable":true,"href":"https:\/\/arantv.az\/index.php?rest_route=%2Fwp%2Fv2%2Fcomments&post=576712"}],"version-history":[{"count":0,"href":"https:\/\/arantv.az\/index.php?rest_route=\/wp\/v2\/posts\/576712\/revisions"}],"wp:featuredmedia":[{"embeddable":true,"href":"https:\/\/arantv.az\/index.php?rest_route=\/wp\/v2\/media\/576713"}],"wp:attachment":[{"href":"https:\/\/arantv.az\/index.php?rest_route=%2Fwp%2Fv2%2Fmedia&parent=576712"}],"wp:term":[{"taxonomy":"category","embeddable":true,"href":"https:\/\/arantv.az\/index.php?rest_route=%2Fwp%2Fv2%2Fcategories&post=576712"},{"taxonomy":"post_tag","embeddable":true,"href":"https:\/\/arantv.az\/index.php?rest_route=%2Fwp%2Fv2%2Ftags&post=576712"}],"curies":[{"name":"wp","href":"https:\/\/api.w.org\/{rel}","templated":true}]}}