{"id":576715,"date":"2023-03-14T19:24:28","date_gmt":"2023-03-14T16:24:28","guid":{"rendered":"https:\/\/arantv.az\/?p=576715"},"modified":"2023-03-14T19:24:28","modified_gmt":"2023-03-14T16:24:28","slug":"frank-valter-staynmayer-almaniya-az%c9%99rbaycanin-%c9%99razi-butovluyunu-v%c9%99-suverenliyini-d%c9%99st%c9%99kl%c9%99yir","status":"publish","type":"post","link":"https:\/\/arantv.az\/?p=576715","title":{"rendered":"Frank-Valter \u015etaynmayer: \u201cAlmaniya Az\u0259rbaycan\u0131n \u0259razi b\u00fct\u00f6vl\u00fcy\u00fcn\u00fc v\u0259 suverenliyini d\u0259st\u0259kl\u0259yir\u201d"},"content":{"rendered":"<p>\u201cAlmaniya Avropa \u0130ttifaq\u0131 \u015euras\u0131n\u0131n Prezidenti \u015earl Mi\u015felin apard\u0131\u011f\u0131 missiyaya d\u0259st\u0259k verir v\u0259 bu \u0259snada tezlikl\u0259 Br\u00fcsseld\u0259 g\u00f6r\u00fc\u015f\u00fcn ke\u00e7iril\u0259c\u0259yin\u0259 \u00fcmid edir\u201d.<\/p>\n<p><a href=\"https:\/\/azertag.az\/xeber\/Frank_Valter_Staynmayer_Almaniya_Azerbaycanin_erazi_butovluyunu_ve_suverenliyini_destekleyir-2532068\" target=\"_blank\" rel=\"noopener\">AZ\u018fRTAC<\/a>\u00a0x\u0259b\u0259r verir ki, bu bar\u0259d\u0259 Almaniya Prezidenti Frank-Valter \u015etaynmayer Az\u0259rbaycan Prezidenti\u00a0<strong>\u0130lham \u018fliyev<\/strong>\u00a0il\u0259 geni\u015f t\u0259rkibd\u0259 g\u00f6r\u00fc\u015f\u00fcnd\u0259 bildirib.<\/p>\n<p>Almaniya Prezidenti \u0259lav\u0259 edib ki, \u015earl Mi\u015felin missiyas\u0131na h\u0259r iki t\u0259r\u0259fin etimad\u0131 var. O, h\u0259m\u00e7inin vur\u011fulay\u0131b ki, Amerika Birl\u0259\u015fmi\u015f \u015etatlar\u0131n\u0131n D\u00f6vl\u0259t katibi Antoni Blinken d\u0259 Az\u0259rbaycanla Erm\u0259nistan aras\u0131nda m\u00fcnasib\u0259tl\u0259rin normalla\u015fd\u0131r\u0131lmas\u0131 prosesin\u0259 ciddi d\u0259st\u0259k v\u0259 t\u00f6hf\u0259 verir.<\/p>\n<div id=\"22881913269\" data-google-query-id=\"CK2uybjq2_0CFd9FHgIdBwcM3w\">\n<div id=\"google_ads_iframe_\/22785635315\/22882913269_0__container__\"><\/div>\n<\/div>\n<p>Frank-Valter \u015etaynmayer Almaniyan\u0131n Az\u0259rbaycan\u0131n \u0259razi b\u00fct\u00f6vl\u00fcy\u00fcn\u00fc v\u0259 suverenliyini d\u0259st\u0259kl\u0259diyini qeyd edib.<\/p>\n","protected":false},"excerpt":{"rendered":"<p>\u201cAlmaniya Avropa \u0130ttifaq\u0131 \u015euras\u0131n\u0131n Prezidenti \u015earl Mi\u015felin apard\u0131\u011f\u0131 missiyaya d\u0259st\u0259k verir v\u0259 bu \u0259snada tezlikl\u0259 Br\u00fcsseld\u0259 g\u00f6r\u00fc\u015f\u00fcn ke\u00e7iril\u0259c\u0259yin\u0259 \u00fcmid edir\u201d. AZ\u018fRTAC\u00a0x\u0259b\u0259r verir ki, bu bar\u0259d\u0259 Almaniya Prezidenti Frank-Valter \u015etaynmayer Az\u0259rbaycan Prezidenti\u00a0\u0130lham \u018fliyev\u00a0il\u0259 geni\u015f t\u0259rkibd\u0259 g\u00f6r\u00fc\u015f\u00fcnd\u0259 bildirib. Almaniya Prezidenti \u0259lav\u0259 edib ki, \u015earl Mi\u015felin missiyas\u0131na h\u0259r iki t\u0259r\u0259fin etimad\u0131 var. O, h\u0259m\u00e7inin vur\u011fulay\u0131b ki, Amerika Birl\u0259\u015fmi\u015f \u015etatlar\u0131n\u0131n D\u00f6vl\u0259t katibi Antoni Blinken d\u0259 Az\u0259rbaycanla Erm\u0259nistan aras\u0131nda m\u00fcnasib\u0259tl\u0259rin normalla\u015fd\u0131r\u0131lmas\u0131 prosesin\u0259 ciddi d\u0259st\u0259k v\u0259 t\u00f6hf\u0259 verir. Frank-Valter \u015etaynmayer Almaniyan\u0131n Az\u0259rbaycan\u0131n \u0259razi b\u00fct\u00f6vl\u00fcy\u00fcn\u00fc v\u0259 suverenliyini d\u0259st\u0259kl\u0259diyini qeyd edib.<\/p>\n","protected":false},"author":2,"featured_media":576716,"comment_status":"closed","ping_status":"closed","sticky":false,"template":"","format":"standard","meta":{"om_disable_all_campaigns":false,"_monsterinsights_skip_tracking":false,"_monsterinsights_sitenote_active":false,"_monsterinsights_sitenote_note":"","_monsterinsights_sitenote_category":0},"categories":[4],"tags":[],"aioseo_notices":[],"gutentor_comment":0,"rttpg_featured_image_url":{"full":["https:\/\/arantv.az\/wp-content\/uploads\/2023\/03\/FotoJet-2022-10-26T175316.561.jpg",620,413,false],"landscape":["https:\/\/arantv.az\/wp-content\/uploads\/2023\/03\/FotoJet-2022-10-26T175316.561.jpg",620,413,false],"portraits":["https:\/\/arantv.az\/wp-content\/uploads\/2023\/03\/FotoJet-2022-10-26T175316.561.jpg",620,413,false],"thumbnail":["https:\/\/arantv.az\/wp-content\/uploads\/2023\/03\/FotoJet-2022-10-26T175316.561-500x280.jpg",500,280,true],"medium":["https:\/\/arantv.az\/wp-content\/uploads\/2023\/03\/FotoJet-2022-10-26T175316.561-548x365.jpg",548,365,true],"large":["https:\/\/arantv.az\/wp-content\/uploads\/2023\/03\/FotoJet-2022-10-26T175316.561.jpg",620,413,false],"1536x1536":["https:\/\/arantv.az\/wp-content\/uploads\/2023\/03\/FotoJet-2022-10-26T175316.561.jpg",620,413,false],"2048x2048":["https:\/\/arantv.az\/wp-content\/uploads\/2023\/03\/FotoJet-2022-10-26T175316.561.jpg",620,413,false],"post-thumbnail":["https:\/\/arantv.az\/wp-content\/uploads\/2023\/03\/FotoJet-2022-10-26T175316.561-240x172.jpg",240,172,true],"advps-thumb-one":["https:\/\/arantv.az\/wp-content\/uploads\/2023\/03\/FotoJet-2022-10-26T175316.561.jpg",620,413,false]},"rttpg_author":{"display_name":"V\u00fcsal Rafiqo\u011flu","author_link":"https:\/\/arantv.az\/?author=2"},"rttpg_comment":0,"rttpg_category":"<a href=\"https:\/\/arantv.az\/?cat=4\" rel=\"category\">Siyas\u0259t<\/a>","rttpg_excerpt":"\u201cAlmaniya Avropa \u0130ttifaq\u0131 \u015euras\u0131n\u0131n Prezidenti \u015earl Mi\u015felin apard\u0131\u011f\u0131 missiyaya d\u0259st\u0259k verir v\u0259 bu \u0259snada tezlikl\u0259 Br\u00fcsseld\u0259 g\u00f6r\u00fc\u015f\u00fcn ke\u00e7iril\u0259c\u0259yin\u0259 \u00fcmid edir\u201d. AZ\u018fRTAC\u00a0x\u0259b\u0259r verir ki, bu bar\u0259d\u0259 Almaniya Prezidenti Frank-Valter \u015etaynmayer Az\u0259rbaycan Prezidenti\u00a0\u0130lham \u018fliyev\u00a0il\u0259 geni\u015f t\u0259rkibd\u0259 g\u00f6r\u00fc\u015f\u00fcnd\u0259 bildirib. Almaniya Prezidenti \u0259lav\u0259 edib ki, \u015earl Mi\u015felin missiyas\u0131na h\u0259r iki t\u0259r\u0259fin etimad\u0131 var. O, h\u0259m\u00e7inin vur\u011fulay\u0131b ki, Amerika Birl\u0259\u015fmi\u015f&hellip;","_links":{"self":[{"href":"https:\/\/arantv.az\/index.php?rest_route=\/wp\/v2\/posts\/576715"}],"collection":[{"href":"https:\/\/arantv.az\/index.php?rest_route=\/wp\/v2\/posts"}],"about":[{"href":"https:\/\/arantv.az\/index.php?rest_route=\/wp\/v2\/types\/post"}],"author":[{"embeddable":true,"href":"https:\/\/arantv.az\/index.php?rest_route=\/wp\/v2\/users\/2"}],"replies":[{"embeddable":true,"href":"https:\/\/arantv.az\/index.php?rest_route=%2Fwp%2Fv2%2Fcomments&post=576715"}],"version-history":[{"count":0,"href":"https:\/\/arantv.az\/index.php?rest_route=\/wp\/v2\/posts\/576715\/revisions"}],"wp:featuredmedia":[{"embeddable":true,"href":"https:\/\/arantv.az\/index.php?rest_route=\/wp\/v2\/media\/576716"}],"wp:attachment":[{"href":"https:\/\/arantv.az\/index.php?rest_route=%2Fwp%2Fv2%2Fmedia&parent=576715"}],"wp:term":[{"taxonomy":"category","embeddable":true,"href":"https:\/\/arantv.az\/index.php?rest_route=%2Fwp%2Fv2%2Fcategories&post=576715"},{"taxonomy":"post_tag","embeddable":true,"href":"https:\/\/arantv.az\/index.php?rest_route=%2Fwp%2Fv2%2Ftags&post=576715"}],"curies":[{"name":"wp","href":"https:\/\/api.w.org\/{rel}","templated":true}]}}