{"id":576904,"date":"2023-03-15T09:47:10","date_gmt":"2023-03-15T06:47:10","guid":{"rendered":"https:\/\/arantv.az\/?p=576904"},"modified":"2023-03-15T09:47:10","modified_gmt":"2023-03-15T06:47:10","slug":"ombudsman-aparati-erm%c9%99nistan-soyqirimi-cinay%c9%99tl%c9%99ri-tor%c9%99tm%c9%99kd%c9%99-fransadan-numun%c9%99-gotur%c9%99-bil%c9%99r","status":"publish","type":"post","link":"https:\/\/arantv.az\/?p=576904","title":{"rendered":"Ombudsman Aparat\u0131: \u201cErm\u0259nistan soyq\u0131r\u0131m\u0131 cinay\u0259tl\u0259ri t\u00f6r\u0259tm\u0259kd\u0259 Fransadan n\u00fcmun\u0259 g\u00f6t\u00fcr\u0259 bil\u0259r\u201d"},"content":{"rendered":"<p>\u201cT\u0259\u0259ss\u00fcf ki, el\u0259 \u00f6lk\u0259l\u0259r var ki, Erm\u0259nistan m\u0259hz dini v\u0259 irqi x\u00fcsusiyy\u0259tl\u0259rin\u0259 g\u00f6r\u0259 soyq\u0131r\u0131m\u0131 cinay\u0259tini t\u00f6r\u0259tm\u0259kd\u0259 n\u00fcmun\u0259 g\u00f6t\u00fcr\u0259 bil\u0259r. Bu \u00f6lk\u0259l\u0259rd\u0259n biri d\u0259 Fransad\u0131r. Avropadan k\u0259narda Fransan\u0131n idar\u0259 etdiyi \u0259razil\u0259r Fransa m\u00fcst\u0259ml\u0259k\u0259 imperiyas\u0131n\u0131n iyr\u0259nc qal\u0131qlar\u0131d\u0131r\u201d.<\/p>\n<p>\u201cReport\u201dun x\u0259b\u0259rin\u0259 g\u00f6r\u0259, bunu Az\u0259rbaycan\u0131n \u0130nsan H\u00fcquqlar\u0131 \u00fczr\u0259 M\u00fcv\u0259kkili (Ombudsman) Aparat\u0131n\u0131n r\u0259hb\u0259ri, \u0130slam \u018fm\u0259kda\u015fl\u0131q T\u0259\u015fkilat\u0131 M\u00fcst\u0259qil Daimi \u0130nsan Haqlar\u0131 Komissiyas\u0131n\u0131n \u00fczv\u00fc Ayd\u0131n S\u0259fixanl\u0131 Bak\u0131da \u201c\u0130slamofobiya irq\u00e7iliyin v\u0259 ayr\u0131-se\u00e7kiliyin spesifik formas\u0131 kimi: Yeni qlobal v\u0259 transmilli \u00e7a\u011f\u0131r\u0131\u015flar\u201d m\u00f6vzusunda ke\u00e7iril\u0259n beyn\u0259lxalq konfransda deyib.<\/p>\n<p>O bildirib ki, Erm\u0259nistan\u0131n i\u015f\u011fal\u0131 zaman\u0131 Az\u0259rbaycan\u0131n tarixi v\u0259 ata-baba torpaqlar\u0131nda olan b\u00fct\u00fcn m\u00fclki obyektl\u0259r, m\u0259d\u0259niyy\u0259t v\u0259 dini memarl\u0131q abid\u0259l\u0259ri &#8211; m\u0259scidl\u0259r, dini ibad\u0259t yerl\u0259ri, q\u0259biristanl\u0131qlar amans\u0131zcas\u0131na da\u011f\u0131d\u0131l\u0131b, t\u0259hqir v\u0259 talan edilib:<\/p>\n<p>\u201cBir \u00e7ox beyn\u0259lxalq t\u0259\u015fkilatlar\u0131n n\u00fcmay\u0259nd\u0259l\u0259ri Erm\u0259nistan\u0131n t\u00f6r\u0259tdiyi bu vandalizm aktlar\u0131n\u0131 birba\u015fa m\u00fc\u015fahid\u0259 ed\u0259r\u0259k \u00f6z hesabatlar\u0131nda qeyd edibl\u0259r\u201d.<\/p>\n<p>A.S\u0259fixanl\u0131 s\u00f6yl\u0259yib ki, M\u00fcst\u0259qil Daimi \u0130nsan H\u00fcquqlar\u0131 Komissiyas\u0131n\u0131n \u00fczvl\u0259ri 2021-ci ilin sentyabr\u0131nda Az\u0259rbaycanda faktara\u015fd\u0131r\u0131c\u0131 missiya zaman\u0131 i\u015f\u011faldan azad edilmi\u015f rayonlara s\u0259f\u0259r etm\u0259k imkan\u0131 qazan\u0131blar:<\/p>\n<p>\u201cN\u00fcmay\u0259nd\u0259 hey\u0259ti A\u011fdama s\u0259f\u0259ri zaman\u0131 fiziki infrastruktura, z\u0259ngin m\u0259d\u0259ni v\u0259 dini irs\u0259 d\u0259ymi\u015f d\u00f6nm\u0259z ziyan\u0131n miqyas\u0131n\u0131n \u015fahidi olmaqdan \u015foka d\u00fc\u015f\u00fcb. 1870-ci ild\u0259 tikilmi\u015f v\u0259 t\u0259kc\u0259 dini m\u0259kan deyil, h\u0259m d\u0259 m\u0259d\u0259ni irs olan M\u0259rk\u0259zi Camiy\u0259 m\u0259scidi a\u015fkar \u015f\u0259kild\u0259 vandalizm\u0259 m\u0259ruz qal\u0131b. Onun h\u0259m i\u00e7ind\u0259, h\u0259m d\u0259 \u00e7\u00f6l\u00fcnd\u0259 g\u00fcll\u0259 v\u0259 m\u0259rmi izl\u0259ri var idi. M\u0259scid erm\u0259ni i\u015f\u011fal\u0131 zaman\u0131 in\u0259k, at v\u0259 donuzlar \u00fc\u00e7\u00fcn t\u00f6vl\u0259 kimi istifad\u0259 edil\u0259r\u0259k t\u0259hqir olunub. Amma b\u00fct\u00fcn bunlar\u0131n \u0259n pis t\u0259r\u0259fi odur ki, insanlar milli v\u0259 ya dini m\u0259nsubiyy\u0259tl\u0259rin\u0259 g\u00f6r\u0259 soyq\u0131r\u0131m\u0131na m\u0259ruz qal\u0131rlar\u201d.<\/p>\n<p>Aparat r\u0259hb\u0259ri xat\u0131rlad\u0131b ki, 1992-ci il fevral\u0131n 26-da Xocal\u0131 \u015f\u0259h\u0259rind\u0259 erm\u0259nil\u0259r t\u0259r\u0259find\u0259n t\u00f6r\u0259dilmi\u015f soyq\u0131r\u0131m\u0131 islamofobiya v\u0259 t\u00fcrkofobiyan\u0131n bariz t\u0259zah\u00fcr\u00fcd\u00fcr:<\/p>\n<p>\u201cXocal\u0131da dinc \u0259hali m\u00fcs\u0259lman, t\u00fcrk oldu\u011fu \u00fc\u00e7\u00fcn q\u0259tl\u0259 yetirilib. \u0130nsanl\u0131\u011fa qar\u015f\u0131 t\u00f6r\u0259dilmi\u015f bu d\u0259h\u015f\u0259tli cinay\u0259t n\u0259tic\u0259sind\u0259 Az\u0259rbaycan\u0131n 600-d\u0259n \u00e7ox dinc sakini, o c\u00fcml\u0259d\u0259n u\u015faqlar, qad\u0131nlar v\u0259 qocalar q\u0259tl\u0259 yetirilib. D\u00fcnyada qanunu pozan, cinay\u0259t t\u00f6r\u0259d\u0259nl\u0259rin c\u0259zas\u0131z qalmas\u0131, ikili standartlar\u0131n olmas\u0131 bel\u0259 faci\u0259vi hadis\u0259l\u0259rin t\u0259krarlanmas\u0131na z\u0259min yarad\u0131r\u201d.<\/p>\n","protected":false},"excerpt":{"rendered":"<p>\u201cT\u0259\u0259ss\u00fcf ki, el\u0259 \u00f6lk\u0259l\u0259r var ki, Erm\u0259nistan m\u0259hz dini v\u0259 irqi x\u00fcsusiyy\u0259tl\u0259rin\u0259 g\u00f6r\u0259 soyq\u0131r\u0131m\u0131 cinay\u0259tini t\u00f6r\u0259tm\u0259kd\u0259 n\u00fcmun\u0259 g\u00f6t\u00fcr\u0259 bil\u0259r. Bu \u00f6lk\u0259l\u0259rd\u0259n biri d\u0259 Fransad\u0131r. Avropadan k\u0259narda Fransan\u0131n idar\u0259 etdiyi \u0259razil\u0259r Fransa m\u00fcst\u0259ml\u0259k\u0259 imperiyas\u0131n\u0131n iyr\u0259nc qal\u0131qlar\u0131d\u0131r\u201d. \u201cReport\u201dun x\u0259b\u0259rin\u0259 g\u00f6r\u0259, bunu Az\u0259rbaycan\u0131n \u0130nsan H\u00fcquqlar\u0131 \u00fczr\u0259 M\u00fcv\u0259kkili (Ombudsman) Aparat\u0131n\u0131n r\u0259hb\u0259ri, \u0130slam \u018fm\u0259kda\u015fl\u0131q T\u0259\u015fkilat\u0131 M\u00fcst\u0259qil Daimi \u0130nsan Haqlar\u0131 Komissiyas\u0131n\u0131n \u00fczv\u00fc Ayd\u0131n S\u0259fixanl\u0131 Bak\u0131da \u201c\u0130slamofobiya irq\u00e7iliyin v\u0259 ayr\u0131-se\u00e7kiliyin spesifik formas\u0131 kimi: Yeni qlobal v\u0259 transmilli \u00e7a\u011f\u0131r\u0131\u015flar\u201d m\u00f6vzusunda ke\u00e7iril\u0259n beyn\u0259lxalq konfransda deyib. O bildirib ki, Erm\u0259nistan\u0131n i\u015f\u011fal\u0131 zaman\u0131 Az\u0259rbaycan\u0131n tarixi v\u0259 ata-baba torpaqlar\u0131nda olan b\u00fct\u00fcn m\u00fclki&hellip;<\/p>\n","protected":false},"author":2,"featured_media":576905,"comment_status":"closed","ping_status":"closed","sticky":false,"template":"","format":"standard","meta":{"om_disable_all_campaigns":false,"_monsterinsights_skip_tracking":false,"_monsterinsights_sitenote_active":false,"_monsterinsights_sitenote_note":"","_monsterinsights_sitenote_category":0},"categories":[4],"tags":[],"aioseo_notices":[],"gutentor_comment":0,"rttpg_featured_image_url":{"full":["https:\/\/arantv.az\/wp-content\/uploads\/2023\/03\/36d6f464-7f39-3fe1-a68a-513f145be9e1_850.jpg",620,413,false],"landscape":["https:\/\/arantv.az\/wp-content\/uploads\/2023\/03\/36d6f464-7f39-3fe1-a68a-513f145be9e1_850.jpg",620,413,false],"portraits":["https:\/\/arantv.az\/wp-content\/uploads\/2023\/03\/36d6f464-7f39-3fe1-a68a-513f145be9e1_850.jpg",620,413,false],"thumbnail":["https:\/\/arantv.az\/wp-content\/uploads\/2023\/03\/36d6f464-7f39-3fe1-a68a-513f145be9e1_850-500x280.jpg",500,280,true],"medium":["https:\/\/arantv.az\/wp-content\/uploads\/2023\/03\/36d6f464-7f39-3fe1-a68a-513f145be9e1_850-548x365.jpg",548,365,true],"large":["https:\/\/arantv.az\/wp-content\/uploads\/2023\/03\/36d6f464-7f39-3fe1-a68a-513f145be9e1_850.jpg",620,413,false],"1536x1536":["https:\/\/arantv.az\/wp-content\/uploads\/2023\/03\/36d6f464-7f39-3fe1-a68a-513f145be9e1_850.jpg",620,413,false],"2048x2048":["https:\/\/arantv.az\/wp-content\/uploads\/2023\/03\/36d6f464-7f39-3fe1-a68a-513f145be9e1_850.jpg",620,413,false],"post-thumbnail":["https:\/\/arantv.az\/wp-content\/uploads\/2023\/03\/36d6f464-7f39-3fe1-a68a-513f145be9e1_850-240x172.jpg",240,172,true],"advps-thumb-one":["https:\/\/arantv.az\/wp-content\/uploads\/2023\/03\/36d6f464-7f39-3fe1-a68a-513f145be9e1_850.jpg",620,413,false]},"rttpg_author":{"display_name":"V\u00fcsal Rafiqo\u011flu","author_link":"https:\/\/arantv.az\/?author=2"},"rttpg_comment":0,"rttpg_category":"<a href=\"https:\/\/arantv.az\/?cat=4\" rel=\"category\">Siyas\u0259t<\/a>","rttpg_excerpt":"\u201cT\u0259\u0259ss\u00fcf ki, el\u0259 \u00f6lk\u0259l\u0259r var ki, Erm\u0259nistan m\u0259hz dini v\u0259 irqi x\u00fcsusiyy\u0259tl\u0259rin\u0259 g\u00f6r\u0259 soyq\u0131r\u0131m\u0131 cinay\u0259tini t\u00f6r\u0259tm\u0259kd\u0259 n\u00fcmun\u0259 g\u00f6t\u00fcr\u0259 bil\u0259r. Bu \u00f6lk\u0259l\u0259rd\u0259n biri d\u0259 Fransad\u0131r. Avropadan k\u0259narda Fransan\u0131n idar\u0259 etdiyi \u0259razil\u0259r Fransa m\u00fcst\u0259ml\u0259k\u0259 imperiyas\u0131n\u0131n iyr\u0259nc qal\u0131qlar\u0131d\u0131r\u201d. \u201cReport\u201dun x\u0259b\u0259rin\u0259 g\u00f6r\u0259, bunu Az\u0259rbaycan\u0131n \u0130nsan H\u00fcquqlar\u0131 \u00fczr\u0259 M\u00fcv\u0259kkili (Ombudsman) Aparat\u0131n\u0131n r\u0259hb\u0259ri, \u0130slam \u018fm\u0259kda\u015fl\u0131q T\u0259\u015fkilat\u0131 M\u00fcst\u0259qil Daimi \u0130nsan Haqlar\u0131 Komissiyas\u0131n\u0131n&hellip;","_links":{"self":[{"href":"https:\/\/arantv.az\/index.php?rest_route=\/wp\/v2\/posts\/576904"}],"collection":[{"href":"https:\/\/arantv.az\/index.php?rest_route=\/wp\/v2\/posts"}],"about":[{"href":"https:\/\/arantv.az\/index.php?rest_route=\/wp\/v2\/types\/post"}],"author":[{"embeddable":true,"href":"https:\/\/arantv.az\/index.php?rest_route=\/wp\/v2\/users\/2"}],"replies":[{"embeddable":true,"href":"https:\/\/arantv.az\/index.php?rest_route=%2Fwp%2Fv2%2Fcomments&post=576904"}],"version-history":[{"count":0,"href":"https:\/\/arantv.az\/index.php?rest_route=\/wp\/v2\/posts\/576904\/revisions"}],"wp:featuredmedia":[{"embeddable":true,"href":"https:\/\/arantv.az\/index.php?rest_route=\/wp\/v2\/media\/576905"}],"wp:attachment":[{"href":"https:\/\/arantv.az\/index.php?rest_route=%2Fwp%2Fv2%2Fmedia&parent=576904"}],"wp:term":[{"taxonomy":"category","embeddable":true,"href":"https:\/\/arantv.az\/index.php?rest_route=%2Fwp%2Fv2%2Fcategories&post=576904"},{"taxonomy":"post_tag","embeddable":true,"href":"https:\/\/arantv.az\/index.php?rest_route=%2Fwp%2Fv2%2Ftags&post=576904"}],"curies":[{"name":"wp","href":"https:\/\/api.w.org\/{rel}","templated":true}]}}