{"id":576916,"date":"2023-03-15T09:51:20","date_gmt":"2023-03-15T06:51:20","guid":{"rendered":"https:\/\/arantv.az\/?p=576916"},"modified":"2023-03-15T09:51:20","modified_gmt":"2023-03-15T06:51:20","slug":"pensiya-yasi-artirilacaq","status":"publish","type":"post","link":"https:\/\/arantv.az\/?p=576916","title":{"rendered":"Pensiya ya\u015f\u0131 art\u0131r\u0131lacaq"},"content":{"rendered":"<p><strong>Fransada pensiya islahat\u0131 il\u0259 ba\u011fl\u0131 davam ed\u0259n etirazlar fonunda \u00c7in hakimiyy\u0259ti v\u0259t\u0259nda\u015flar\u0131n pensiya ya\u015f\u0131n\u0131 art\u0131rmaq planlar\u0131n\u0131 a\u00e7\u0131qlay\u0131b. \u018fhalinin s\u00fcr\u0259tli qocalmas\u0131n\u0131n qar\u015f\u0131s\u0131n\u0131 almaq \u00fc\u00e7\u00fcn bel\u0259 bir add\u0131m at\u0131l\u0131b.<\/strong><\/p>\n<p><b>ARANTV.AZ <\/b>\u201cReuters\u201d\u0259 istinadla x\u0259b\u0259r verir ki, \u00c7in Xalq Respublikas\u0131n\u0131n \u018fm\u0259k v\u0259 Sosial Elml\u0259r Akademiyas\u0131n\u0131n prezidenti Cin Veyqanq\u0131n s\u00f6zl\u0259rin\u0259 g\u00f6r\u0259, pensiya ya\u015f\u0131n\u0131n art\u0131r\u0131lmas\u0131 m\u0259rh\u0259l\u0259li \u015f\u0259kild\u0259 h\u0259yata ke\u00e7iril\u0259c\u0259k v\u0259 ya\u015f\u0131 aktiv i\u015fin sonuna yax\u0131nla\u015fan insanlara o q\u0259d\u0259r d\u0259 t\u0259sir etm\u0259y\u0259c\u0259k.<\/p>\n<p>\u201cPensiya ya\u015f\u0131na yax\u0131nla\u015fan insanlar pensiyan\u0131 yaln\u0131z bir ne\u00e7\u0259 ay t\u0259xir\u0259 salmal\u0131 olacaqlar\u201d, &#8211; o izah edib.<\/p>\n<p>Pensiya ya\u015f\u0131n\u0131n d\u0259yi\u015fm\u0259si h\u0259l\u0259 r\u0259smi olaraq elan edilm\u0259yib v\u0259 \u00c7ind\u0259 bu r\u0259q\u0259m d\u00fcnyada \u0259n a\u015fa\u011f\u0131 g\u00f6st\u0259ricil\u0259rd\u0259n biri olmaqda davam edir.<\/p>\n<p>Bu m\u0259rh\u0259l\u0259d\u0259 \u00c7XR hakimiyy\u0259t orqanlar\u0131 v\u0259t\u0259nda\u015flar \u00fc\u00e7\u00fcn optimal pensiya ya\u015f\u0131n\u0131 m\u00fc\u0259yy\u0259n etm\u0259k \u00fc\u00e7\u00fcn h\u0259rt\u0259r\u0259fli ara\u015fd\u0131rmalar apar\u0131r. V\u0259 bunu qald\u0131rmal\u0131 olacaq, \u00e7\u00fcnki demoqrafik probleml\u0259r v\u0259 \u00f6lk\u0259nin 1,4 milyard \u0259halisinin s\u00fcr\u0259tl\u0259 qocalmas\u0131 b\u00fcdc\u0259y\u0259 daha \u00e7ox t\u0259zyiq g\u00f6st\u0259rir: \u0259g\u0259r \u00c7ind\u0259 haz\u0131rda 60 ya\u015fdan yuxar\u0131 280 milyon insan varsa, 2035-ci il\u0259 q\u0259d\u0259r bu r\u0259q\u0259m artaraq 400 milyona \u00e7ata bil\u0259r ki, bu da kifay\u0259t q\u0259d\u0259r y\u00fcks\u0259kdir.<\/p>\n","protected":false},"excerpt":{"rendered":"<p>Fransada pensiya islahat\u0131 il\u0259 ba\u011fl\u0131 davam ed\u0259n etirazlar fonunda \u00c7in hakimiyy\u0259ti v\u0259t\u0259nda\u015flar\u0131n pensiya ya\u015f\u0131n\u0131 art\u0131rmaq planlar\u0131n\u0131 a\u00e7\u0131qlay\u0131b. \u018fhalinin s\u00fcr\u0259tli qocalmas\u0131n\u0131n qar\u015f\u0131s\u0131n\u0131 almaq \u00fc\u00e7\u00fcn bel\u0259 bir add\u0131m at\u0131l\u0131b. ARANTV.AZ \u201cReuters\u201d\u0259 istinadla x\u0259b\u0259r verir ki, \u00c7in Xalq Respublikas\u0131n\u0131n \u018fm\u0259k v\u0259 Sosial Elml\u0259r Akademiyas\u0131n\u0131n prezidenti Cin Veyqanq\u0131n s\u00f6zl\u0259rin\u0259 g\u00f6r\u0259, pensiya ya\u015f\u0131n\u0131n art\u0131r\u0131lmas\u0131 m\u0259rh\u0259l\u0259li \u015f\u0259kild\u0259 h\u0259yata ke\u00e7iril\u0259c\u0259k v\u0259 ya\u015f\u0131 aktiv i\u015fin sonuna yax\u0131nla\u015fan insanlara o q\u0259d\u0259r d\u0259 t\u0259sir etm\u0259y\u0259c\u0259k. \u201cPensiya ya\u015f\u0131na yax\u0131nla\u015fan insanlar pensiyan\u0131 yaln\u0131z bir ne\u00e7\u0259 ay t\u0259xir\u0259 salmal\u0131 olacaqlar\u201d, &#8211; o izah edib. Pensiya ya\u015f\u0131n\u0131n d\u0259yi\u015fm\u0259si h\u0259l\u0259 r\u0259smi olaraq elan edilm\u0259yib v\u0259&hellip;<\/p>\n","protected":false},"author":2,"featured_media":576917,"comment_status":"closed","ping_status":"closed","sticky":false,"template":"","format":"standard","meta":{"om_disable_all_campaigns":false,"_monsterinsights_skip_tracking":false,"_monsterinsights_sitenote_active":false,"_monsterinsights_sitenote_note":"","_monsterinsights_sitenote_category":0},"categories":[7],"tags":[],"aioseo_notices":[],"gutentor_comment":0,"rttpg_featured_image_url":{"full":["https:\/\/arantv.az\/wp-content\/uploads\/2023\/03\/706078.jpg",800,600,false],"landscape":["https:\/\/arantv.az\/wp-content\/uploads\/2023\/03\/706078.jpg",800,600,false],"portraits":["https:\/\/arantv.az\/wp-content\/uploads\/2023\/03\/706078.jpg",800,600,false],"thumbnail":["https:\/\/arantv.az\/wp-content\/uploads\/2023\/03\/706078-500x280.jpg",500,280,true],"medium":["https:\/\/arantv.az\/wp-content\/uploads\/2023\/03\/706078-487x365.jpg",487,365,true],"large":["https:\/\/arantv.az\/wp-content\/uploads\/2023\/03\/706078.jpg",640,480,false],"1536x1536":["https:\/\/arantv.az\/wp-content\/uploads\/2023\/03\/706078.jpg",800,600,false],"2048x2048":["https:\/\/arantv.az\/wp-content\/uploads\/2023\/03\/706078.jpg",800,600,false],"post-thumbnail":["https:\/\/arantv.az\/wp-content\/uploads\/2023\/03\/706078-240x172.jpg",240,172,true],"advps-thumb-one":["https:\/\/arantv.az\/wp-content\/uploads\/2023\/03\/706078.jpg",800,600,false]},"rttpg_author":{"display_name":"V\u00fcsal Rafiqo\u011flu","author_link":"https:\/\/arantv.az\/?author=2"},"rttpg_comment":0,"rttpg_category":"<a href=\"https:\/\/arantv.az\/?cat=7\" rel=\"category\">D\u00fcnya<\/a>","rttpg_excerpt":"Fransada pensiya islahat\u0131 il\u0259 ba\u011fl\u0131 davam ed\u0259n etirazlar fonunda \u00c7in hakimiyy\u0259ti v\u0259t\u0259nda\u015flar\u0131n pensiya ya\u015f\u0131n\u0131 art\u0131rmaq planlar\u0131n\u0131 a\u00e7\u0131qlay\u0131b. \u018fhalinin s\u00fcr\u0259tli qocalmas\u0131n\u0131n qar\u015f\u0131s\u0131n\u0131 almaq \u00fc\u00e7\u00fcn bel\u0259 bir add\u0131m at\u0131l\u0131b. ARANTV.AZ \u201cReuters\u201d\u0259 istinadla x\u0259b\u0259r verir ki, \u00c7in Xalq Respublikas\u0131n\u0131n \u018fm\u0259k v\u0259 Sosial Elml\u0259r Akademiyas\u0131n\u0131n prezidenti Cin Veyqanq\u0131n s\u00f6zl\u0259rin\u0259 g\u00f6r\u0259, pensiya ya\u015f\u0131n\u0131n art\u0131r\u0131lmas\u0131 m\u0259rh\u0259l\u0259li \u015f\u0259kild\u0259 h\u0259yata ke\u00e7iril\u0259c\u0259k v\u0259 ya\u015f\u0131&hellip;","_links":{"self":[{"href":"https:\/\/arantv.az\/index.php?rest_route=\/wp\/v2\/posts\/576916"}],"collection":[{"href":"https:\/\/arantv.az\/index.php?rest_route=\/wp\/v2\/posts"}],"about":[{"href":"https:\/\/arantv.az\/index.php?rest_route=\/wp\/v2\/types\/post"}],"author":[{"embeddable":true,"href":"https:\/\/arantv.az\/index.php?rest_route=\/wp\/v2\/users\/2"}],"replies":[{"embeddable":true,"href":"https:\/\/arantv.az\/index.php?rest_route=%2Fwp%2Fv2%2Fcomments&post=576916"}],"version-history":[{"count":0,"href":"https:\/\/arantv.az\/index.php?rest_route=\/wp\/v2\/posts\/576916\/revisions"}],"wp:featuredmedia":[{"embeddable":true,"href":"https:\/\/arantv.az\/index.php?rest_route=\/wp\/v2\/media\/576917"}],"wp:attachment":[{"href":"https:\/\/arantv.az\/index.php?rest_route=%2Fwp%2Fv2%2Fmedia&parent=576916"}],"wp:term":[{"taxonomy":"category","embeddable":true,"href":"https:\/\/arantv.az\/index.php?rest_route=%2Fwp%2Fv2%2Fcategories&post=576916"},{"taxonomy":"post_tag","embeddable":true,"href":"https:\/\/arantv.az\/index.php?rest_route=%2Fwp%2Fv2%2Ftags&post=576916"}],"curies":[{"name":"wp","href":"https:\/\/api.w.org\/{rel}","templated":true}]}}