{"id":578308,"date":"2023-03-18T08:21:23","date_gmt":"2023-03-18T05:21:23","guid":{"rendered":"https:\/\/arantv.az\/?p=578308"},"modified":"2023-03-18T08:21:23","modified_gmt":"2023-03-18T05:21:23","slug":"erm%c9%99nil%c9%99r-rasmussen%c9%99-pul-od%c9%99yib-lacin-yoluna-g%c9%99tizdiribl%c9%99r-foto","status":"publish","type":"post","link":"https:\/\/arantv.az\/?p=578308","title":{"rendered":"Erm\u0259nil\u0259r Rasmussen\u0259 pul \u00f6d\u0259yib, La\u00e7\u0131n yoluna g\u0259tizdiribl\u0259r &#8211; FOTO"},"content":{"rendered":"<p>NATO-nun ke\u00e7mi\u015f ba\u015f katibi, danimarkal\u0131 siyas\u0259t\u00e7i Anders Foq Rasmussen \u0130r\u0259vana s\u0259f\u0259r edib.<\/p>\n<p>O, \u0130r\u0259vanda b\u0259yan edib ki, m\u0259qs\u0259di Erm\u0259nistan\u0131n Q\u0259rb ictimaiyy\u0259tin\u0259 inteqrasiyas\u0131n\u0131 d\u0259st\u0259kl\u0259m\u0259k, h\u0259m\u00e7inin kollektiv Q\u0259rbin diqq\u0259tini Erm\u0259nistan\u0131n t\u0259hl\u00fck\u0259sizliyi il\u0259 ba\u011fl\u0131 probleml\u0259r\u0259 c\u0259lb etm\u0259kdir.<\/p>\n<p>NATO-nun ke\u00e7mi\u015f r\u0259hb\u0259ri Erm\u0259nistan r\u0259smil\u0259rinin m\u00fc\u015fayi\u0259ti il\u0259 Az\u0259rbaycanla s\u0259rh\u0259d b\u00f6lg\u0259y\u0259, el\u0259c\u0259 d\u0259 La\u00e7\u0131n-Xank\u0259ndi yoluna s\u0259f\u0259r etdikd\u0259n sonra Rasmussen yerli m\u0259tbuata m\u00fcsahib\u0259 verib v\u0259 orada Az\u0259rbaycan \u0259leyhin\u0259 bir s\u0131ra b\u0259yanatlar verib.<\/p>\n<p>T\u0259bii ki, Rasmussenin Erm\u0259nistana s\u0259f\u0259ri he\u00e7 bir halda \u015f\u0259xsi motivl\u0259rl\u0259 \u0259laq\u0259dar olmay\u0131b.<\/p>\n<p>M\u0259s\u0259l\u0259 buras\u0131ndad\u0131r ki, danimarkal\u0131 NATO-nun ba\u015f katibi v\u0259zif\u0259sind\u0259n istefa verdikd\u0259n sonra \u00f6z\u00fcn\u00fcn lobbi\u00e7ilik xidm\u0259tl\u0259ri \u00fczr\u0259 ixtisasla\u015fan v\u0259 bir s\u0131ra xarici h\u00f6kum\u0259tl\u0259rd\u0259n v\u0259 s\u0259firlikl\u0259rd\u0259n m\u00fcnt\u0259z\u0259m olaraq sifari\u015fl\u0259r alan \u201cRasmussen Global\u201d \u015firk\u0259tini yarad\u0131b.<\/p>\n<p>O c\u00fcml\u0259d\u0259n, m\u0259lum olur ki, Anders Foq Rasmussenin \u015firk\u0259ti h\u0259m\u00e7inin Erm\u0259nistan t\u0259r\u0259find\u0259n sifari\u015fl\u0259r al\u0131r.<\/p>\n<p>Bu bar\u0259d\u0259 \u201cThe Armenian Weekly\u201d n\u0259\u015frinin \u0259m\u0259kda\u015f\u0131,\u00a0Alison Texmizyan Maas \u00f6z \u201cTwitter\u201d s\u0259hif\u0259sind\u0259 m\u0259lumat verib.<\/p>\n<div>\n<div class=\"twitter-tweet twitter-tweet-rendered\"><iframe id=\"twitter-widget-0\" class=\"\" title=\"Twitter Tweet\" src=\"https:\/\/platform.twitter.com\/embed\/Tweet.html?creatorScreenName=oxuaz&amp;dnt=false&amp;embedId=twitter-widget-0&amp;features=eyJ0ZndfdGltZWxpbmVfbGlzdCI6eyJidWNrZXQiOltdLCJ2ZXJzaW9uIjpudWxsfSwidGZ3X2ZvbGxvd2VyX2NvdW50X3N1bnNldCI6eyJidWNrZXQiOnRydWUsInZlcnNpb24iOm51bGx9LCJ0ZndfdHdlZXRfZWRpdF9iYWNrZW5kIjp7ImJ1Y2tldCI6Im9uIiwidmVyc2lvbiI6bnVsbH0sInRmd19yZWZzcmNfc2Vzc2lvbiI6eyJidWNrZXQiOiJvbiIsInZlcnNpb24iOm51bGx9LCJ0ZndfbWl4ZWRfbWVkaWFfMTU4OTciOnsiYnVja2V0IjoidHJlYXRtZW50IiwidmVyc2lvbiI6bnVsbH0sInRmd19leHBlcmltZW50c19jb29raWVfZXhwaXJhdGlvbiI6eyJidWNrZXQiOjEyMDk2MDAsInZlcnNpb24iOm51bGx9LCJ0ZndfZHVwbGljYXRlX3NjcmliZXNfdG9fc2V0dGluZ3MiOnsiYnVja2V0Ijoib24iLCJ2ZXJzaW9uIjpudWxsfSwidGZ3X3ZpZGVvX2hsc19keW5hbWljX21hbmlmZXN0c18xNTA4MiI6eyJidWNrZXQiOiJ0cnVlX2JpdHJhdGUiLCJ2ZXJzaW9uIjpudWxsfSwidGZ3X2xlZ2FjeV90aW1lbGluZV9zdW5zZXQiOnsiYnVja2V0Ijp0cnVlLCJ2ZXJzaW9uIjpudWxsfSwidGZ3X3R3ZWV0X2VkaXRfZnJvbnRlbmQiOnsiYnVja2V0Ijoib24iLCJ2ZXJzaW9uIjpudWxsfX0%3D&amp;frame=false&amp;hideCard=false&amp;hideThread=false&amp;id=1636490875592163336&amp;lang=en&amp;origin=https%3A%2F%2Foxu.az%2Fworld%2F708554&amp;sessionId=245138470685063f7955ad21774825d70007eeff&amp;siteScreenName=oxuaz&amp;theme=light&amp;widgetsVersion=aaf4084522e3a%3A1674595607486&amp;width=550px\" frameborder=\"0\" scrolling=\"no\" allowfullscreen=\"allowfullscreen\" data-tweet-id=\"1636490875592163336\" data-mce-fragment=\"1\"><\/iframe><\/div>\n<\/div>\n<p>\u201c\u018fg\u0259r siz Anders Foq Rasmussenin altruistik motivl\u0259rl\u0259 v\u0259 ya NATO ad\u0131ndan Erm\u0259nistanda oldu\u011funu d\u00fc\u015f\u00fcn\u00fcrs\u00fcn\u00fczs\u0259, yan\u0131l\u0131rs\u0131n\u0131z\u201d, &#8211; dey\u0259 erm\u0259ni diasporunun AB\u015e-d\u0259ki n\u00fcmay\u0259nd\u0259si bildirib.<\/p>\n<p>O, A\u0130-nin x\u00fcsusi reyestrinin ekrandan \u00e7\u0259kilmi\u015f fotosunu sosial \u015f\u0259b\u0259k\u0259l\u0259rd\u0259 yerl\u0259\u015fdirib ki, burada \u201cRasmussen Global\u201d da daxil olmaqla b\u00fct\u00fcn lobbi strukturlar\u0131 t\u0259r\u0259find\u0259n al\u0131nan sifari\u015fl\u0259r \u0259ks olunub.<\/p>\n<p>\u201cRasmussen\u201d \u015firk\u0259tinin hesabat\u0131na g\u00f6r\u0259, NATO-nun ke\u00e7mi\u015f ba\u015f katibi 2023-c\u00fc ild\u0259 bir ne\u00e7\u0259 sifari\u015f\u00e7i il\u0259 m\u00fcqavil\u0259 imzalay\u0131b ki, onlar\u0131n s\u0131ras\u0131nda Tayvan\u0131n Avropa \u0130ttifaq\u0131ndak\u0131 n\u00fcmay\u0259nd\u0259liyi, el\u0259c\u0259 d\u0259 Erm\u0259nistan h\u00f6kum\u0259ti d\u0259 var. \u015eirk\u0259tin cari il \u00fc\u00e7\u00fcn \u00fcmumi g\u0259liri 150-400 min avro aras\u0131nda olacaq.<\/p>\n<p>Erm\u0259nistan h\u00f6kum\u0259tinin bu v\u0259saitin n\u0259 q\u0259d\u0259rini \u201cRasmussen\u201d\u0259 \u00f6d\u0259y\u0259c\u0259yi v\u0259 ya art\u0131q \u00f6d\u0259diyi bar\u0259d\u0259 m\u0259lumat yoxdur. Amma d\u0259rc olunmu\u015f reyestrd\u0259ki m\u0259lumatlar birm\u0259nal\u0131 \u015f\u0259kild\u0259 t\u0259sdiq edir ki, m\u0259hz bu pullar NATO \u015eimali Atlantika blokunun ke\u00e7mi\u015f r\u0259hb\u0259rini \u0130r\u0259vana g\u0259tirib.<\/p>\n","protected":false},"excerpt":{"rendered":"<p>NATO-nun ke\u00e7mi\u015f ba\u015f katibi, danimarkal\u0131 siyas\u0259t\u00e7i Anders Foq Rasmussen \u0130r\u0259vana s\u0259f\u0259r edib. O, \u0130r\u0259vanda b\u0259yan edib ki, m\u0259qs\u0259di Erm\u0259nistan\u0131n Q\u0259rb ictimaiyy\u0259tin\u0259 inteqrasiyas\u0131n\u0131 d\u0259st\u0259kl\u0259m\u0259k, h\u0259m\u00e7inin kollektiv Q\u0259rbin diqq\u0259tini Erm\u0259nistan\u0131n t\u0259hl\u00fck\u0259sizliyi il\u0259 ba\u011fl\u0131 probleml\u0259r\u0259 c\u0259lb etm\u0259kdir. NATO-nun ke\u00e7mi\u015f r\u0259hb\u0259ri Erm\u0259nistan r\u0259smil\u0259rinin m\u00fc\u015fayi\u0259ti il\u0259 Az\u0259rbaycanla s\u0259rh\u0259d b\u00f6lg\u0259y\u0259, el\u0259c\u0259 d\u0259 La\u00e7\u0131n-Xank\u0259ndi yoluna s\u0259f\u0259r etdikd\u0259n sonra Rasmussen yerli m\u0259tbuata m\u00fcsahib\u0259 verib v\u0259 orada Az\u0259rbaycan \u0259leyhin\u0259 bir s\u0131ra b\u0259yanatlar verib. T\u0259bii ki, Rasmussenin Erm\u0259nistana s\u0259f\u0259ri he\u00e7 bir halda \u015f\u0259xsi motivl\u0259rl\u0259 \u0259laq\u0259dar olmay\u0131b. M\u0259s\u0259l\u0259 buras\u0131ndad\u0131r ki, danimarkal\u0131 NATO-nun ba\u015f katibi v\u0259zif\u0259sind\u0259n istefa verdikd\u0259n sonra \u00f6z\u00fcn\u00fcn lobbi\u00e7ilik xidm\u0259tl\u0259ri&hellip;<\/p>\n","protected":false},"author":2,"featured_media":578309,"comment_status":"closed","ping_status":"closed","sticky":false,"template":"","format":"standard","meta":{"om_disable_all_campaigns":false,"_monsterinsights_skip_tracking":false,"_monsterinsights_sitenote_active":false,"_monsterinsights_sitenote_note":"","_monsterinsights_sitenote_category":0},"categories":[19],"tags":[],"aioseo_notices":[],"gutentor_comment":0,"rttpg_featured_image_url":{"full":["https:\/\/arantv.az\/wp-content\/uploads\/2023\/03\/FotoJet-2023-03-17T180338.076.jpg",620,413,false],"landscape":["https:\/\/arantv.az\/wp-content\/uploads\/2023\/03\/FotoJet-2023-03-17T180338.076.jpg",620,413,false],"portraits":["https:\/\/arantv.az\/wp-content\/uploads\/2023\/03\/FotoJet-2023-03-17T180338.076.jpg",620,413,false],"thumbnail":["https:\/\/arantv.az\/wp-content\/uploads\/2023\/03\/FotoJet-2023-03-17T180338.076-500x280.jpg",500,280,true],"medium":["https:\/\/arantv.az\/wp-content\/uploads\/2023\/03\/FotoJet-2023-03-17T180338.076-548x365.jpg",548,365,true],"large":["https:\/\/arantv.az\/wp-content\/uploads\/2023\/03\/FotoJet-2023-03-17T180338.076.jpg",620,413,false],"1536x1536":["https:\/\/arantv.az\/wp-content\/uploads\/2023\/03\/FotoJet-2023-03-17T180338.076.jpg",620,413,false],"2048x2048":["https:\/\/arantv.az\/wp-content\/uploads\/2023\/03\/FotoJet-2023-03-17T180338.076.jpg",620,413,false],"post-thumbnail":["https:\/\/arantv.az\/wp-content\/uploads\/2023\/03\/FotoJet-2023-03-17T180338.076-240x172.jpg",240,172,true],"advps-thumb-one":["https:\/\/arantv.az\/wp-content\/uploads\/2023\/03\/FotoJet-2023-03-17T180338.076.jpg",620,413,false]},"rttpg_author":{"display_name":"V\u00fcsal Rafiqo\u011flu","author_link":"https:\/\/arantv.az\/?author=2"},"rttpg_comment":0,"rttpg_category":"<a href=\"https:\/\/arantv.az\/?cat=19\" rel=\"category\">G\u00fcnd\u0259m<\/a>","rttpg_excerpt":"NATO-nun ke\u00e7mi\u015f ba\u015f katibi, danimarkal\u0131 siyas\u0259t\u00e7i Anders Foq Rasmussen \u0130r\u0259vana s\u0259f\u0259r edib. O, \u0130r\u0259vanda b\u0259yan edib ki, m\u0259qs\u0259di Erm\u0259nistan\u0131n Q\u0259rb ictimaiyy\u0259tin\u0259 inteqrasiyas\u0131n\u0131 d\u0259st\u0259kl\u0259m\u0259k, h\u0259m\u00e7inin kollektiv Q\u0259rbin diqq\u0259tini Erm\u0259nistan\u0131n t\u0259hl\u00fck\u0259sizliyi il\u0259 ba\u011fl\u0131 probleml\u0259r\u0259 c\u0259lb etm\u0259kdir. NATO-nun ke\u00e7mi\u015f r\u0259hb\u0259ri Erm\u0259nistan r\u0259smil\u0259rinin m\u00fc\u015fayi\u0259ti il\u0259 Az\u0259rbaycanla s\u0259rh\u0259d b\u00f6lg\u0259y\u0259, el\u0259c\u0259 d\u0259 La\u00e7\u0131n-Xank\u0259ndi yoluna s\u0259f\u0259r etdikd\u0259n sonra Rasmussen yerli m\u0259tbuata m\u00fcsahib\u0259&hellip;","_links":{"self":[{"href":"https:\/\/arantv.az\/index.php?rest_route=\/wp\/v2\/posts\/578308"}],"collection":[{"href":"https:\/\/arantv.az\/index.php?rest_route=\/wp\/v2\/posts"}],"about":[{"href":"https:\/\/arantv.az\/index.php?rest_route=\/wp\/v2\/types\/post"}],"author":[{"embeddable":true,"href":"https:\/\/arantv.az\/index.php?rest_route=\/wp\/v2\/users\/2"}],"replies":[{"embeddable":true,"href":"https:\/\/arantv.az\/index.php?rest_route=%2Fwp%2Fv2%2Fcomments&post=578308"}],"version-history":[{"count":0,"href":"https:\/\/arantv.az\/index.php?rest_route=\/wp\/v2\/posts\/578308\/revisions"}],"wp:featuredmedia":[{"embeddable":true,"href":"https:\/\/arantv.az\/index.php?rest_route=\/wp\/v2\/media\/578309"}],"wp:attachment":[{"href":"https:\/\/arantv.az\/index.php?rest_route=%2Fwp%2Fv2%2Fmedia&parent=578308"}],"wp:term":[{"taxonomy":"category","embeddable":true,"href":"https:\/\/arantv.az\/index.php?rest_route=%2Fwp%2Fv2%2Fcategories&post=578308"},{"taxonomy":"post_tag","embeddable":true,"href":"https:\/\/arantv.az\/index.php?rest_route=%2Fwp%2Fv2%2Ftags&post=578308"}],"curies":[{"name":"wp","href":"https:\/\/api.w.org\/{rel}","templated":true}]}}