{"id":578314,"date":"2023-03-18T08:22:25","date_gmt":"2023-03-18T05:22:25","guid":{"rendered":"https:\/\/arantv.az\/?p=578314"},"modified":"2023-03-18T08:22:25","modified_gmt":"2023-03-18T05:22:25","slug":"xin-r%c9%99smisi-i%c9%99t-%c9%99-uzv-olan-olk%c9%99-numay%c9%99nd%c9%99l%c9%99rini-erm%c9%99nistanin-t%c9%99xribatlari-bar%c9%99d%c9%99-m%c9%99lumatlandirib","status":"publish","type":"post","link":"https:\/\/arantv.az\/?p=578314","title":{"rendered":"X\u0130N r\u0259smisi \u0130\u018fT-\u0259 \u00fczv olan \u00f6lk\u0259 n\u00fcmay\u0259nd\u0259l\u0259rini Erm\u0259nistan\u0131n t\u0259xribatlar\u0131 bar\u0259d\u0259 m\u0259lumatland\u0131r\u0131b"},"content":{"rendered":"<p>Az\u0259rbaycan\u0131n xarici i\u015fl\u0259r nazirinin m\u00fcavini Fariz Rzayevin \u0130slam \u018fm\u0259kda\u015fl\u0131q \u015euras\u0131n\u0131n (\u0130\u018fT) Nazirl\u0259r \u015euras\u0131n\u0131n 49-cu sessiyas\u0131nda i\u015ftirak m\u0259qs\u0259dil\u0259 Mavritaniya \u0130slam Respublikas\u0131na i\u015fg\u00fczar s\u0259f\u0259ri ba\u015f tutub.<\/p>\n<p>Bu bar\u0259d\u0259 Az\u0259rbaycan X\u0130N-d\u0259n bildirilib.<\/p>\n<p>S\u0259f\u0259r \u00e7\u0259r\u00e7iv\u0259sind\u0259 nazir m\u00fcavini Fariz Rzayevin Mavritaniya xarici i\u015fl\u0259r naziri Mohamed Salem Ould Merzoug, Burkina-Faso xarici i\u015fl\u0259r naziri Ragnaghnevende Olivia Rouamba, \u018frzaq T\u0259hl\u00fck\u0259sizliyi \u00fczr\u0259 \u0130slam T\u0259\u015fkilat\u0131n\u0131n Ba\u015f direktoru Yerlan Baidaulet, Oman Sultanl\u0131\u011f\u0131 Xarici \u0130\u015fl\u0259r Nazirliyinin Diplomatik m\u0259s\u0259l\u0259l\u0259r \u00fczr\u0259 katibinin m\u00fcavini \u015eeyx X\u0259lif\u0259 bin \u018fli bin \u0130sa \u0259l Harti, habel\u0259 Somalinin xarici i\u015fl\u0259r v\u0259 beyn\u0259lxalq \u0259m\u0259kda\u015fl\u0131q naziri Ab\u015fir Omar Huruse il\u0259 ikit\u0259r\u0259fli g\u00f6r\u00fc\u015fl\u0259ri ke\u00e7irilib.<\/p>\n<p>G\u00f6r\u00fc\u015fl\u0259r zaman\u0131 ikit\u0259r\u0259fli \u0259m\u0259kda\u015fl\u0131q perspektivl\u0259ri, beyn\u0259lxalq t\u0259\u015fkilatlar, o c\u00fcml\u0259d\u0259n Qo\u015fulmama H\u0259r\u0259kat\u0131 (QH) \u00e7\u0259r\u00e7iv\u0259sind\u0259 \u0259m\u0259kda\u015fl\u0131q m\u0259s\u0259l\u0259l\u0259ri m\u00fczakir\u0259 olunub. Y\u00fcks\u0259k s\u0259viyy\u0259li r\u0259smi t\u0259maslar\u0131n v\u0259 ikit\u0259r\u0259fli siyasi m\u0259sl\u0259h\u0259tl\u0259\u015fm\u0259l\u0259rin intensivliyinin art\u0131r\u0131lmas\u0131n\u0131n \u0259h\u0259miyy\u0259ti vur\u011fulan\u0131b.<\/p>\n<p>Qar\u015f\u0131 t\u0259r\u0259f Az\u0259rbaycan t\u0259r\u0259find\u0259n QH s\u0259drliyi \u00e7\u0259r\u00e7iv\u0259sind\u0259 ir\u0259li s\u00fcr\u00fclm\u00fc\u015f pandemiyadan sonrak\u0131 qlobal b\u0259rpa m\u0259s\u0259l\u0259sin\u0259 h\u0259sr olunmu\u015f t\u0259\u015f\u0259bb\u00fcsl\u0259r bar\u0259d\u0259 m\u0259lumatland\u0131r\u0131l\u0131b.<\/p>\n<p>Nazir m\u00fcavini t\u0259r\u0259find\u0259n \u00f6lk\u0259mizin \u00fczvl\u00fcy\u00fc d\u00f6vr\u00fcnd\u0259 \u0130slam \u018fm\u0259kda\u015fl\u0131q T\u0259\u015fkilat\u0131 (\u0130\u018fT) \u00e7\u0259r\u00e7iv\u0259sind\u0259 Az\u0259rbaycan\u0131n \u0259razi b\u00fct\u00f6vl\u00fcy\u00fc v\u0259 suverenliyin\u0259 g\u00f6st\u0259ril\u0259n davaml\u0131 d\u0259st\u0259k t\u0259qdir olunub.<\/p>\n<p>G\u00f6r\u00fc\u015fl\u0259r zaman\u0131 Erm\u0259nistan\u0131n 30 il\u0259 yax\u0131n d\u00f6vr \u0259rzind\u0259 Az\u0259rbaycana qar\u015f\u0131 t\u0259cav\u00fcz\u00fc, post-m\u00fcnaqi\u015f\u0259 d\u00f6vr\u00fcnd\u0259 Az\u0259rbaycan-Erm\u0259nistan aras\u0131nda s\u00fclh prosesinin cari v\u0259ziyy\u0259ti, el\u0259c\u0259 d\u0259 regionda Erm\u0259nistan\u0131n t\u0259xribatlar\u0131, mina t\u0259hdidl\u0259ri bar\u0259d\u0259 \u0259trafl\u0131 m\u0259lumat verilib.<\/p>\n<p>Az\u0259rbaycan h\u00f6kum\u0259ti t\u0259r\u0259find\u0259n i\u015f\u011faldan azad olunmu\u015f \u0259razil\u0259rd\u0259 apar\u0131lan b\u0259rpa v\u0259 quruculuq i\u015fl\u0259ri, Az\u0259rbaycan\u0131n t\u0259\u015f\u0259bb\u00fcs\u00fc v\u0259 i\u015ftirak\u0131 il\u0259 b\u00f6lg\u0259d\u0259 h\u0259yata ke\u00e7iril\u0259n n\u0259qliyyat, kommunikasiya layih\u0259l\u0259ri diqq\u0259t\u0259 \u00e7atd\u0131r\u0131l\u0131b v\u0259 bu istiqam\u0259tl\u0259rd\u0259 \u0259m\u0259kda\u015fl\u0131q imkanlar\u0131n\u0131n oldu\u011fu vur\u011fulan\u0131b.<\/p>\n","protected":false},"excerpt":{"rendered":"<p>Az\u0259rbaycan\u0131n xarici i\u015fl\u0259r nazirinin m\u00fcavini Fariz Rzayevin \u0130slam \u018fm\u0259kda\u015fl\u0131q \u015euras\u0131n\u0131n (\u0130\u018fT) Nazirl\u0259r \u015euras\u0131n\u0131n 49-cu sessiyas\u0131nda i\u015ftirak m\u0259qs\u0259dil\u0259 Mavritaniya \u0130slam Respublikas\u0131na i\u015fg\u00fczar s\u0259f\u0259ri ba\u015f tutub. Bu bar\u0259d\u0259 Az\u0259rbaycan X\u0130N-d\u0259n bildirilib. S\u0259f\u0259r \u00e7\u0259r\u00e7iv\u0259sind\u0259 nazir m\u00fcavini Fariz Rzayevin Mavritaniya xarici i\u015fl\u0259r naziri Mohamed Salem Ould Merzoug, Burkina-Faso xarici i\u015fl\u0259r naziri Ragnaghnevende Olivia Rouamba, \u018frzaq T\u0259hl\u00fck\u0259sizliyi \u00fczr\u0259 \u0130slam T\u0259\u015fkilat\u0131n\u0131n Ba\u015f direktoru Yerlan Baidaulet, Oman Sultanl\u0131\u011f\u0131 Xarici \u0130\u015fl\u0259r Nazirliyinin Diplomatik m\u0259s\u0259l\u0259l\u0259r \u00fczr\u0259 katibinin m\u00fcavini \u015eeyx X\u0259lif\u0259 bin \u018fli bin \u0130sa \u0259l Harti, habel\u0259 Somalinin xarici i\u015fl\u0259r v\u0259 beyn\u0259lxalq \u0259m\u0259kda\u015fl\u0131q naziri Ab\u015fir Omar Huruse il\u0259 ikit\u0259r\u0259fli&hellip;<\/p>\n","protected":false},"author":2,"featured_media":557829,"comment_status":"closed","ping_status":"closed","sticky":false,"template":"","format":"standard","meta":{"om_disable_all_campaigns":false,"_monsterinsights_skip_tracking":false,"_monsterinsights_sitenote_active":false,"_monsterinsights_sitenote_note":"","_monsterinsights_sitenote_category":0},"categories":[4],"tags":[],"aioseo_notices":[],"gutentor_comment":0,"rttpg_featured_image_url":{"full":["https:\/\/arantv.az\/wp-content\/uploads\/2023\/01\/XIN.jpg",975,540,false],"landscape":["https:\/\/arantv.az\/wp-content\/uploads\/2023\/01\/XIN.jpg",975,540,false],"portraits":["https:\/\/arantv.az\/wp-content\/uploads\/2023\/01\/XIN.jpg",975,540,false],"thumbnail":["https:\/\/arantv.az\/wp-content\/uploads\/2023\/01\/XIN-500x280.jpg",500,280,true],"medium":["https:\/\/arantv.az\/wp-content\/uploads\/2023\/01\/XIN-660x365.jpg",660,365,true],"large":["https:\/\/arantv.az\/wp-content\/uploads\/2023\/01\/XIN-840x465.jpg",640,354,true],"1536x1536":["https:\/\/arantv.az\/wp-content\/uploads\/2023\/01\/XIN.jpg",975,540,false],"2048x2048":["https:\/\/arantv.az\/wp-content\/uploads\/2023\/01\/XIN.jpg",975,540,false],"post-thumbnail":["https:\/\/arantv.az\/wp-content\/uploads\/2023\/01\/XIN-240x172.jpg",240,172,true],"advps-thumb-one":["https:\/\/arantv.az\/wp-content\/uploads\/2023\/01\/XIN.jpg",975,540,false]},"rttpg_author":{"display_name":"V\u00fcsal Rafiqo\u011flu","author_link":"https:\/\/arantv.az\/?author=2"},"rttpg_comment":0,"rttpg_category":"<a href=\"https:\/\/arantv.az\/?cat=4\" rel=\"category\">Siyas\u0259t<\/a>","rttpg_excerpt":"Az\u0259rbaycan\u0131n xarici i\u015fl\u0259r nazirinin m\u00fcavini Fariz Rzayevin \u0130slam \u018fm\u0259kda\u015fl\u0131q \u015euras\u0131n\u0131n (\u0130\u018fT) Nazirl\u0259r \u015euras\u0131n\u0131n 49-cu sessiyas\u0131nda i\u015ftirak m\u0259qs\u0259dil\u0259 Mavritaniya \u0130slam Respublikas\u0131na i\u015fg\u00fczar s\u0259f\u0259ri ba\u015f tutub. Bu bar\u0259d\u0259 Az\u0259rbaycan X\u0130N-d\u0259n bildirilib. S\u0259f\u0259r \u00e7\u0259r\u00e7iv\u0259sind\u0259 nazir m\u00fcavini Fariz Rzayevin Mavritaniya xarici i\u015fl\u0259r naziri Mohamed Salem Ould Merzoug, Burkina-Faso xarici i\u015fl\u0259r naziri Ragnaghnevende Olivia Rouamba, \u018frzaq T\u0259hl\u00fck\u0259sizliyi \u00fczr\u0259 \u0130slam T\u0259\u015fkilat\u0131n\u0131n&hellip;","_links":{"self":[{"href":"https:\/\/arantv.az\/index.php?rest_route=\/wp\/v2\/posts\/578314"}],"collection":[{"href":"https:\/\/arantv.az\/index.php?rest_route=\/wp\/v2\/posts"}],"about":[{"href":"https:\/\/arantv.az\/index.php?rest_route=\/wp\/v2\/types\/post"}],"author":[{"embeddable":true,"href":"https:\/\/arantv.az\/index.php?rest_route=\/wp\/v2\/users\/2"}],"replies":[{"embeddable":true,"href":"https:\/\/arantv.az\/index.php?rest_route=%2Fwp%2Fv2%2Fcomments&post=578314"}],"version-history":[{"count":0,"href":"https:\/\/arantv.az\/index.php?rest_route=\/wp\/v2\/posts\/578314\/revisions"}],"wp:featuredmedia":[{"embeddable":true,"href":"https:\/\/arantv.az\/index.php?rest_route=\/wp\/v2\/media\/557829"}],"wp:attachment":[{"href":"https:\/\/arantv.az\/index.php?rest_route=%2Fwp%2Fv2%2Fmedia&parent=578314"}],"wp:term":[{"taxonomy":"category","embeddable":true,"href":"https:\/\/arantv.az\/index.php?rest_route=%2Fwp%2Fv2%2Fcategories&post=578314"},{"taxonomy":"post_tag","embeddable":true,"href":"https:\/\/arantv.az\/index.php?rest_route=%2Fwp%2Fv2%2Ftags&post=578314"}],"curies":[{"name":"wp","href":"https:\/\/api.w.org\/{rel}","templated":true}]}}