{"id":578364,"date":"2023-03-18T10:45:05","date_gmt":"2023-03-18T07:45:05","guid":{"rendered":"https:\/\/arantv.az\/?p=578364"},"modified":"2023-03-18T10:45:05","modified_gmt":"2023-03-18T07:45:05","slug":"az%c9%99rbaycan-xalqinin-milli-m%c9%99n%c9%99vi-d%c9%99y%c9%99rl%c9%99r-sistemind%c9%99-novruz-bayraminin-ozun%c9%99m%c9%99xsus-yeri-var","status":"publish","type":"post","link":"https:\/\/arantv.az\/?p=578364","title":{"rendered":"Az\u0259rbaycan xalq\u0131n\u0131n milli-m\u0259n\u0259vi d\u0259y\u0259rl\u0259r sistemind\u0259 Novruz bayram\u0131n\u0131n \u00f6z\u00fcn\u0259m\u0259xsus yeri var"},"content":{"rendered":"<p>Bahar\u0131n g\u0259li\u015fi, torpa\u011f\u0131n oyanmas\u0131 d\u00f6vr\u00fcn\u0259 t\u0259sad\u00fcf ed\u0259n bu bayram xalq\u0131m\u0131z t\u0259r\u0259find\u0259n h\u0259mi\u015f\u0259 b\u00f6y\u00fck sevgi il\u0259 qeyd edilmi\u015f, he\u00e7 bir qada\u011fa, m\u0259hdudiyy\u0259t bu bayram\u0131 unutdura bilm\u0259mi\u015f, bir-birind\u0259n maraql\u0131 Novruz ad\u0259tl\u0259ri, inanclar\u0131 n\u0259sill\u0259rd\u0259n n\u0259sill\u0259r\u0259 \u00f6t\u00fcr\u00fclm\u00fc\u015fd\u00fcr. Sovet d\u00f6vr\u00fcn\u00fcn ilk onillikl\u0259rind\u0259 Novruz bayram\u0131na m\u00fc\u0259yy\u0259n qada\u011falar qoyulmu\u015fdu. H\u00f6kum\u0259t orqanlar\u0131 bu bayram\u0131n r\u0259smi s\u0259viyy\u0259d\u0259 ke\u00e7irilm\u0259sin\u0259 icaz\u0259 vermir, buna t\u0259\u015f\u0259bb\u00fcs g\u00f6st\u0259r\u0259n v\u0259t\u0259np\u0259rv\u0259r insanlar is\u0259 t\u0259qibl\u0259rl\u0259 \u00fczl\u0259\u015firdi. Bununla bel\u0259, \u0259srl\u0259rd\u0259n qalm\u0131\u015f \u0259n\u0259n\u0259l\u0259r\u0259 sadiq qalaraq, h\u0259r bir az\u0259rbaycanl\u0131 ail\u0259sind\u0259 bu bayram ilin \u0259n \u0259ziz g\u00fcnl\u0259ri kimi qeyd olunurdu. R\u0259smi t\u0259dbirl\u0259rd\u0259, radio v\u0259 televiziya verili\u015fl\u0259rind\u0259 Novruz bayram\u0131n\u0131n ad\u0131n\u0131 d\u0259yi\u015fdirib, gah &#8220;Bahar&#8221; bayram\u0131, gah da yaz-tarla i\u015fl\u0259rinin ba\u015flan\u011f\u0131c\u0131 hesab ets\u0259l\u0259r d\u0259, xalq \u00f6z Novruzunu m\u0259h\u0259bb\u0259tl\u0259 qar\u015f\u0131lay\u0131b ehtiramla ke\u00e7irirdi. \u015e\u0259k\u0259rbura, paxlava bi\u015firilir, bayram plovu s\u00fcz\u00fcl\u00fcr, s\u0259m\u0259ni g\u00f6y\u0259rdilir, h\u0259y\u0259tl\u0259rd\u0259 tonqal yand\u0131r\u0131l\u0131rd\u0131. Qohum-\u0259qr\u0259ba bir-birinin qap\u0131s\u0131n\u0131 d\u00f6y\u0259r\u0259k bayramla\u015f\u0131rd\u0131. Amma b\u00fct\u00fcn bunlar sanki bir \u00f6rt\u00fck, p\u0259rd\u0259 arxas\u0131nda h\u0259yata ke\u00e7irilirdi. Radio v\u0259 televiziyalarda bahar\u0131n g\u0259li\u015fi il\u0259 \u0259laq\u0259dar konsertl\u0259r verilir, yazla ba\u011fl\u0131 mahn\u0131lar oxunurdu. H\u0259r k\u0259s \u00f6z imkan\u0131 v\u0259 s\u0259lahiyy\u0259ti daxilind\u0259 bu q\u0259dim bayram\u0131n \u0259b\u0259diya\u015farl\u0131\u011f\u0131na xidm\u0259t g\u00f6st\u0259rm\u0259y\u0259 \u00e7al\u0131\u015f\u0131rd\u0131. Amma he\u00e7 kim Novruzun ad\u0131n\u0131 \u00e7\u0259k\u0259 bilmirdi.<\/p>\n<p>Yaln\u0131z Az\u0259rbaycan xalq\u0131n\u0131n \u00dcmummilli Lideri, Ulu \u00d6nd\u0259r Heyd\u0259r \u018fliyevin 1969-cu ild\u0259 \u00f6lk\u0259mizd\u0259 hakimiyy\u0259t\u0259 g\u0259li\u015fi xalq\u0131m\u0131z\u0131n dig\u0259r milli-m\u0259n\u0259vi d\u0259y\u0259rl\u0259ri kimi Novruz bayram\u0131na da r\u0259smi s\u0259viyy\u0259d\u0259 m\u00fcnasib\u0259ti d\u0259yi\u015fdi. Ulu \u00d6nd\u0259r \u00f6lk\u0259y\u0259 r\u0259hb\u0259rliyinin ilk g\u00fcnl\u0259rind\u0259n h\u0259r c\u00fcr ideoloji-siyasi mane\u0259l\u0259r\u0259 sin\u0259 g\u0259r\u0259r\u0259k Az\u0259rbaycan xalq\u0131n\u0131n milli \u00f6z\u00fcn\u00fcd\u0259rki \u00fc\u00e7\u00fcn b\u00fct\u00fcn z\u0259ruri t\u0259dbirl\u0259ri h\u0259yata ke\u00e7irm\u0259y\u0259 ba\u015flad\u0131. \u0130ctimai \u015f\u00fcurdak\u0131 qorxunu aradan qald\u0131rma\u011f\u0131, c\u0259miyy\u0259ti b\u00fct\u00fcn sah\u0259l\u0259r \u00fczr\u0259 g\u0259l\u0259c\u0259k m\u0259n\u0259vi y\u00fcks\u0259li\u015fl\u0259r\u0259 ruhland\u0131rma\u011f\u0131 bacard\u0131. Ulu \u00f6nd\u0259r xalqda milli heysiyy\u0259ti g\u00fccl\u0259ndirdi, onu \u00f6z \u015fanl\u0131 ke\u00e7mi\u015fin\u0259, soy-k\u00f6k\u00fcn\u0259 qaytarmaq, habel\u0259 z\u0259ngin b\u0259dii irsini, m\u0259d\u0259niyy\u0259tini, inc\u0259s\u0259n\u0259tini, ad\u0259t-\u0259n\u0259n\u0259l\u0259rini ya\u015fatmaq, ana dilini inki\u015faf etdirm\u0259k \u00fc\u00e7\u00fcn bir s\u0131ra t\u0259dbirl\u0259r h\u0259yata ke\u00e7irdi. Xalq\u0131m\u0131z ke\u00e7mi\u015fin a\u011f\u0131r buxovlar\u0131ndan azad olduqdan sonra \u0259lind\u0259n zorla al\u0131nm\u0131\u015f milli-m\u0259n\u0259vi d\u0259y\u0259rl\u0259rin, milli \u00f6z\u00fcn\u00fcd\u0259rkin formala\u015fmas\u0131na yeni z\u0259min yarand\u0131. Novruz bayram\u0131 \u00fcz\u0259rind\u0259ki qada\u011falar\u0131n ortadan g\u00f6t\u00fcr\u00fclm\u0259si \u00fc\u00e7\u00fcn bir s\u0131ra ziyal\u0131lar\u0131m\u0131z f\u0259dakarcas\u0131na \u00e7al\u0131\u015fm\u0131\u015fd\u0131lar. Lakin m\u0259hz Heyd\u0259r \u018fliyevin \u00f6lk\u0259miz\u0259 r\u0259hb\u0259rliyi d\u00f6vr\u00fcnd\u0259 bu m\u0259qs\u0259din h\u0259yata ke\u00e7m\u0259si m\u00fcmk\u00fcn oldu. Bu bayram sad\u0259c\u0259 m\u0259rasim kimi deyil, m\u0259hz milli m\u0259n\u0259vi d\u0259y\u0259rl\u0259rin \u0259h\u0259miyy\u0259tli bir hiss\u0259si olaraq yenid\u0259n \u00f6z mahiyy\u0259tin\u0259 qovu\u015fdu. Novruza olan b\u00fct\u00fcn qada\u011falar ortadan g\u00f6t\u00fcr\u00fcld\u00fc. M\u0259hz Ulu \u00d6nd\u0259rin diqq\u0259t v\u0259 qay\u011f\u0131s\u0131 say\u0259sind\u0259 Novruz bayram\u0131 g\u00fcnl\u0259rind\u0259 Bak\u0131 k\u00fc\u00e7\u0259l\u0259rind\u0259 insanlar k\u00fctl\u0259vi \u015f\u0259nlikl\u0259r\u0259 ba\u015flad\u0131lar.Ulu \u00d6nd\u0259r 1993-c\u00fc ild\u0259 xalq\u0131n t\u0259kidli t\u0259l\u0259bl\u0259ri il\u0259 hakimiyy\u0259t\u0259 qay\u0131d\u0131\u015f\u0131ndan sonra g\u0259nc m\u00fcst\u0259qil d\u00f6vl\u0259timizin siyasi v\u0259 iqtisadi \u0259saslar\u0131n\u0131 yaratmaqla yana\u015f\u0131, Az\u0259rbaycan xalq\u0131n\u0131n milli-m\u0259n\u0259vi irsini ehtiva ed\u0259n ideyan\u0131n \u2013 az\u0259rbaycan\u00e7\u0131l\u0131\u011f\u0131n t\u0259\u015f\u0259kk\u00fcl v\u0259 inki\u015faf\u0131na da m\u00fcst\u0259sna diqq\u0259t yetirdi. M\u00fcst\u0259qilliyimizin milli-ideoloji t\u0259m\u0259lini t\u0259\u015fkil ed\u0259n bu d\u0259y\u0259rl\u0259ri x\u00fcsusi qiym\u0259tl\u0259ndirdi, daim diqq\u0259t m\u0259rk\u0259zind\u0259 saxlad\u0131. \u00dcmummilli liderin milli ideologiyan\u0131n \u0259n m\u00fch\u00fcm istiqam\u0259tl\u0259rind\u0259n biri kimi d\u0259y\u0259rl\u0259ndirdiyi milli-m\u0259n\u0259vi d\u0259y\u0259rl\u0259r \u00f6z\u00fc d\u0259 m\u00fcr\u0259kk\u0259b daxili struktura malikdir. Burada Heyd\u0259r \u018fliyev bir ne\u00e7\u0259 t\u0259rkib hiss\u0259sini x\u00fcsusi qeyd edirdi: dil, din, ad\u0259t-\u0259n\u0259n\u0259 v\u0259 bunlar\u0131n i\u015f\u0131\u011f\u0131nda formala\u015fan milli mentalitet. \u018fsas\u0131 Heyd\u0259r \u018fliyev t\u0259r\u0259find\u0259n qoyulmu\u015f milli d\u00f6vl\u0259t\u00e7ilik konsepsiyas\u0131n\u0131 b\u00f6y\u00fck \u0259zml\u0259 h\u0259yata ke\u00e7ir\u0259n Az\u0259rbaycan Respublikas\u0131n\u0131n Prezidenti c\u0259nab \u0130lham \u018fliyevin h\u0259yata ke\u00e7irdiyi siyas\u0259td\u0259 d\u0259 xalq\u0131m\u0131z\u0131n milli-m\u0259n\u0259vi d\u0259y\u0259rl\u0259ri x\u00fcsusi yer\u0259 malikdir. Bu d\u0259y\u0259rl\u0259r \u00fcz\u0259rind\u0259 m\u00fc\u0259yy\u0259nl\u0259\u015f\u0259n az\u0259rbaycan\u00e7\u0131l\u0131q Az\u0259rbaycan\u0131n d\u00fcnya birliyin\u0259 inteqrasiyas\u0131n\u0131n ideya \u0259sas\u0131n\u0131 t\u0259\u015fkil edir. Biz bu ideya il\u0259 \u00f6z\u00fcm\u00fcz\u00fc d\u00fcnyaya tan\u0131d\u0131r, onu m\u00fct\u0259r\u0259qqi d\u00fcnya d\u0259y\u0259rl\u0259rini \u00f6z\u00fcnd\u0259 birl\u0259\u015fdir\u0259n ideologiya kimi t\u0259bli\u011f edirik. Avropa il\u0259 Asiyan\u0131n qovu\u015fu\u011funda yerl\u0259\u015f\u0259n Az\u0259rbaycan \u00fc\u00e7\u00fcn bu ideologiya m\u0259d\u0259niyy\u0259tl\u0259raras\u0131 dialoqa m\u00fch\u00fcm bir k\u00f6rp\u00fcd\u00fcr.<\/p>\n<p>Prezident \u0130lham \u018fliyevin haql\u0131 olaraq qeyd etdiyi kimi, bu g\u00fcn \u201cAz\u0259rbaycan\u0131n \u0259sas prioritetl\u0259rind\u0259n biri milli ad\u0259t-\u0259n\u0259n\u0259l\u0259rimizin t\u0259min olunmas\u0131 \u015f\u0259rtil\u0259 d\u00fcnya birliyin\u0259 inteqrasiya etm\u0259sidir\u201d. Bu interqrasiyada Az\u0259rbaycan\u0131n \u00f6z yerini tapmas\u0131, eyni zamanda, milli eyniyy\u0259tini, milli kimliyini qoruyub saxlamaq m\u00fcst\u0259sna \u0259h\u0259miyy\u0259t k\u0259sb edir ki, onu da da az\u0259rbaycan\u00e7\u0131l\u0131q f\u0259ls\u0259f\u0259si t\u0259min edir: \u201cAz\u0259rbaycan xalq\u0131 \u0259srl\u0259r boyu m\u00fcst\u0259qillik h\u0259sr\u0259tind\u0259 idi. Biz m\u00fcxt\u0259lif d\u00f6vrl\u0259rd\u0259 ba\u015fqa-ba\u015fqa d\u00f6vl\u0259tl\u0259rin t\u0259rkibind\u0259 ya\u015fam\u0131\u015f\u0131q. Amma \u00f6z milli x\u00fcsusiyy\u0259tl\u0259rimizi itirm\u0259mi\u015fik. N\u0259yin hesab\u0131na? Onun hesab\u0131na ki, \u00f6z ana dilimizi, m\u0259d\u0259niyy\u0259timizi saxlaya bilmi\u015fik, \u0259d\u0259biyyat\u0131m\u0131z inki\u015faf edib, milli \u0259n\u0259n\u0259l\u0259rimiz qorunub saxlan\u0131l\u0131bd\u0131r. Novruz beyn\u0259lxalq bayram statusu \u0259ld\u0259 etm\u0259kl\u0259 b\u00fct\u00fcn \u00f6lk\u0259l\u0259rin v\u0259 xalqlar\u0131n birl\u0259\u015fm\u0259sin\u0259, m\u0259d\u0259niyy\u0259tl\u0259raras\u0131 dialoqa v\u0259 anlay\u0131\u015fa t\u0259\u015fviq edilm\u0259sin\u0259, d\u00fcnyada s\u00fclh\u00fcn v\u0259 \u0259min-amanl\u0131\u011f\u0131n g\u00fccl\u0259ndirilm\u0259sin\u0259 s\u0259b\u0259b olmu\u015fdur.Bu g\u00fcn m\u00f6ht\u0259r\u0259m Prezidentimiz \u0130lham \u018fliyevin r\u0259hb\u0259rliyi alt\u0131nda m\u00fcst\u0259qil Az\u0259rbaycan d\u00f6vl\u0259ti tarixinin \u0259n b\u00f6y\u00fck y\u00fcks\u0259li\u015f d\u00f6vr\u00fcn\u00fc ya\u015fay\u0131r. Apar\u0131lan m\u0259qs\u0259dy\u00f6nl\u00fc daxili v\u0259 xarici siyas\u0259t hesab\u0131na \u0259ld\u0259 edilmi\u015f sosial-iqtisadi, m\u0259d\u0259ni nailiyy\u0259tl\u0259r xalq\u0131m\u0131z\u0131n bayram sevincini daha da art\u0131r\u0131r, bizl\u0259ri g\u0259l\u0259c\u0259y\u0259 ruhland\u0131r\u0131r.<\/p>\n<p><strong>Aynur H\u0259s\u0259nova,<\/strong><br \/>\n<em>YAP-\u0131n g\u0259nc f\u0259al\u0131<\/em><\/p>\n","protected":false},"excerpt":{"rendered":"<p>Bahar\u0131n g\u0259li\u015fi, torpa\u011f\u0131n oyanmas\u0131 d\u00f6vr\u00fcn\u0259 t\u0259sad\u00fcf ed\u0259n bu bayram xalq\u0131m\u0131z t\u0259r\u0259find\u0259n h\u0259mi\u015f\u0259 b\u00f6y\u00fck sevgi il\u0259 qeyd edilmi\u015f, he\u00e7 bir qada\u011fa, m\u0259hdudiyy\u0259t bu bayram\u0131 unutdura bilm\u0259mi\u015f, bir-birind\u0259n maraql\u0131 Novruz ad\u0259tl\u0259ri, inanclar\u0131 n\u0259sill\u0259rd\u0259n n\u0259sill\u0259r\u0259 \u00f6t\u00fcr\u00fclm\u00fc\u015fd\u00fcr. Sovet d\u00f6vr\u00fcn\u00fcn ilk onillikl\u0259rind\u0259 Novruz bayram\u0131na m\u00fc\u0259yy\u0259n qada\u011falar qoyulmu\u015fdu. H\u00f6kum\u0259t orqanlar\u0131 bu bayram\u0131n r\u0259smi s\u0259viyy\u0259d\u0259 ke\u00e7irilm\u0259sin\u0259 icaz\u0259 vermir, buna t\u0259\u015f\u0259bb\u00fcs g\u00f6st\u0259r\u0259n v\u0259t\u0259np\u0259rv\u0259r insanlar is\u0259 t\u0259qibl\u0259rl\u0259 \u00fczl\u0259\u015firdi. Bununla bel\u0259, \u0259srl\u0259rd\u0259n qalm\u0131\u015f \u0259n\u0259n\u0259l\u0259r\u0259 sadiq qalaraq, h\u0259r bir az\u0259rbaycanl\u0131 ail\u0259sind\u0259 bu bayram ilin \u0259n \u0259ziz g\u00fcnl\u0259ri kimi qeyd olunurdu. R\u0259smi t\u0259dbirl\u0259rd\u0259, radio v\u0259 televiziya verili\u015fl\u0259rind\u0259 Novruz bayram\u0131n\u0131n ad\u0131n\u0131 d\u0259yi\u015fdirib, gah&hellip;<\/p>\n","protected":false},"author":2,"featured_media":578365,"comment_status":"closed","ping_status":"closed","sticky":false,"template":"","format":"standard","meta":{"om_disable_all_campaigns":false,"_monsterinsights_skip_tracking":false,"_monsterinsights_sitenote_active":false,"_monsterinsights_sitenote_note":"","_monsterinsights_sitenote_category":0},"categories":[19],"tags":[],"aioseo_notices":[],"gutentor_comment":0,"rttpg_featured_image_url":{"full":["https:\/\/arantv.az\/wp-content\/uploads\/2023\/03\/77c493ec167904524246996679811039564.jpg",975,540,false],"landscape":["https:\/\/arantv.az\/wp-content\/uploads\/2023\/03\/77c493ec167904524246996679811039564.jpg",975,540,false],"portraits":["https:\/\/arantv.az\/wp-content\/uploads\/2023\/03\/77c493ec167904524246996679811039564.jpg",975,540,false],"thumbnail":["https:\/\/arantv.az\/wp-content\/uploads\/2023\/03\/77c493ec167904524246996679811039564-500x280.jpg",500,280,true],"medium":["https:\/\/arantv.az\/wp-content\/uploads\/2023\/03\/77c493ec167904524246996679811039564-660x365.jpg",660,365,true],"large":["https:\/\/arantv.az\/wp-content\/uploads\/2023\/03\/77c493ec167904524246996679811039564-840x465.jpg",640,354,true],"1536x1536":["https:\/\/arantv.az\/wp-content\/uploads\/2023\/03\/77c493ec167904524246996679811039564.jpg",975,540,false],"2048x2048":["https:\/\/arantv.az\/wp-content\/uploads\/2023\/03\/77c493ec167904524246996679811039564.jpg",975,540,false],"post-thumbnail":["https:\/\/arantv.az\/wp-content\/uploads\/2023\/03\/77c493ec167904524246996679811039564-240x172.jpg",240,172,true],"advps-thumb-one":["https:\/\/arantv.az\/wp-content\/uploads\/2023\/03\/77c493ec167904524246996679811039564.jpg",975,540,false]},"rttpg_author":{"display_name":"V\u00fcsal Rafiqo\u011flu","author_link":"https:\/\/arantv.az\/?author=2"},"rttpg_comment":0,"rttpg_category":"<a href=\"https:\/\/arantv.az\/?cat=19\" rel=\"category\">G\u00fcnd\u0259m<\/a>","rttpg_excerpt":"Bahar\u0131n g\u0259li\u015fi, torpa\u011f\u0131n oyanmas\u0131 d\u00f6vr\u00fcn\u0259 t\u0259sad\u00fcf ed\u0259n bu bayram xalq\u0131m\u0131z t\u0259r\u0259find\u0259n h\u0259mi\u015f\u0259 b\u00f6y\u00fck sevgi il\u0259 qeyd edilmi\u015f, he\u00e7 bir qada\u011fa, m\u0259hdudiyy\u0259t bu bayram\u0131 unutdura bilm\u0259mi\u015f, bir-birind\u0259n maraql\u0131 Novruz ad\u0259tl\u0259ri, inanclar\u0131 n\u0259sill\u0259rd\u0259n n\u0259sill\u0259r\u0259 \u00f6t\u00fcr\u00fclm\u00fc\u015fd\u00fcr. Sovet d\u00f6vr\u00fcn\u00fcn ilk onillikl\u0259rind\u0259 Novruz bayram\u0131na m\u00fc\u0259yy\u0259n qada\u011falar qoyulmu\u015fdu. H\u00f6kum\u0259t orqanlar\u0131 bu bayram\u0131n r\u0259smi s\u0259viyy\u0259d\u0259 ke\u00e7irilm\u0259sin\u0259 icaz\u0259 vermir, buna t\u0259\u015f\u0259bb\u00fcs g\u00f6st\u0259r\u0259n v\u0259t\u0259np\u0259rv\u0259r&hellip;","_links":{"self":[{"href":"https:\/\/arantv.az\/index.php?rest_route=\/wp\/v2\/posts\/578364"}],"collection":[{"href":"https:\/\/arantv.az\/index.php?rest_route=\/wp\/v2\/posts"}],"about":[{"href":"https:\/\/arantv.az\/index.php?rest_route=\/wp\/v2\/types\/post"}],"author":[{"embeddable":true,"href":"https:\/\/arantv.az\/index.php?rest_route=\/wp\/v2\/users\/2"}],"replies":[{"embeddable":true,"href":"https:\/\/arantv.az\/index.php?rest_route=%2Fwp%2Fv2%2Fcomments&post=578364"}],"version-history":[{"count":0,"href":"https:\/\/arantv.az\/index.php?rest_route=\/wp\/v2\/posts\/578364\/revisions"}],"wp:featuredmedia":[{"embeddable":true,"href":"https:\/\/arantv.az\/index.php?rest_route=\/wp\/v2\/media\/578365"}],"wp:attachment":[{"href":"https:\/\/arantv.az\/index.php?rest_route=%2Fwp%2Fv2%2Fmedia&parent=578364"}],"wp:term":[{"taxonomy":"category","embeddable":true,"href":"https:\/\/arantv.az\/index.php?rest_route=%2Fwp%2Fv2%2Fcategories&post=578364"},{"taxonomy":"post_tag","embeddable":true,"href":"https:\/\/arantv.az\/index.php?rest_route=%2Fwp%2Fv2%2Ftags&post=578364"}],"curies":[{"name":"wp","href":"https:\/\/api.w.org\/{rel}","templated":true}]}}