{"id":578370,"date":"2023-03-18T10:47:14","date_gmt":"2023-03-18T07:47:14","guid":{"rendered":"https:\/\/arantv.az\/?p=578370"},"modified":"2023-03-18T10:47:14","modified_gmt":"2023-03-18T07:47:14","slug":"novruz-bayraminin-uzun-ill%c9%99r-qorunub-saxlanilmasi-milli-kokl%c9%99rimiz%c9%99-bagli-oldugumuzu-gost%c9%99rir","status":"publish","type":"post","link":"https:\/\/arantv.az\/?p=578370","title":{"rendered":"Novruz bayram\u0131n\u0131n uzun ill\u0259r qorunub saxlan\u0131lmas\u0131 milli k\u00f6kl\u0259rimiz\u0259 ba\u011fl\u0131 oldu\u011fumuzu g\u00f6st\u0259rir"},"content":{"rendered":"<p>T\u0259bi\u0259tin, h\u0259yat\u0131n oyanmas\u0131 Novruzdan ba\u015flan\u0131r. Az\u0259rbaycan xalq\u0131 bunu \u00e7ox t\u0259nt\u0259n\u0259li v\u0259 h\u0259m d\u0259 Yeni ilin, yeni g\u00fcn\u00fcn \u2013 Novruzun g\u0259li\u015fin\u0259 \u0259n az\u0131 d\u00f6rd h\u0259ft\u0259 \u0259vv\u0259ld\u0259n qeyd etm\u0259y\u0259 ba\u015flay\u0131r. Bel\u0259 ki, h\u0259r h\u0259ft\u0259nin ikinci g\u00fcnl\u0259ri Su \u00e7\u0259r\u015f\u0259nb\u0259si, Od \u00e7\u0259r\u015f\u0259nb\u0259si, Yel \u00e7\u0259r\u015f\u0259nb\u0259si v\u0259 Torpaq \u00e7\u0259r\u015f\u0259nb\u0259si qeyd olunur. Novruz bayram\u0131 \u015f\u0259nliyi\u00a0\u015eimal yar\u0131mk\u00fcr\u0259sin\u0259, Az\u0259rbaycana yaz\u0131n g\u0259li\u015fini simvoliz\u0259 ed\u0259n, \u00e7ox q\u0259dim zamanlardan xalq aras\u0131nda bir \u0259n\u0259n\u0259y\u0259 \u00e7evril\u0259n q\u0259dim xalq bayram\u0131d\u0131r Novruz bayram\u0131 t\u0259qvimin ilk g\u00fcn\u00fc hesab olunur v\u0259 yeni il 21 mart tarixind\u0259 ba\u015flay\u0131r. Novruz bayram\u0131 2009 \u2013 cu ild\u0259 YUNESKO t\u0259r\u0259find\u0259n qeyri -maddi m\u0259d\u0259ni irs siyah\u0131s\u0131na daxil edilmi\u015f, 2010 \u2013 cu ild\u0259 is\u0259 BMT Ba\u015f Asambleyas\u0131n\u0131n 64-c\u00fc sessiyas\u0131n\u0131n iclas\u0131nda 21 mart tarixi \u201d Beyn\u0259lxalq Novruz G\u00fcn\u00fc\u201d elan edilmi\u015fdir. Hal haz\u0131rda da bu bayram eyni qayda il\u0259 qeyd olunur. Q\u0259dim k\u00f6kl\u0259r\u0259 malik olan bu bayram bir \u00e7ox ad\u0259t v\u0259 \u0259n\u0259n\u0259l\u0259r\u0259 malikdir. Bu ad\u0259t \u0259n\u0259n\u0259l\u0259r m\u0259hv olan v\u0259 canlanan t\u0259bi\u0259tl\u0259, sehrli q\u00fcvv\u0259l\u0259rl\u0259 ba\u011fl\u0131d\u0131r. Az\u0259rbaycana r\u0259hb\u0259rliyinin birinci d\u00f6vr\u00fcnd\u0259 xalq\u0131m\u0131z\u0131n \u00dcmummilli Lideri Heyd\u0259r \u018fliyev sovet hakimiyy\u0259tinin qada\u011falar\u0131na baxmayaraq, milli ruhun y\u00fcks\u0259li\u015fin\u0259 t\u0259kan ver\u0259n amill\u0259r\u0259 x\u00fcsusi h\u00f6rm\u0259tl\u0259 yana\u015fm\u0131\u015fd\u0131r.<\/p>\n<p>Milli ad\u0259t-\u0259n\u0259n\u0259l\u0259rimiz\u0259, o c\u00fcml\u0259d\u0259n Novruz bayram\u0131na y\u00fcks\u0259k qiym\u0259t ver\u0259n Ulu \u00d6nd\u0259r Heyd\u0259r \u018fliyev bu bayram haqq\u0131nda demi\u015fdir: \u201cNovruz xalq\u0131m\u0131z\u0131n \u0259srl\u0259rd\u0259n b\u0259ri qoruyub saxlad\u0131\u011f\u0131 v\u0259 b\u00fct\u00fcn d\u00f6vrl\u0259rd\u0259 h\u0259mi\u015f\u0259 \u0259ziz tutdu\u011fu bayramlardan biridir.\u00a0 Onun tarixi d\u0259 Az\u0259rbaycan xalq\u0131n\u0131n tarixi kimi ke\u015fm\u0259ke\u015fli, eni\u015fli-yoxu\u015flu olmu\u015fdur. Bu ulu bayram\u0131n m\u00fcst\u0259qil respublikam\u0131zda d\u00f6vl\u0259t s\u0259viyy\u0259sind\u0259 qeyd edilm\u0259si \u00f6z milli k\u00f6kl\u0259rimiz\u0259, ad\u0259t-\u0259n\u0259n\u0259l\u0259rimiz\u0259, tarixi ke\u00e7mi\u015fimiz\u0259 d\u0259rin ehtiram b\u0259sl\u0259diyimizi v\u0259 sars\u0131lmaz tell\u0259rl\u0259 ba\u011fl\u0131 oldu\u011fumuzu n\u00fcmayi\u015f etdirir\u201d.\u00a0 Novruz \u015f\u0259nlikl\u0259rind\u0259 yaranan xo\u015f \u00fcnsiyy\u0259t insanlar\u0131 h\u0259m bir-biri il\u0259, h\u0259m d\u0259 do\u011fma torpaqla daha s\u0131x ba\u011flay\u0131r. T\u0259bi\u0259tin oyan\u0131\u015f\u0131n\u0131n m\u00fcjd\u0259sini ver\u0259n Novruz bayram\u0131 h\u0259yat v\u0259 m\u0259i\u015f\u0259timiz\u0259 daxil olmu\u015f,\u00a0 xo\u015fb\u0259xt g\u0259l\u0259c\u0259y\u0259 v\u0259\u00a0 i\u015f\u0131ql\u0131 sabaha inam duy\u011fusu b\u0259x\u015f etmi\u015fdir.<\/p>\n<p><strong>S\u00fcbhan \u018fr\u0259bi,<\/strong><br \/>\n<em>YAP-\u0131n g\u0259nc f\u0259al\u0131<\/em><\/p>\n","protected":false},"excerpt":{"rendered":"<p>T\u0259bi\u0259tin, h\u0259yat\u0131n oyanmas\u0131 Novruzdan ba\u015flan\u0131r. Az\u0259rbaycan xalq\u0131 bunu \u00e7ox t\u0259nt\u0259n\u0259li v\u0259 h\u0259m d\u0259 Yeni ilin, yeni g\u00fcn\u00fcn \u2013 Novruzun g\u0259li\u015fin\u0259 \u0259n az\u0131 d\u00f6rd h\u0259ft\u0259 \u0259vv\u0259ld\u0259n qeyd etm\u0259y\u0259 ba\u015flay\u0131r. Bel\u0259 ki, h\u0259r h\u0259ft\u0259nin ikinci g\u00fcnl\u0259ri Su \u00e7\u0259r\u015f\u0259nb\u0259si, Od \u00e7\u0259r\u015f\u0259nb\u0259si, Yel \u00e7\u0259r\u015f\u0259nb\u0259si v\u0259 Torpaq \u00e7\u0259r\u015f\u0259nb\u0259si qeyd olunur. Novruz bayram\u0131 \u015f\u0259nliyi\u00a0\u015eimal yar\u0131mk\u00fcr\u0259sin\u0259, Az\u0259rbaycana yaz\u0131n g\u0259li\u015fini simvoliz\u0259 ed\u0259n, \u00e7ox q\u0259dim zamanlardan xalq aras\u0131nda bir \u0259n\u0259n\u0259y\u0259 \u00e7evril\u0259n q\u0259dim xalq bayram\u0131d\u0131r Novruz bayram\u0131 t\u0259qvimin ilk g\u00fcn\u00fc hesab olunur v\u0259 yeni il 21 mart tarixind\u0259 ba\u015flay\u0131r. Novruz bayram\u0131 2009 \u2013 cu ild\u0259 YUNESKO t\u0259r\u0259find\u0259n qeyri -maddi m\u0259d\u0259ni&hellip;<\/p>\n","protected":false},"author":2,"featured_media":578371,"comment_status":"closed","ping_status":"closed","sticky":false,"template":"","format":"standard","meta":{"om_disable_all_campaigns":false,"_monsterinsights_skip_tracking":false,"_monsterinsights_sitenote_active":false,"_monsterinsights_sitenote_note":"","_monsterinsights_sitenote_category":0},"categories":[1],"tags":[],"aioseo_notices":[],"gutentor_comment":0,"rttpg_featured_image_url":{"full":["https:\/\/arantv.az\/wp-content\/uploads\/2023\/03\/cb7c403a167904493680776523510274513.jpg",975,540,false],"landscape":["https:\/\/arantv.az\/wp-content\/uploads\/2023\/03\/cb7c403a167904493680776523510274513.jpg",975,540,false],"portraits":["https:\/\/arantv.az\/wp-content\/uploads\/2023\/03\/cb7c403a167904493680776523510274513.jpg",975,540,false],"thumbnail":["https:\/\/arantv.az\/wp-content\/uploads\/2023\/03\/cb7c403a167904493680776523510274513-500x280.jpg",500,280,true],"medium":["https:\/\/arantv.az\/wp-content\/uploads\/2023\/03\/cb7c403a167904493680776523510274513-660x365.jpg",660,365,true],"large":["https:\/\/arantv.az\/wp-content\/uploads\/2023\/03\/cb7c403a167904493680776523510274513-840x465.jpg",640,354,true],"1536x1536":["https:\/\/arantv.az\/wp-content\/uploads\/2023\/03\/cb7c403a167904493680776523510274513.jpg",975,540,false],"2048x2048":["https:\/\/arantv.az\/wp-content\/uploads\/2023\/03\/cb7c403a167904493680776523510274513.jpg",975,540,false],"post-thumbnail":["https:\/\/arantv.az\/wp-content\/uploads\/2023\/03\/cb7c403a167904493680776523510274513-240x172.jpg",240,172,true],"advps-thumb-one":["https:\/\/arantv.az\/wp-content\/uploads\/2023\/03\/cb7c403a167904493680776523510274513.jpg",975,540,false]},"rttpg_author":{"display_name":"V\u00fcsal Rafiqo\u011flu","author_link":"https:\/\/arantv.az\/?author=2"},"rttpg_comment":0,"rttpg_category":"<a href=\"https:\/\/arantv.az\/?cat=1\" rel=\"category\">C\u0259miyy\u0259t<\/a>","rttpg_excerpt":"T\u0259bi\u0259tin, h\u0259yat\u0131n oyanmas\u0131 Novruzdan ba\u015flan\u0131r. Az\u0259rbaycan xalq\u0131 bunu \u00e7ox t\u0259nt\u0259n\u0259li v\u0259 h\u0259m d\u0259 Yeni ilin, yeni g\u00fcn\u00fcn \u2013 Novruzun g\u0259li\u015fin\u0259 \u0259n az\u0131 d\u00f6rd h\u0259ft\u0259 \u0259vv\u0259ld\u0259n qeyd etm\u0259y\u0259 ba\u015flay\u0131r. Bel\u0259 ki, h\u0259r h\u0259ft\u0259nin ikinci g\u00fcnl\u0259ri Su \u00e7\u0259r\u015f\u0259nb\u0259si, Od \u00e7\u0259r\u015f\u0259nb\u0259si, Yel \u00e7\u0259r\u015f\u0259nb\u0259si v\u0259 Torpaq \u00e7\u0259r\u015f\u0259nb\u0259si qeyd olunur. Novruz bayram\u0131 \u015f\u0259nliyi\u00a0\u015eimal yar\u0131mk\u00fcr\u0259sin\u0259, Az\u0259rbaycana yaz\u0131n g\u0259li\u015fini simvoliz\u0259 ed\u0259n, \u00e7ox&hellip;","_links":{"self":[{"href":"https:\/\/arantv.az\/index.php?rest_route=\/wp\/v2\/posts\/578370"}],"collection":[{"href":"https:\/\/arantv.az\/index.php?rest_route=\/wp\/v2\/posts"}],"about":[{"href":"https:\/\/arantv.az\/index.php?rest_route=\/wp\/v2\/types\/post"}],"author":[{"embeddable":true,"href":"https:\/\/arantv.az\/index.php?rest_route=\/wp\/v2\/users\/2"}],"replies":[{"embeddable":true,"href":"https:\/\/arantv.az\/index.php?rest_route=%2Fwp%2Fv2%2Fcomments&post=578370"}],"version-history":[{"count":0,"href":"https:\/\/arantv.az\/index.php?rest_route=\/wp\/v2\/posts\/578370\/revisions"}],"wp:featuredmedia":[{"embeddable":true,"href":"https:\/\/arantv.az\/index.php?rest_route=\/wp\/v2\/media\/578371"}],"wp:attachment":[{"href":"https:\/\/arantv.az\/index.php?rest_route=%2Fwp%2Fv2%2Fmedia&parent=578370"}],"wp:term":[{"taxonomy":"category","embeddable":true,"href":"https:\/\/arantv.az\/index.php?rest_route=%2Fwp%2Fv2%2Fcategories&post=578370"},{"taxonomy":"post_tag","embeddable":true,"href":"https:\/\/arantv.az\/index.php?rest_route=%2Fwp%2Fv2%2Ftags&post=578370"}],"curies":[{"name":"wp","href":"https:\/\/api.w.org\/{rel}","templated":true}]}}