{"id":578378,"date":"2023-03-18T10:56:24","date_gmt":"2023-03-18T07:56:24","guid":{"rendered":"https:\/\/arantv.az\/?p=578378"},"modified":"2023-03-18T10:56:24","modified_gmt":"2023-03-18T07:56:24","slug":"canaqqala-z%c9%99f%c9%99rinin-108-ci-ildonumudur-foto","status":"publish","type":"post","link":"https:\/\/arantv.az\/?p=578378","title":{"rendered":"\u00c7anaqqala z\u0259f\u0259rinin 108-ci ild\u00f6n\u00fcm\u00fcd\u00fcr &#8211; FOTO"},"content":{"rendered":"<p>Bu g\u00fcn T\u00fcrkiy\u0259nin \u00c7anaqqala z\u0259f\u0259rinin 108-ci ild\u00f6n\u00fcm\u00fcd\u00fcr.<\/p>\n<p>Birinci D\u00fcnya m\u00fcharib\u0259sind\u0259 \u201c\u00dc\u00e7l\u0259r \u0130ttifaq\u0131\u201d\u00a0t\u0259r\u0259find\u0259 d\u00f6y\u00fc\u015f\u0259 gir\u0259n Osmanl\u0131 imperiyas\u0131 \u00c7anaqqala c\u0259bh\u0259sind\u0259 m\u00fcbariz\u0259 apar\u0131b.<\/p>\n<p>T\u00fcrkiy\u0259 tarixinin d\u00f6n\u00fc\u015f n\u00f6qt\u0259l\u0259rind\u0259n biri olan \u00c7anaqqala m\u00fcharib\u0259si 19 fevral 1915-ci ild\u0259 \u00c7anaqqala bo\u011faz\u0131nda (Dardanel) d\u0259niz d\u00f6y\u00fc\u015f\u00fc il\u0259 ba\u015flay\u0131b. 325 g\u00fcn davam ed\u0259n d\u00f6y\u00fc\u015fl\u0259r 1916-c\u0131 il yanvar\u0131n 9-da t\u00fcrk ordusunun q\u0259l\u0259b\u0259si il\u0259 ba\u015fa \u00e7atd\u0131.<\/p>\n<p>1915-ci il mart\u0131n 18-d\u0259 \u00c7anaqqalada \u0259ld\u0259 edil\u0259n d\u0259niz z\u0259f\u0259ri T\u00fcrkiy\u0259nin g\u0259l\u0259c\u0259yi \u00fc\u00e7\u00fcn d\u00f6n\u00fc\u015f n\u00f6qt\u0259si olub.<\/p>\n<p>Qeyd ed\u0259k ki, Osmanl\u0131 arxivl\u0259rind\u0259 Qafqaz c\u0259bh\u0259sind\u0259n \u00c7anaqqala d\u00f6y\u00fc\u015f\u00fcnd\u0259 vuru\u015fan Az\u0259rbaycan k\u00f6n\u00fcll\u00fcl\u0259ri il\u0259 ba\u011fl\u0131 bir \u00e7ox s\u0259n\u0259dl\u0259r var.<\/p>\n<p>Z\u0259f\u0259rin ild\u00f6n\u00fcm\u00fc il\u0259 ba\u011fl\u0131 t\u0259\u015fkil olunacaq t\u0259dbird\u0259 T\u00fcrkiy\u0259 Prezidenti R\u0259c\u0259b Tayyib \u018frdo\u011fan da i\u015ftirak ed\u0259c\u0259k. Q\u0259l\u0259b\u0259nin ild\u00f6n\u00fcm\u00fcnd\u0259 \u015e\u0259hidl\u0259r abid\u0259si v\u0259 S\u0259dd\u00fclbahir qalas\u0131nda iki f\u0259rqli an\u0131m proqram\u0131 t\u0259\u015fkil olunacaq. \u0130lk m\u0259rasim C\u00fcmhuriyy\u0259t meydan\u0131nda ke\u00e7iril\u0259c\u0259k.<\/p>\n<p>&nbsp;<\/p>\n<div class=\"gallery\">\n<div class=\"gallery-i\"><img src=\"https:\/\/cdn.oxu.az\/uploads\/W1siZiIsIjIwMjMvMDMvMTgvMDkvMzYvNDIvOGRhNTdkMDMtNjllOC00ZDNiLWE4YjctNTAwZTJiNzRmOTk0LzEyODI2LTMxMDU3NzkxMzQuanBnIl0sWyJwIiwiZW5jb2RlIiwianBnIiwiLXF1YWxpdHkgODAiXSxbInAiLCJ0aHVtYiIsIjU5MHg1OTBcdTAwM2UiXV0?sha=6ba38f82411936fa\" alt=\"\" \/><\/p>\n<div class=\"gallery-i-caption\"><\/div>\n<\/div>\n<\/div>\n<p>M\u0259nb\u0259: TRT Haber<\/p>\n","protected":false},"excerpt":{"rendered":"<p>Bu g\u00fcn T\u00fcrkiy\u0259nin \u00c7anaqqala z\u0259f\u0259rinin 108-ci ild\u00f6n\u00fcm\u00fcd\u00fcr. Birinci D\u00fcnya m\u00fcharib\u0259sind\u0259 \u201c\u00dc\u00e7l\u0259r \u0130ttifaq\u0131\u201d\u00a0t\u0259r\u0259find\u0259 d\u00f6y\u00fc\u015f\u0259 gir\u0259n Osmanl\u0131 imperiyas\u0131 \u00c7anaqqala c\u0259bh\u0259sind\u0259 m\u00fcbariz\u0259 apar\u0131b. T\u00fcrkiy\u0259 tarixinin d\u00f6n\u00fc\u015f n\u00f6qt\u0259l\u0259rind\u0259n biri olan \u00c7anaqqala m\u00fcharib\u0259si 19 fevral 1915-ci ild\u0259 \u00c7anaqqala bo\u011faz\u0131nda (Dardanel) d\u0259niz d\u00f6y\u00fc\u015f\u00fc il\u0259 ba\u015flay\u0131b. 325 g\u00fcn davam ed\u0259n d\u00f6y\u00fc\u015fl\u0259r 1916-c\u0131 il yanvar\u0131n 9-da t\u00fcrk ordusunun q\u0259l\u0259b\u0259si il\u0259 ba\u015fa \u00e7atd\u0131. 1915-ci il mart\u0131n 18-d\u0259 \u00c7anaqqalada \u0259ld\u0259 edil\u0259n d\u0259niz z\u0259f\u0259ri T\u00fcrkiy\u0259nin g\u0259l\u0259c\u0259yi \u00fc\u00e7\u00fcn d\u00f6n\u00fc\u015f n\u00f6qt\u0259si olub. Qeyd ed\u0259k ki, Osmanl\u0131 arxivl\u0259rind\u0259 Qafqaz c\u0259bh\u0259sind\u0259n \u00c7anaqqala d\u00f6y\u00fc\u015f\u00fcnd\u0259 vuru\u015fan Az\u0259rbaycan k\u00f6n\u00fcll\u00fcl\u0259ri il\u0259 ba\u011fl\u0131 bir \u00e7ox s\u0259n\u0259dl\u0259r var. Z\u0259f\u0259rin ild\u00f6n\u00fcm\u00fc il\u0259&hellip;<\/p>\n","protected":false},"author":2,"featured_media":578379,"comment_status":"closed","ping_status":"closed","sticky":false,"template":"","format":"standard","meta":{"om_disable_all_campaigns":false,"_monsterinsights_skip_tracking":false,"_monsterinsights_sitenote_active":false,"_monsterinsights_sitenote_note":"","_monsterinsights_sitenote_category":0},"categories":[7],"tags":[],"aioseo_notices":[],"gutentor_comment":0,"rttpg_featured_image_url":{"full":["https:\/\/arantv.az\/wp-content\/uploads\/2023\/03\/FotoJet-70-1.jpg",620,413,false],"landscape":["https:\/\/arantv.az\/wp-content\/uploads\/2023\/03\/FotoJet-70-1.jpg",620,413,false],"portraits":["https:\/\/arantv.az\/wp-content\/uploads\/2023\/03\/FotoJet-70-1.jpg",620,413,false],"thumbnail":["https:\/\/arantv.az\/wp-content\/uploads\/2023\/03\/FotoJet-70-1-500x280.jpg",500,280,true],"medium":["https:\/\/arantv.az\/wp-content\/uploads\/2023\/03\/FotoJet-70-1-548x365.jpg",548,365,true],"large":["https:\/\/arantv.az\/wp-content\/uploads\/2023\/03\/FotoJet-70-1.jpg",620,413,false],"1536x1536":["https:\/\/arantv.az\/wp-content\/uploads\/2023\/03\/FotoJet-70-1.jpg",620,413,false],"2048x2048":["https:\/\/arantv.az\/wp-content\/uploads\/2023\/03\/FotoJet-70-1.jpg",620,413,false],"post-thumbnail":["https:\/\/arantv.az\/wp-content\/uploads\/2023\/03\/FotoJet-70-1-240x172.jpg",240,172,true],"advps-thumb-one":["https:\/\/arantv.az\/wp-content\/uploads\/2023\/03\/FotoJet-70-1.jpg",620,413,false]},"rttpg_author":{"display_name":"V\u00fcsal Rafiqo\u011flu","author_link":"https:\/\/arantv.az\/?author=2"},"rttpg_comment":0,"rttpg_category":"<a href=\"https:\/\/arantv.az\/?cat=7\" rel=\"category\">D\u00fcnya<\/a>","rttpg_excerpt":"Bu g\u00fcn T\u00fcrkiy\u0259nin \u00c7anaqqala z\u0259f\u0259rinin 108-ci ild\u00f6n\u00fcm\u00fcd\u00fcr. Birinci D\u00fcnya m\u00fcharib\u0259sind\u0259 \u201c\u00dc\u00e7l\u0259r \u0130ttifaq\u0131\u201d\u00a0t\u0259r\u0259find\u0259 d\u00f6y\u00fc\u015f\u0259 gir\u0259n Osmanl\u0131 imperiyas\u0131 \u00c7anaqqala c\u0259bh\u0259sind\u0259 m\u00fcbariz\u0259 apar\u0131b. T\u00fcrkiy\u0259 tarixinin d\u00f6n\u00fc\u015f n\u00f6qt\u0259l\u0259rind\u0259n biri olan \u00c7anaqqala m\u00fcharib\u0259si 19 fevral 1915-ci ild\u0259 \u00c7anaqqala bo\u011faz\u0131nda (Dardanel) d\u0259niz d\u00f6y\u00fc\u015f\u00fc il\u0259 ba\u015flay\u0131b. 325 g\u00fcn davam ed\u0259n d\u00f6y\u00fc\u015fl\u0259r 1916-c\u0131 il yanvar\u0131n 9-da t\u00fcrk ordusunun q\u0259l\u0259b\u0259si il\u0259 ba\u015fa \u00e7atd\u0131. 1915-ci&hellip;","_links":{"self":[{"href":"https:\/\/arantv.az\/index.php?rest_route=\/wp\/v2\/posts\/578378"}],"collection":[{"href":"https:\/\/arantv.az\/index.php?rest_route=\/wp\/v2\/posts"}],"about":[{"href":"https:\/\/arantv.az\/index.php?rest_route=\/wp\/v2\/types\/post"}],"author":[{"embeddable":true,"href":"https:\/\/arantv.az\/index.php?rest_route=\/wp\/v2\/users\/2"}],"replies":[{"embeddable":true,"href":"https:\/\/arantv.az\/index.php?rest_route=%2Fwp%2Fv2%2Fcomments&post=578378"}],"version-history":[{"count":0,"href":"https:\/\/arantv.az\/index.php?rest_route=\/wp\/v2\/posts\/578378\/revisions"}],"wp:featuredmedia":[{"embeddable":true,"href":"https:\/\/arantv.az\/index.php?rest_route=\/wp\/v2\/media\/578379"}],"wp:attachment":[{"href":"https:\/\/arantv.az\/index.php?rest_route=%2Fwp%2Fv2%2Fmedia&parent=578378"}],"wp:term":[{"taxonomy":"category","embeddable":true,"href":"https:\/\/arantv.az\/index.php?rest_route=%2Fwp%2Fv2%2Fcategories&post=578378"},{"taxonomy":"post_tag","embeddable":true,"href":"https:\/\/arantv.az\/index.php?rest_route=%2Fwp%2Fv2%2Ftags&post=578378"}],"curies":[{"name":"wp","href":"https:\/\/api.w.org\/{rel}","templated":true}]}}