{"id":578388,"date":"2023-03-18T11:01:06","date_gmt":"2023-03-18T08:01:06","guid":{"rendered":"https:\/\/arantv.az\/?p=578388"},"modified":"2023-03-18T11:01:06","modified_gmt":"2023-03-18T08:01:06","slug":"ilham-%c9%99liyevin-almaniya-s%c9%99f%c9%99ri-v%c9%99-erm%c9%99nil%c9%99ri-m%c9%99yus-ed%c9%99n-s%c9%99b%c9%99bl%c9%99r-kaspinin-arasdirmasi-foto","status":"publish","type":"post","link":"https:\/\/arantv.az\/?p=578388","title":{"rendered":"\u0130lham \u018fliyevin Almaniya s\u0259f\u0259ri v\u0259 erm\u0259nil\u0259ri m\u0259yus ed\u0259n s\u0259b\u0259bl\u0259r &#8211; \u201cKaspi\u201dnin ARA\u015eDIRMASI + FOTO"},"content":{"rendered":"<p>Prezident\u00a0<strong>\u0130lham \u018fliyevin<\/strong>\u00a0Almaniyaya i\u015fg\u00fczar s\u0259f\u0259ri iki \u00f6lk\u0259 aras\u0131nda m\u00fcnasib\u0259tl\u0259rin daha da g\u00fccl\u0259ndirilm\u0259sin\u0259, \u0259m\u0259kda\u015fl\u0131\u011f\u0131n geni\u015fl\u0259ndirilm\u0259sin\u0259 m\u00fch\u00fcm t\u00f6hf\u0259 ver\u0259c\u0259k, m\u00fcnasib\u0259tl\u0259ri yeni m\u00fcst\u0259viy\u0259 da\u015f\u0131yacaq. Diqq\u0259ti \u00e7\u0259k\u0259n x\u00fcsusi m\u0259qam Almaniya r\u0259smil\u0259rinin Az\u0259rbaycan\u0131n \u0259razi b\u00fct\u00f6vl\u00fcy\u00fcn\u0259, suverenliyin\u0259 n\u00f6vb\u0259ti d\u0259f\u0259 d\u0259st\u0259k ifad\u0259 etm\u0259l\u0259ridir.<\/p>\n<p>M\u00f6vzuyla ba\u011fl\u0131\u00a0<a href=\"http:\/\/kaspi.az\/almaniya-ermenileri-meyus-etdi?fbclid=IwAR22oXlBpBynl81tpQwAC6obhePyQY9NS3qfu176LCizCakOhuWhT4vFX-g\" target=\"_blank\" rel=\"noopener\"><strong>\u201cKaspi\u201d\u00a0<\/strong><\/a>q\u0259zetinin m\u00fcsahib\u0259sini t\u0259qdim edirik.<\/p>\n<p>Prezident \u0130lham \u018fliyevin q\u0131sa zaman k\u0259siyind\u0259 Almaniyaya ikinci d\u0259f\u0259 s\u0259f\u0259r etm\u0259si C\u0259nubi Qafqaz \u00fc\u00e7\u00fcn m\u00fch\u00fcm iqtisadi v\u0259 geosiyasi \u0259h\u0259miyy\u0259t\u0259 malikdir. Qeyd ed\u0259k ki, Almaniya Az\u0259rbaycan\u0131n Avropada \u0259n vacib siyasi-iqtisadi t\u0259r\u0259fda\u015flar\u0131ndan biridir. \u0130ki \u00f6lk\u0259 aras\u0131nda siyasi m\u00fcnasib\u0259tl\u0259rin y\u00fcks\u0259k s\u0259viyy\u0259si qar\u015f\u0131l\u0131ql\u0131 s\u0259f\u0259rl\u0259r v\u0259 intensiv parlamentl\u0259raras\u0131 \u0259m\u0259kda\u015fl\u0131qda \u00f6z \u0259ksini tap\u0131b. \u00d6lk\u0259l\u0259rimiz aras\u0131nda diplomatik m\u00fcnasib\u0259tl\u0259rin qurulmas\u0131n\u0131n 30 illiyinin qeyd olundu\u011fu 2022-ci ilin yekunlar\u0131na g\u00f6r\u0259, Az\u0259rbaycanla Almaniya aras\u0131nda ticar\u0259t d\u00f6vriyy\u0259si, qar\u015f\u0131l\u0131ql\u0131 ixrac art\u0131b.<\/p>\n<p><img src=\"https:\/\/cdn.oxu.az\/uploads\/W1siZiIsIjIwMjMvMDMvMTgvMTAvMDAvMjIvZDc1YjUyZmItN2IzMS00YTNiLWEzYjMtMGVjZGFmNzYyMTAxLzIuanBnIl0sWyJwIiwiZW5jb2RlIiwianBnIiwiLXF1YWxpdHkgODAiXSxbInAiLCJ0aHVtYiIsIjU5MHg1OTBcdTAwM2UiXV0?sha=660c906e5e62bb34\" alt=\"\" \/><\/p>\n<p><strong>\u0130nki\u015faf ed\u0259n siyasi-iqtisadi \u0259laq\u0259l\u0259r<\/strong><\/p>\n<p>\u00d6t\u0259n il iki \u00f6lk\u0259 aras\u0131nda \u00fcmumi ticar\u0259t d\u00f6vriyy\u0259sinin h\u0259cmi 1 milyard 255 milyon AB\u015e dollar\u0131 olub v\u0259 Almaniya Az\u0259rbaycan\u0131n xarici ticar\u0259t d\u00f6vriyy\u0259sind\u0259 \u0259sas \u00f6lk\u0259l\u0259r s\u0131ras\u0131nda 8-ci yeri tutub. H\u0259min il Az\u0259rbaycandan Almaniyaya ixrac olunan m\u0259hsullar\u0131n d\u0259y\u0259ri 591,3 milyon dollar t\u0259\u015fkil edib. Az\u0259rbaycanda qeydiyyatdan ke\u00e7mi\u015f 239 alman \u015firk\u0259ti var v\u0259 haz\u0131rda onlardan 166-s\u0131n\u0131n f\u0259aliyy\u0259ti aktivdir. Bu \u015firk\u0259tl\u0259r s\u0259naye, k\u0259nd t\u0259s\u0259rr\u00fcfat\u0131, n\u0259qliyyat, rabit\u0259, tikinti, bank, s\u0131\u011forta, ticar\u0259t v\u0259 xidm\u0259t sah\u0259sind\u0259 f\u0259aliyy\u0259t g\u00f6st\u0259rirl\u0259r. Almaniya \u015firk\u0259tl\u0259ri i\u015f\u011faldan azad edilmi\u015f \u0259razil\u0259rd\u0259 apar\u0131lan b\u0259rpa-quruculuq i\u015fl\u0259rind\u0259 i\u015ftiraka da maraq g\u00f6st\u0259rirl\u0259r v\u0259 bununla ba\u011fl\u0131 m\u00fcraci\u0259t edibl\u0259r. \u00dcmumiyy\u0259tl\u0259, Almaniya Az\u0259rbaycan\u0131 C\u0259nubi Qafqazda vacib t\u0259r\u0259fda\u015f kimi q\u0259bul edir, \u00f6lk\u0259mizin regionda lider m\u00f6vqeyini, h\u0259m\u00e7inin beyn\u0259lxalq s\u0259viyy\u0259d\u0259 tan\u0131nm\u0131\u015f s\u0259rh\u0259dl\u0259ri daxilind\u0259 suverenliyini v\u0259 \u0259razi b\u00fct\u00f6vl\u00fcy\u00fcn\u00fc tam d\u0259st\u0259kl\u0259yir. Eyni zamanda, bu \u00f6lk\u0259 Az\u0259rbaycan\u0131n Avropan\u0131n enerji t\u0259hl\u00fck\u0259sizliyinin t\u0259min olunmas\u0131nda m\u00fch\u00fcm rolunu t\u0259qdir edir.<\/p>\n<p><img src=\"https:\/\/cdn.oxu.az\/uploads\/W1siZiIsIjIwMjMvMDMvMTgvMTAvMDAvMjIvYjU4MmVmOTItZDllOC00YjBkLTljYzUtMDQ1MDEzNjhkZjNhLzMuanBnIl0sWyJwIiwiZW5jb2RlIiwianBnIiwiLXF1YWxpdHkgODAiXSxbInAiLCJ0aHVtYiIsIjU5MHg1OTBcdTAwM2UiXV0?sha=f44369617c349e89\" alt=\"\" \/><\/p>\n<p><strong>\u018frazi b\u00fct\u00f6vl\u00fcy\u00fcn\u0259, suverenliy\u0259 d\u0259st\u0259k<\/strong><\/p>\n<p>Prezident \u0130lham \u018fliyevin mart\u0131n 13-14-d\u0259 Almaniyaya i\u015fg\u00fczar s\u0259f\u0259ri iki \u00f6lk\u0259 aras\u0131nda m\u00fcnasib\u0259tl\u0259rin daha da g\u00fccl\u0259ndirilm\u0259sin\u0259, \u0259m\u0259kda\u015fl\u0131\u011f\u0131n geni\u015fl\u0259ndirilm\u0259sin\u0259 m\u00fch\u00fcm t\u00f6hf\u0259 ver\u0259c\u0259k, m\u00fcnasib\u0259tl\u0259ri yeni m\u00fcst\u0259viy\u0259 da\u015f\u0131yacaq. Xat\u0131rladaq ki, s\u0259f\u0259r zaman\u0131 d\u00f6vl\u0259timizin ba\u015f\u00e7\u0131s\u0131 almaniyal\u0131 h\u0259mkar\u0131 Frank Valter \u015etaynmayer, kansler Olaf \u015eolts, Almaniyan\u0131n apar\u0131c\u0131 \u015firk\u0259tl\u0259rin n\u00fcmay\u0259nd\u0259l\u0259ri il\u0259 d\u0259 g\u00f6r\u00fc\u015f\u00fcb. Prezident \u0130lham \u018fliyevin Berlind\u0259 i\u015ftirak etdiyi g\u00f6r\u00fc\u015fl\u0259rd\u0259 diqq\u0259ti \u00e7\u0259k\u0259n x\u00fcsusi m\u0259qam Almaniya r\u0259smi \u015f\u0259xsl\u0259rinin Az\u0259rbaycan\u0131n \u0259razi b\u00fct\u00f6vl\u00fcy\u00fcn\u0259, suverenliyin\u0259 n\u00f6vb\u0259ti d\u0259f\u0259 d\u0259st\u0259k ifad\u0259 etm\u0259l\u0259ridir.<\/p>\n<p><img src=\"https:\/\/cdn.oxu.az\/uploads\/W1siZiIsIjIwMjMvMDMvMTgvMTAvMDAvMjIvZjljMTVhY2UtOGY5MS00YWNiLTgwMzQtYmVkZGQxM2YzMzFlLzUuanBnIl0sWyJwIiwiZW5jb2RlIiwianBnIiwiLXF1YWxpdHkgODAiXSxbInAiLCJ0aHVtYiIsIjU5MHg1OTBcdTAwM2UiXV0?sha=9f747b4a076cb8bc\" alt=\"\" \/><\/p>\n<p><strong>Avropan\u0131n ad\u0131ndan \u00e7\u0131x\u0131\u015f ed\u0259n neytral vasit\u0259\u00e7i<\/strong><\/p>\n<p>Xat\u0131rlatmaq yerin\u0259 d\u00fc\u015f\u0259r ki, Az\u0259rbaycan Prezidentind\u0259n \u00f6nc\u0259 Erm\u0259nistan ba\u015f naziri Nikol Pa\u015finyan mart\u0131n \u0259vv\u0259lind\u0259 Berlind\u0259 s\u0259f\u0259rd\u0259 olub. H\u0259min vaxt Erm\u0259nistan medias\u0131 Qaraba\u011fdak\u0131 erm\u0259ni icmas\u0131n\u0131n \u201c\u00f6z m\u00fcq\u0259dd\u0259rat\u0131n\u0131 t\u0259yin etm\u0259\u201d m\u0259s\u0259l\u0259sinin Almaniyada m\u00fczakir\u0259 olundu\u011funu, guya r\u0259smi Berlinin buna t\u0259r\u0259fdar \u00e7\u0131xd\u0131\u011f\u0131n\u0131 tirajlama\u011fa ba\u015flam\u0131\u015fd\u0131. Lakin Prezident \u0130lham \u018fliyevl\u0259 ke\u00e7iril\u0259n g\u00f6r\u00fc\u015fl\u0259rd\u0259 Almaniya r\u0259smil\u0259rinin s\u0259sl\u0259ndirdiyi fikirl\u0259r, Az\u0259rbaycan\u0131n \u0259razi b\u00fct\u00f6vl\u00fcy\u00fcn\u0259 v\u0259 suverenliyin\u0259 veril\u0259n d\u0259st\u0259k erm\u0259ni yalan\u0131n\u0131 n\u00f6vb\u0259ti d\u0259f\u0259 if\u015fa etdi. G\u00f6r\u00fcn\u0259n budur ki, m\u00fcasir Avropan\u0131n iki \u0259sas g\u00fcc\u00fc say\u0131lan Fransa v\u0259 Almaniyan\u0131n Az\u0259rbaycan-Erm\u0259nistan s\u00fclh prosesin\u0259 yana\u015fmalar\u0131 tam f\u0259rqlidir. Almaniya \u0259razi b\u00fct\u00f6vl\u00fcy\u00fcn\u0259 h\u00f6rm\u0259t prinsipini \u0259sas tutaraq beyn\u0259lxalq h\u00fcququ d\u0259st\u0259kl\u0259yir, Fransa is\u0259 b\u00f6lg\u0259d\u0259 erm\u0259ni separatizmini k\u00f6r\u00fckl\u0259m\u0259y\u0259 \u00e7al\u0131\u015f\u0131r. Bu reall\u0131q fonunda sual yaran\u0131r: S\u00fclh prosesind\u0259 Almaniya Avropan\u0131n ad\u0131ndan neytral vasit\u0259\u00e7i kimi \u00e7\u0131x\u0131\u015f ed\u0259 bil\u0259rmi?<\/p>\n<p><img src=\"https:\/\/cdn.oxu.az\/uploads\/W1siZiIsIjIwMjMvMDMvMTgvMTAvMDAvMjIvMTUzZDE0NDQtMjlmZC00MzY4LTk5NDItMDNmMTMyZmVhNzkzLzYuanBnIl0sWyJwIiwiZW5jb2RlIiwianBnIiwiLXF1YWxpdHkgODAiXSxbInAiLCJ0aHVtYiIsIjU5MHg1OTBcdTAwM2UiXV0?sha=6d1c355c03091fd9\" alt=\"\" \/><\/p>\n<p><strong>Minsk qrupunun n\u0259tic\u0259siz f\u0259aliyy\u0259ti<\/strong><\/p>\n<p>Milli M\u0259clisin Az\u0259rbaycan-Almaniya parlamentl\u0259raras\u0131 \u0259laq\u0259l\u0259r \u00fczr\u0259 i\u015f\u00e7i qrupunun \u00fczv\u00fc V\u00fcqar \u0130sg\u0259nd\u0259rov \u201cKaspi\u201dy\u0259 bildirib ki, Fransan\u0131n xarici siyas\u0259tind\u0259 islamofobiya, t\u00fcrkofobiya daim hiss olunub: \u201cBu, \u00f6z\u00fcn\u00fc Erm\u0259nistan-Az\u0259rbaycan, Da\u011fl\u0131q Qaraba\u011f m\u00fcnaqi\u015f\u0259sin\u0259 m\u00fcnasib\u0259td\u0259 d\u0259 b\u00fcruz\u0259 verib. Erm\u0259nistan Az\u0259rbaycan \u0259razil\u0259rini 30 il \u0259rzind\u0259 i\u015f\u011fal alt\u0131nda saxlad\u0131\u011f\u0131 halda Fransa AT\u018fT-in Minsk qrupunun \u00fczv\u00fc olaraq neytral m\u00f6vqe s\u0259rgil\u0259y\u0259 bilm\u0259yib. A\u00e7\u0131q-a\u015fkar Erm\u0259nistan\u0131 d\u0259st\u0259kl\u0259yib. \u00dcmumiyy\u0259tl\u0259, Minsk qrupunun h\u0259ms\u0259drl\u0259rinin h\u0259r biri ehtimal edirdil\u0259r ki, m\u00fcnaqi\u015f\u0259nin h\u0259lli uzand\u0131qca Az\u0259rbaycanda yeni n\u0259sill\u0259r Qaraba\u011f\u0131 v\u0259 dig\u0259r i\u015f\u011fal alt\u0131ndak\u0131 \u0259razil\u0259rimizi unudacaq, i\u015f\u011fal fakt\u0131 il\u0259 bar\u0131\u015facaqlar. Amma Az\u0259rbaycanda d\u00fcnyaya g\u0259l\u0259n h\u0259r bir u\u015faq \u015e\u0259rqi Z\u0259ng\u0259zur, Qaraba\u011f do\u011fumlu oldu. M\u0259hz bu u\u015faqlar b\u00f6y\u00fcy\u0259r\u0259k, h\u0259m\u00e7inin b\u00fct\u00f6vl\u00fckd\u0259 Az\u0259rbaycan xalq\u0131 s\u0259f\u0259rb\u0259r olaraq 44 g\u00fcnl\u00fck V\u0259t\u0259n m\u00fcharib\u0259sind\u0259 \u015fanl\u0131 q\u0259l\u0259b\u0259mizin qazan\u0131lmas\u0131n\u0131 t\u0259min etdil\u0259r\u201d.<\/p>\n<p><img src=\"https:\/\/cdn.oxu.az\/uploads\/W1siZiIsIjIwMjMvMDMvMTgvMTAvMDAvMjIvNWNmYTQxOTAtZWU3ZC00YTZlLWFlMzYtMWQ1Zjg1M2MzOWIxLzcuanBnIl0sWyJwIiwiZW5jb2RlIiwianBnIiwiLXF1YWxpdHkgODAiXSxbInAiLCJ0aHVtYiIsIjU5MHg1OTBcdTAwM2UiXV0?sha=b5a25192e97e78a9\" alt=\"\" \/><\/p>\n<p><strong>Berlin \u00f6z simas\u0131n\u0131 qoruyub saxlad\u0131<\/strong><\/p>\n<p>Mill\u0259t v\u0259kili deyib ki, Makronun n\u00fcmun\u0259sind\u0259 Fransa \u00f6z\u00fcn\u00fcn qeyri-demokratik, q\u0259r\u0259zli, qeyri-obyektiv imicini yarad\u0131b. Almaniyaya g\u0259ldikd\u0259 is\u0259, deputat s\u00f6yl\u0259yib ki, bu d\u00f6vl\u0259t AT\u018fT-in Minsk qrupunun \u00fczv\u00fc olsa da, h\u0259ms\u0259dr deyildi:<\/p>\n<p>\u201cAlmaniya bu m\u00fcdd\u0259td\u0259 neytrall\u0131\u011f\u0131n\u0131 qoruyub saxlama\u011f\u0131 bacard\u0131, vacib m\u0259qamlarda beyn\u0259lxalq h\u00fcququn prinsipl\u0259rind\u0259n \u00e7\u0131x\u0131\u015f ed\u0259r\u0259k m\u00f6vqe ortaya qoydu. Ara-s\u0131ra bizim \u00fc\u00e7\u00fcn xo\u015f olmayan q\u0259rarlar\u0131n \u015fahidi olsaq da, \u00fcmumilikd\u0259 r\u0259smi Berlin m\u00fcnaqi\u015f\u0259 ill\u0259rind\u0259, m\u00fcharib\u0259 g\u00fcnl\u0259rind\u0259, postm\u00fcnaqi\u015f\u0259 d\u00f6vr\u00fcnd\u0259 \u00f6z simas\u0131n\u0131 qoruyub saxlad\u0131. Prezident \u0130lham \u018fliyevin Almaniyaya i\u015fg\u00fczar s\u0259f\u0259ri d\u00f6vr\u00fcnd\u0259 bu d\u00f6vl\u0259tin prezidenti v\u0259 kansleri \u00f6lk\u0259mizin \u0259razi b\u00fct\u00f6vl\u00fcy\u00fcn\u0259, suverenliyin\u0259 h\u00f6rm\u0259t etdiyini a\u00e7\u0131q \u015f\u0259kild\u0259 b\u0259yan etdil\u0259r. Onlar erm\u0259nil\u0259rin arzular\u0131n\u0131n \u0259ksin\u0259 olaraq, separatizm\u0259, Qaraba\u011f\u0131n \u201cm\u00fcst\u0259qilliyin\u0259\u201d d\u0259st\u0259k ifad\u0259 etm\u0259dil\u0259r, \u00f6lk\u0259l\u0259rin \u0259razi b\u00fct\u00f6vl\u00fcy\u00fcn\u00fcn toxunulmaz oldu\u011funu vur\u011fulad\u0131lar. Bununla Az\u0259rbaycan\u0131n \u0259razi b\u00fct\u00f6vl\u00fcy\u00fcn\u0259 h\u00f6rm\u0259t olunmas\u0131n\u0131n z\u0259ruriliyini b\u00fct\u00fcn d\u00fcnyaya n\u00fcmayi\u015f etdirdil\u0259r. N\u0259z\u0259r\u0259 alaq ki, Almaniya il\u0259 Az\u0259rbaycan aras\u0131nda iqtisadi, siyasi \u0259laq\u0259l\u0259r daim inki\u015faf edir, Berlin C\u0259nubi Qafqazda Bak\u0131n\u0131 \u00f6z\u00fcn\u0259 vacib t\u0259r\u0259fda\u015f say\u0131r. Az\u0259rbaycan sad\u0259c\u0259 Almaniya \u00fc\u00e7\u00fcn deyil, \u00fcmum\u0259n Avropa \u00fc\u00e7\u00fcn etibarl\u0131 t\u0259r\u0259fda\u015fd\u0131r v\u0259 qoca qit\u0259nin enerji t\u0259hl\u00fck\u0259sizliyind\u0259 m\u00fch\u00fcm rol oynay\u0131r. D\u00fc\u015f\u00fcn\u00fcr\u0259m ki, bel\u0259 ger\u00e7\u0259klik fonunda Almaniyan\u0131n Erm\u0259nistan-Az\u0259rbaycan m\u00fcnasib\u0259tl\u0259rinin t\u0259nziml\u0259nm\u0259sin\u0259 m\u00fcsb\u0259t t\u0259siri ola bil\u0259r\u201d.<\/p>\n","protected":false},"excerpt":{"rendered":"<p>Prezident\u00a0\u0130lham \u018fliyevin\u00a0Almaniyaya i\u015fg\u00fczar s\u0259f\u0259ri iki \u00f6lk\u0259 aras\u0131nda m\u00fcnasib\u0259tl\u0259rin daha da g\u00fccl\u0259ndirilm\u0259sin\u0259, \u0259m\u0259kda\u015fl\u0131\u011f\u0131n geni\u015fl\u0259ndirilm\u0259sin\u0259 m\u00fch\u00fcm t\u00f6hf\u0259 ver\u0259c\u0259k, m\u00fcnasib\u0259tl\u0259ri yeni m\u00fcst\u0259viy\u0259 da\u015f\u0131yacaq. Diqq\u0259ti \u00e7\u0259k\u0259n x\u00fcsusi m\u0259qam Almaniya r\u0259smil\u0259rinin Az\u0259rbaycan\u0131n \u0259razi b\u00fct\u00f6vl\u00fcy\u00fcn\u0259, suverenliyin\u0259 n\u00f6vb\u0259ti d\u0259f\u0259 d\u0259st\u0259k ifad\u0259 etm\u0259l\u0259ridir. M\u00f6vzuyla ba\u011fl\u0131\u00a0\u201cKaspi\u201d\u00a0q\u0259zetinin m\u00fcsahib\u0259sini t\u0259qdim edirik. Prezident \u0130lham \u018fliyevin q\u0131sa zaman k\u0259siyind\u0259 Almaniyaya ikinci d\u0259f\u0259 s\u0259f\u0259r etm\u0259si C\u0259nubi Qafqaz \u00fc\u00e7\u00fcn m\u00fch\u00fcm iqtisadi v\u0259 geosiyasi \u0259h\u0259miyy\u0259t\u0259 malikdir. Qeyd ed\u0259k ki, Almaniya Az\u0259rbaycan\u0131n Avropada \u0259n vacib siyasi-iqtisadi t\u0259r\u0259fda\u015flar\u0131ndan biridir. \u0130ki \u00f6lk\u0259 aras\u0131nda siyasi m\u00fcnasib\u0259tl\u0259rin y\u00fcks\u0259k s\u0259viyy\u0259si qar\u015f\u0131l\u0131ql\u0131 s\u0259f\u0259rl\u0259r v\u0259 intensiv parlamentl\u0259raras\u0131 \u0259m\u0259kda\u015fl\u0131qda \u00f6z \u0259ksini tap\u0131b. \u00d6lk\u0259l\u0259rimiz aras\u0131nda diplomatik&hellip;<\/p>\n","protected":false},"author":2,"featured_media":577935,"comment_status":"closed","ping_status":"closed","sticky":false,"template":"","format":"standard","meta":{"om_disable_all_campaigns":false,"_monsterinsights_skip_tracking":false,"_monsterinsights_sitenote_active":false,"_monsterinsights_sitenote_note":"","_monsterinsights_sitenote_category":0},"categories":[4],"tags":[],"aioseo_notices":[],"gutentor_comment":0,"rttpg_featured_image_url":{"full":["https:\/\/arantv.az\/wp-content\/uploads\/2023\/03\/9a6a1aaa167903344088457249110878634.jpg",975,540,false],"landscape":["https:\/\/arantv.az\/wp-content\/uploads\/2023\/03\/9a6a1aaa167903344088457249110878634.jpg",975,540,false],"portraits":["https:\/\/arantv.az\/wp-content\/uploads\/2023\/03\/9a6a1aaa167903344088457249110878634.jpg",975,540,false],"thumbnail":["https:\/\/arantv.az\/wp-content\/uploads\/2023\/03\/9a6a1aaa167903344088457249110878634-500x280.jpg",500,280,true],"medium":["https:\/\/arantv.az\/wp-content\/uploads\/2023\/03\/9a6a1aaa167903344088457249110878634-660x365.jpg",660,365,true],"large":["https:\/\/arantv.az\/wp-content\/uploads\/2023\/03\/9a6a1aaa167903344088457249110878634-840x465.jpg",640,354,true],"1536x1536":["https:\/\/arantv.az\/wp-content\/uploads\/2023\/03\/9a6a1aaa167903344088457249110878634.jpg",975,540,false],"2048x2048":["https:\/\/arantv.az\/wp-content\/uploads\/2023\/03\/9a6a1aaa167903344088457249110878634.jpg",975,540,false],"post-thumbnail":["https:\/\/arantv.az\/wp-content\/uploads\/2023\/03\/9a6a1aaa167903344088457249110878634-240x172.jpg",240,172,true],"advps-thumb-one":["https:\/\/arantv.az\/wp-content\/uploads\/2023\/03\/9a6a1aaa167903344088457249110878634.jpg",975,540,false]},"rttpg_author":{"display_name":"V\u00fcsal Rafiqo\u011flu","author_link":"https:\/\/arantv.az\/?author=2"},"rttpg_comment":0,"rttpg_category":"<a href=\"https:\/\/arantv.az\/?cat=4\" rel=\"category\">Siyas\u0259t<\/a>","rttpg_excerpt":"Prezident\u00a0\u0130lham \u018fliyevin\u00a0Almaniyaya i\u015fg\u00fczar s\u0259f\u0259ri iki \u00f6lk\u0259 aras\u0131nda m\u00fcnasib\u0259tl\u0259rin daha da g\u00fccl\u0259ndirilm\u0259sin\u0259, \u0259m\u0259kda\u015fl\u0131\u011f\u0131n geni\u015fl\u0259ndirilm\u0259sin\u0259 m\u00fch\u00fcm t\u00f6hf\u0259 ver\u0259c\u0259k, m\u00fcnasib\u0259tl\u0259ri yeni m\u00fcst\u0259viy\u0259 da\u015f\u0131yacaq. Diqq\u0259ti \u00e7\u0259k\u0259n x\u00fcsusi m\u0259qam Almaniya r\u0259smil\u0259rinin Az\u0259rbaycan\u0131n \u0259razi b\u00fct\u00f6vl\u00fcy\u00fcn\u0259, suverenliyin\u0259 n\u00f6vb\u0259ti d\u0259f\u0259 d\u0259st\u0259k ifad\u0259 etm\u0259l\u0259ridir. M\u00f6vzuyla ba\u011fl\u0131\u00a0\u201cKaspi\u201d\u00a0q\u0259zetinin m\u00fcsahib\u0259sini t\u0259qdim edirik. Prezident \u0130lham \u018fliyevin q\u0131sa zaman k\u0259siyind\u0259 Almaniyaya ikinci d\u0259f\u0259 s\u0259f\u0259r etm\u0259si C\u0259nubi Qafqaz \u00fc\u00e7\u00fcn m\u00fch\u00fcm&hellip;","_links":{"self":[{"href":"https:\/\/arantv.az\/index.php?rest_route=\/wp\/v2\/posts\/578388"}],"collection":[{"href":"https:\/\/arantv.az\/index.php?rest_route=\/wp\/v2\/posts"}],"about":[{"href":"https:\/\/arantv.az\/index.php?rest_route=\/wp\/v2\/types\/post"}],"author":[{"embeddable":true,"href":"https:\/\/arantv.az\/index.php?rest_route=\/wp\/v2\/users\/2"}],"replies":[{"embeddable":true,"href":"https:\/\/arantv.az\/index.php?rest_route=%2Fwp%2Fv2%2Fcomments&post=578388"}],"version-history":[{"count":0,"href":"https:\/\/arantv.az\/index.php?rest_route=\/wp\/v2\/posts\/578388\/revisions"}],"wp:featuredmedia":[{"embeddable":true,"href":"https:\/\/arantv.az\/index.php?rest_route=\/wp\/v2\/media\/577935"}],"wp:attachment":[{"href":"https:\/\/arantv.az\/index.php?rest_route=%2Fwp%2Fv2%2Fmedia&parent=578388"}],"wp:term":[{"taxonomy":"category","embeddable":true,"href":"https:\/\/arantv.az\/index.php?rest_route=%2Fwp%2Fv2%2Fcategories&post=578388"},{"taxonomy":"post_tag","embeddable":true,"href":"https:\/\/arantv.az\/index.php?rest_route=%2Fwp%2Fv2%2Ftags&post=578388"}],"curies":[{"name":"wp","href":"https:\/\/api.w.org\/{rel}","templated":true}]}}