{"id":578415,"date":"2023-03-18T11:13:40","date_gmt":"2023-03-18T08:13:40","guid":{"rendered":"https:\/\/arantv.az\/?p=578415"},"modified":"2023-03-18T11:13:40","modified_gmt":"2023-03-18T08:13:40","slug":"susaya-turist-s%c9%99f%c9%99rl%c9%99rind%c9%99n-dovl%c9%99t-g%c9%99lir-qazanmayacaq-aciqlama-foto","status":"publish","type":"post","link":"https:\/\/arantv.az\/?p=578415","title":{"rendered":"\u201c\u015eu\u015faya turist s\u0259f\u0259rl\u0259rind\u0259n d\u00f6vl\u0259t g\u0259lir qazanmayacaq\u201d &#8211; A\u00c7IQLAMA + FOTO"},"content":{"rendered":"<p>Bu g\u00fcnd\u0259n \u015eu\u015faya Az\u0259rbaycan v\u0259t\u0259nda\u015flar\u0131 \u00fc\u00e7\u00fcn turizm s\u0259f\u0259rl\u0259ri, turlar ba\u015flayacaq. D\u00f6vl\u0259t Turizm Agentliyi turizm s\u0259f\u0259rl\u0259rinin xarici turistl\u0259r\u0259 d\u0259 \u015famil edilm\u0259sini planlay\u0131r. Xarici turistl\u0259rin t\u0259kc\u0259 \u015eu\u015faya deyil, i\u015f\u011faldan azad edilmi\u015f dig\u0259r \u0259razil\u0259r\u0259 d\u0259 s\u0259f\u0259rl\u0259ri t\u0259\u015fkil olunacaq.<\/p>\n<p>B\u0259s maraql\u0131d\u0131r, azad olunmu\u015f \u0259razil\u0259r\u0259 turist s\u0259f\u0259rl\u0259rind\u0259n n\u0259 q\u0259d\u0259r g\u0259lir proqnozla\u015fd\u0131r\u0131l\u0131r? Bu g\u0259lirl\u0259r hara y\u00f6nl\u0259ndiril\u0259c\u0259k?<\/p>\n<p>Bununla ba\u011fl\u0131\u00a0Oxu.Az-a dan\u0131\u015fan D\u00f6vl\u0259t\u00a0Turizm\u00a0Agentliyinin Media v\u0259 ictimaiyy\u0259tl\u0259 \u0259laq\u0259l\u0259r sektorunun m\u00fcdiri\u00a0<strong>G\u00fclnar\u00a0Mustafayeva<\/strong>\u00a0qeyd edib ki, \u015eu\u015faya t\u0259\u015fkil olunan turlar\u0131n qiym\u0259tl\u0259ri m\u00fcmk\u00fcn minimum qiym\u0259tl\u0259rl\u0259 hesablan\u0131b:<\/p>\n<p>&nbsp;<\/p>\n<div class=\"gallery\">\n<div class=\"gallery-i\"><img src=\"https:\/\/cdn.oxu.az\/uploads\/W1siZiIsIjIwMjMvMDMvMTcvMTcvNDAvMDAvZjc2OGI5MWMtMGEyOC00OGEzLWIxMWEtMjcxZWFmNTk2ZTkwL2d1bG5hci5qcGciXSxbInAiLCJlbmNvZGUiLCJqcGciLCItcXVhbGl0eSA4MCJdLFsicCIsInRodW1iIiwiNTkweDU5MFx1MDAzZSJdXQ?sha=777013d0de61a464\" alt=\"\" \/><\/p>\n<div class=\"gallery-i-caption\"><\/div>\n<\/div>\n<\/div>\n<p>\u201cBu qiym\u0259tl\u0259r\u0259 \u018fDV daxil olmaqla avtobusla transfer, hoteld\u0259 yerl\u0259\u015fm\u0259, s\u0259h\u0259r yem\u0259yi, b\u0259l\u0259d\u00e7i m\u00fc\u015fayi\u0259ti xidm\u0259ti \u00fczr\u0259 x\u0259rcl\u0259r, h\u0259m\u00e7inin \u0259m\u0259liyyat x\u0259rcl\u0259ri daxil edilmi\u015f v\u0259 b\u00fct\u00fcn b\u0259ndl\u0259r \u00fczr\u0259 x\u0259rcl\u0259r daxildir. Turlar\u0131n maya d\u0259y\u0259ri v\u0259 sat\u0131\u015f d\u0259y\u0259ri aras\u0131nda c\u00fczi f\u0259rql\u0259r m\u00f6vcuddur. Turizm turlar\u0131 d\u00f6vl\u0259t t\u0259r\u0259find\u0259n deyil, m\u00fcsabiq\u0259 n\u0259tic\u0259sind\u0259 se\u00e7ilmi\u015f \u015firk\u0259t t\u0259r\u0259find\u0259n icra edilir. Ona g\u00f6r\u0259, h\u0259r hans\u0131 d\u00f6vl\u0259t g\u0259lirind\u0259n s\u00f6hb\u0259t ged\u0259 bilm\u0259z. \u015eirk\u0259tin t\u0259qdim etdiyi qiym\u0259tl\u0259r bel\u0259 qeyd etdiyimiz kimi maksimum v\u0259t\u0259nda\u015flar\u0131 d\u00fc\u015f\u00fcn\u0259r\u0259k hesablan\u0131b. G\u0259lir minimum olsa da, bunu \u00f6z\u0259l turizm \u015firk\u0259ti \u0259ld\u0259 ed\u0259c\u0259k\u201d.<\/p>\n<p>Qeyd ed\u0259k ki, \u015eu\u015faya ilk turist s\u0259f\u0259rl\u0259ri Novruz bayram\u0131 \u00f6nc\u0259si &#8211; mart ay\u0131n\u0131n 18-d\u0259n etibar\u0259n h\u0259ft\u0259d\u0259 bir d\u0259f\u0259 olmaqla icra edil\u0259c\u0259k. N\u00f6vb\u0259ti m\u0259rh\u0259l\u0259d\u0259 turlar\u0131n say\u0131n\u0131n t\u0259l\u0259b\u0259 \u0259sas\u0259n art\u0131r\u0131lmas\u0131 n\u0259z\u0259rd\u0259 tutulur. V\u0259t\u0259nda\u015flar turlarda i\u015ftirak etm\u0259k \u00fc\u00e7\u00fcn mart\u0131n 6-dan etibar\u0259n turizm \u015firk\u0259tl\u0259rin\u0259 (turagentl\u0259r\u0259) m\u00fcraci\u0259t ed\u0259 bil\u0259rl\u0259r.<\/p>\n<p>Xat\u0131rladaq ki, 2 v\u0259 3 g\u00fcnl\u00fck turlarda ilk d\u0259f\u0259 olaraq \u015eu\u015fa \u015f\u0259h\u0259rind\u0259 hoteld\u0259 gec\u0259l\u0259m\u0259 il\u0259 F\u00fczuli \u015f\u0259h\u0259rinin m\u0259rk\u0259zind\u0259ki \u015f\u0259h\u0259r da\u011f\u0131nt\u0131lar\u0131, ilk \u015f\u0259hid abid\u0259sinin ziyar\u0259ti, C\u0131d\u0131r d\u00fcz\u00fc, Vaqifin m\u0259qb\u0259r\u0259si, Mehmandarovlar\u0131n evi, B\u00fclb\u00fcl\u00fcn ev muzeyi, Yuxar\u0131 G\u00f6vh\u0259r A\u011fa m\u0259scidi, \u201cG\u00fcll\u0259l\u0259nmi\u015f Heyk\u0259ll\u0259r\u201d meydan\u00e7as\u0131, \u015eu\u015fa qalas\u0131, \u015eu\u015fan\u0131n G\u0259nc\u0259 qap\u0131lar\u0131 v\u0259 \u201cXar\u0131 B\u00fclb\u00fcl\u201d simvolu, Qazan\u00e7\u0131 kils\u0259si, \u015eu\u015fa Realn\u0131 M\u0259kt\u0259bi kimi tarixi abid\u0259l\u0259rl\u0259 tan\u0131\u015fl\u0131q imkan\u0131 t\u0259qdim olunur.<\/p>\n","protected":false},"excerpt":{"rendered":"<p>Bu g\u00fcnd\u0259n \u015eu\u015faya Az\u0259rbaycan v\u0259t\u0259nda\u015flar\u0131 \u00fc\u00e7\u00fcn turizm s\u0259f\u0259rl\u0259ri, turlar ba\u015flayacaq. D\u00f6vl\u0259t Turizm Agentliyi turizm s\u0259f\u0259rl\u0259rinin xarici turistl\u0259r\u0259 d\u0259 \u015famil edilm\u0259sini planlay\u0131r. Xarici turistl\u0259rin t\u0259kc\u0259 \u015eu\u015faya deyil, i\u015f\u011faldan azad edilmi\u015f dig\u0259r \u0259razil\u0259r\u0259 d\u0259 s\u0259f\u0259rl\u0259ri t\u0259\u015fkil olunacaq. B\u0259s maraql\u0131d\u0131r, azad olunmu\u015f \u0259razil\u0259r\u0259 turist s\u0259f\u0259rl\u0259rind\u0259n n\u0259 q\u0259d\u0259r g\u0259lir proqnozla\u015fd\u0131r\u0131l\u0131r? Bu g\u0259lirl\u0259r hara y\u00f6nl\u0259ndiril\u0259c\u0259k? Bununla ba\u011fl\u0131\u00a0Oxu.Az-a dan\u0131\u015fan D\u00f6vl\u0259t\u00a0Turizm\u00a0Agentliyinin Media v\u0259 ictimaiyy\u0259tl\u0259 \u0259laq\u0259l\u0259r sektorunun m\u00fcdiri\u00a0G\u00fclnar\u00a0Mustafayeva\u00a0qeyd edib ki, \u015eu\u015faya t\u0259\u015fkil olunan turlar\u0131n qiym\u0259tl\u0259ri m\u00fcmk\u00fcn minimum qiym\u0259tl\u0259rl\u0259 hesablan\u0131b: &nbsp; \u201cBu qiym\u0259tl\u0259r\u0259 \u018fDV daxil olmaqla avtobusla transfer, hoteld\u0259 yerl\u0259\u015fm\u0259, s\u0259h\u0259r yem\u0259yi, b\u0259l\u0259d\u00e7i m\u00fc\u015fayi\u0259ti xidm\u0259ti \u00fczr\u0259 x\u0259rcl\u0259r, h\u0259m\u00e7inin \u0259m\u0259liyyat&hellip;<\/p>\n","protected":false},"author":2,"featured_media":578403,"comment_status":"closed","ping_status":"closed","sticky":false,"template":"","format":"standard","meta":{"om_disable_all_campaigns":false,"_monsterinsights_skip_tracking":false,"_monsterinsights_sitenote_active":false,"_monsterinsights_sitenote_note":"","_monsterinsights_sitenote_category":0},"categories":[1],"tags":[],"aioseo_notices":[],"gutentor_comment":0,"rttpg_featured_image_url":{"full":["https:\/\/arantv.az\/wp-content\/uploads\/2023\/03\/ATlZ7xVGYY4h8JWJyOc66IDgpYZWlXkcbApRcfcR.jpg",620,413,false],"landscape":["https:\/\/arantv.az\/wp-content\/uploads\/2023\/03\/ATlZ7xVGYY4h8JWJyOc66IDgpYZWlXkcbApRcfcR.jpg",620,413,false],"portraits":["https:\/\/arantv.az\/wp-content\/uploads\/2023\/03\/ATlZ7xVGYY4h8JWJyOc66IDgpYZWlXkcbApRcfcR.jpg",620,413,false],"thumbnail":["https:\/\/arantv.az\/wp-content\/uploads\/2023\/03\/ATlZ7xVGYY4h8JWJyOc66IDgpYZWlXkcbApRcfcR-500x280.jpg",500,280,true],"medium":["https:\/\/arantv.az\/wp-content\/uploads\/2023\/03\/ATlZ7xVGYY4h8JWJyOc66IDgpYZWlXkcbApRcfcR-548x365.jpg",548,365,true],"large":["https:\/\/arantv.az\/wp-content\/uploads\/2023\/03\/ATlZ7xVGYY4h8JWJyOc66IDgpYZWlXkcbApRcfcR.jpg",620,413,false],"1536x1536":["https:\/\/arantv.az\/wp-content\/uploads\/2023\/03\/ATlZ7xVGYY4h8JWJyOc66IDgpYZWlXkcbApRcfcR.jpg",620,413,false],"2048x2048":["https:\/\/arantv.az\/wp-content\/uploads\/2023\/03\/ATlZ7xVGYY4h8JWJyOc66IDgpYZWlXkcbApRcfcR.jpg",620,413,false],"post-thumbnail":["https:\/\/arantv.az\/wp-content\/uploads\/2023\/03\/ATlZ7xVGYY4h8JWJyOc66IDgpYZWlXkcbApRcfcR-240x172.jpg",240,172,true],"advps-thumb-one":["https:\/\/arantv.az\/wp-content\/uploads\/2023\/03\/ATlZ7xVGYY4h8JWJyOc66IDgpYZWlXkcbApRcfcR.jpg",620,413,false]},"rttpg_author":{"display_name":"V\u00fcsal Rafiqo\u011flu","author_link":"https:\/\/arantv.az\/?author=2"},"rttpg_comment":0,"rttpg_category":"<a href=\"https:\/\/arantv.az\/?cat=1\" rel=\"category\">C\u0259miyy\u0259t<\/a>","rttpg_excerpt":"Bu g\u00fcnd\u0259n \u015eu\u015faya Az\u0259rbaycan v\u0259t\u0259nda\u015flar\u0131 \u00fc\u00e7\u00fcn turizm s\u0259f\u0259rl\u0259ri, turlar ba\u015flayacaq. D\u00f6vl\u0259t Turizm Agentliyi turizm s\u0259f\u0259rl\u0259rinin xarici turistl\u0259r\u0259 d\u0259 \u015famil edilm\u0259sini planlay\u0131r. Xarici turistl\u0259rin t\u0259kc\u0259 \u015eu\u015faya deyil, i\u015f\u011faldan azad edilmi\u015f dig\u0259r \u0259razil\u0259r\u0259 d\u0259 s\u0259f\u0259rl\u0259ri t\u0259\u015fkil olunacaq. B\u0259s maraql\u0131d\u0131r, azad olunmu\u015f \u0259razil\u0259r\u0259 turist s\u0259f\u0259rl\u0259rind\u0259n n\u0259 q\u0259d\u0259r g\u0259lir proqnozla\u015fd\u0131r\u0131l\u0131r? Bu g\u0259lirl\u0259r hara y\u00f6nl\u0259ndiril\u0259c\u0259k? Bununla ba\u011fl\u0131\u00a0Oxu.Az-a dan\u0131\u015fan D\u00f6vl\u0259t\u00a0Turizm\u00a0Agentliyinin Media&hellip;","_links":{"self":[{"href":"https:\/\/arantv.az\/index.php?rest_route=\/wp\/v2\/posts\/578415"}],"collection":[{"href":"https:\/\/arantv.az\/index.php?rest_route=\/wp\/v2\/posts"}],"about":[{"href":"https:\/\/arantv.az\/index.php?rest_route=\/wp\/v2\/types\/post"}],"author":[{"embeddable":true,"href":"https:\/\/arantv.az\/index.php?rest_route=\/wp\/v2\/users\/2"}],"replies":[{"embeddable":true,"href":"https:\/\/arantv.az\/index.php?rest_route=%2Fwp%2Fv2%2Fcomments&post=578415"}],"version-history":[{"count":0,"href":"https:\/\/arantv.az\/index.php?rest_route=\/wp\/v2\/posts\/578415\/revisions"}],"wp:featuredmedia":[{"embeddable":true,"href":"https:\/\/arantv.az\/index.php?rest_route=\/wp\/v2\/media\/578403"}],"wp:attachment":[{"href":"https:\/\/arantv.az\/index.php?rest_route=%2Fwp%2Fv2%2Fmedia&parent=578415"}],"wp:term":[{"taxonomy":"category","embeddable":true,"href":"https:\/\/arantv.az\/index.php?rest_route=%2Fwp%2Fv2%2Fcategories&post=578415"},{"taxonomy":"post_tag","embeddable":true,"href":"https:\/\/arantv.az\/index.php?rest_route=%2Fwp%2Fv2%2Ftags&post=578415"}],"curies":[{"name":"wp","href":"https:\/\/api.w.org\/{rel}","templated":true}]}}