{"id":578427,"date":"2023-03-18T11:30:25","date_gmt":"2023-03-18T08:30:25","guid":{"rendered":"https:\/\/arantv.az\/?p=578427"},"modified":"2023-03-18T11:30:25","modified_gmt":"2023-03-18T08:30:25","slug":"erm%c9%99nistan-at%c9%99t-d%c9%99-irandaki-s%c9%99firliyimiz%c9%99-qarsi-terakti-pisl%c9%99y%c9%99n-b%c9%99yannam%c9%99nin-q%c9%99bul-edilm%c9%99sin%c9%99-mane-oldu","status":"publish","type":"post","link":"https:\/\/arantv.az\/?p=578427","title":{"rendered":"Erm\u0259nistan AT\u018fT-d\u0259 \u0130randak\u0131 s\u0259firliyimiz\u0259 qar\u015f\u0131 terakt\u0131 pisl\u0259y\u0259n b\u0259yannam\u0259nin q\u0259bul edilm\u0259sin\u0259 mane oldu"},"content":{"rendered":"<p>57 \u00f6lk\u0259nin \u00fczv oldu\u011fu \u0130slam \u018fm\u0259kda\u015fl\u0131q T\u0259\u015fkilat\u0131 (\u0130\u018fT) Xarici \u0130\u015fl\u0259r Nazirl\u0259ri \u015euras\u0131n\u0131n Mavritaniyada ke\u00e7irilmi\u015f 49-cu sessiyas\u0131 zaman\u0131 d\u00fcn\u0259n q\u0259bul edilmi\u015f 5 q\u0259tnam\u0259d\u0259n biri \u201cTehrandak\u0131 Az\u0259rbaycan Respublikas\u0131n\u0131n S\u0259firliyin\u0259 qar\u015f\u0131 h\u00fccum\u201d adl\u0131 q\u0259tnam\u0259 idi.<\/p>\n<p><b>ARANTV.AZ <\/b>x\u0259b\u0259r verir ki, q\u0259tnam\u0259d\u0259 27 yanvar 2023-c\u00fc il tarixind\u0259 Az\u0259rbaycan Respublikas\u0131n\u0131n Tehrandak\u0131 S\u0259firliyin\u0259 qar\u015f\u0131 \u00f6l\u00fcml\u0259 n\u0259tic\u0259l\u0259n\u0259n silahl\u0131 h\u00fccumu q\u0259ti \u015f\u0259kild\u0259 pisl\u0259nir, \u0130ran h\u00f6kum\u0259tini ba\u015f vermi\u015f h\u00fccumu h\u0259rt\u0259r\u0259fli ara\u015fd\u0131rma\u011fa, h\u00fccumu t\u00f6r\u0259d\u0259nl\u0259ri cinay\u0259t m\u0259suliyy\u0259tin\u0259 c\u0259lb etm\u0259y\u0259 v\u0259 Diplomatik \u018flaq\u0259l\u0259r haqq\u0131nda 1961-ci il Vyana Konvensiyas\u0131na uy\u011fun olaraq Az\u0259rbaycan Respublikas\u0131n\u0131n \u0130ran \u0130slam Respublikas\u0131n\u0131n \u0259razisind\u0259 olan diplomatik n\u00fcmay\u0259nd\u0259likl\u0259rinin m\u00fchafiz\u0259sini t\u0259min etm\u0259y\u0259 \u00e7a\u011f\u0131r\u0131l\u0131r.<\/p>\n<p>Lakin, Erm\u0259nistan t\u0259r\u0259fi \u0130ran\u0131n sifari\u015fi il\u0259 eyni m\u0259zmunlu b\u0259yannam\u0259nin AT\u018fT-d\u0259 q\u0259bul edilm\u0259sin\u0259 mane olub.<\/p>\n<p>T\u0259\u0259ss\u00fcf ki, 2 aya yax\u0131n m\u00fcdd\u0259td\u0259 davam ed\u0259n m\u00fczakir\u0259l\u0259r\u0259 Erm\u0259nistan t\u0259r\u0259fi h\u0259r v\u0259chl\u0259 mane\u00e7ilik t\u00f6r\u0259dib v\u0259 S\u0259firliy\u0259 xain h\u00fccumu pisl\u0259y\u0259n, terror qurbanlar\u0131n\u0131n ail\u0259l\u0259rin\u0259 ba\u015fsa\u011fl\u0131\u011f\u0131 dil\u0259kl\u0259rinin \u00e7atd\u0131r\u0131ld\u0131\u011f\u0131, v\u0259 \u0259dal\u0259tin t\u0259min olunmas\u0131 m\u0259qs\u0259dil\u0259 h\u0259rt\u0259r\u0259fli istintaq apar\u0131lmas\u0131n\u0131n vacibliyinin vur\u011fuland\u0131\u011f\u0131 b\u0259yannam\u0259nin q\u0259buluna imkan verm\u0259yib.<\/p>\n<p>Bu bir daha g\u00f6st\u0259rir ki, Erm\u0259nistan \u0130ran\u0131n AT\u018fT-d\u0259 \u0259sas t\u0259msil\u00e7isi olmaqla yana\u015f\u0131, s\u00fclhd\u0259 v\u0259 \u0259min-amanl\u0131qda maraql\u0131 olmayan t\u0259r\u0259fdir.<\/p>\n","protected":false},"excerpt":{"rendered":"<p>57 \u00f6lk\u0259nin \u00fczv oldu\u011fu \u0130slam \u018fm\u0259kda\u015fl\u0131q T\u0259\u015fkilat\u0131 (\u0130\u018fT) Xarici \u0130\u015fl\u0259r Nazirl\u0259ri \u015euras\u0131n\u0131n Mavritaniyada ke\u00e7irilmi\u015f 49-cu sessiyas\u0131 zaman\u0131 d\u00fcn\u0259n q\u0259bul edilmi\u015f 5 q\u0259tnam\u0259d\u0259n biri \u201cTehrandak\u0131 Az\u0259rbaycan Respublikas\u0131n\u0131n S\u0259firliyin\u0259 qar\u015f\u0131 h\u00fccum\u201d adl\u0131 q\u0259tnam\u0259 idi. ARANTV.AZ x\u0259b\u0259r verir ki, q\u0259tnam\u0259d\u0259 27 yanvar 2023-c\u00fc il tarixind\u0259 Az\u0259rbaycan Respublikas\u0131n\u0131n Tehrandak\u0131 S\u0259firliyin\u0259 qar\u015f\u0131 \u00f6l\u00fcml\u0259 n\u0259tic\u0259l\u0259n\u0259n silahl\u0131 h\u00fccumu q\u0259ti \u015f\u0259kild\u0259 pisl\u0259nir, \u0130ran h\u00f6kum\u0259tini ba\u015f vermi\u015f h\u00fccumu h\u0259rt\u0259r\u0259fli ara\u015fd\u0131rma\u011fa, h\u00fccumu t\u00f6r\u0259d\u0259nl\u0259ri cinay\u0259t m\u0259suliyy\u0259tin\u0259 c\u0259lb etm\u0259y\u0259 v\u0259 Diplomatik \u018flaq\u0259l\u0259r haqq\u0131nda 1961-ci il Vyana Konvensiyas\u0131na uy\u011fun olaraq Az\u0259rbaycan Respublikas\u0131n\u0131n \u0130ran \u0130slam Respublikas\u0131n\u0131n \u0259razisind\u0259 olan diplomatik n\u00fcmay\u0259nd\u0259likl\u0259rinin m\u00fchafiz\u0259sini t\u0259min etm\u0259y\u0259 \u00e7a\u011f\u0131r\u0131l\u0131r.&hellip;<\/p>\n","protected":false},"author":2,"featured_media":578428,"comment_status":"closed","ping_status":"closed","sticky":false,"template":"","format":"standard","meta":{"om_disable_all_campaigns":false,"_monsterinsights_skip_tracking":false,"_monsterinsights_sitenote_active":false,"_monsterinsights_sitenote_note":"","_monsterinsights_sitenote_category":0},"categories":[4],"tags":[],"aioseo_notices":[],"gutentor_comment":0,"rttpg_featured_image_url":{"full":["https:\/\/arantv.az\/wp-content\/uploads\/2023\/03\/64154aaec2d9164154aaec2d92167911697464154aaec2d8c64154aaec2d8e.jpg",620,413,false],"landscape":["https:\/\/arantv.az\/wp-content\/uploads\/2023\/03\/64154aaec2d9164154aaec2d92167911697464154aaec2d8c64154aaec2d8e.jpg",620,413,false],"portraits":["https:\/\/arantv.az\/wp-content\/uploads\/2023\/03\/64154aaec2d9164154aaec2d92167911697464154aaec2d8c64154aaec2d8e.jpg",620,413,false],"thumbnail":["https:\/\/arantv.az\/wp-content\/uploads\/2023\/03\/64154aaec2d9164154aaec2d92167911697464154aaec2d8c64154aaec2d8e-500x280.jpg",500,280,true],"medium":["https:\/\/arantv.az\/wp-content\/uploads\/2023\/03\/64154aaec2d9164154aaec2d92167911697464154aaec2d8c64154aaec2d8e-548x365.jpg",548,365,true],"large":["https:\/\/arantv.az\/wp-content\/uploads\/2023\/03\/64154aaec2d9164154aaec2d92167911697464154aaec2d8c64154aaec2d8e.jpg",620,413,false],"1536x1536":["https:\/\/arantv.az\/wp-content\/uploads\/2023\/03\/64154aaec2d9164154aaec2d92167911697464154aaec2d8c64154aaec2d8e.jpg",620,413,false],"2048x2048":["https:\/\/arantv.az\/wp-content\/uploads\/2023\/03\/64154aaec2d9164154aaec2d92167911697464154aaec2d8c64154aaec2d8e.jpg",620,413,false],"post-thumbnail":["https:\/\/arantv.az\/wp-content\/uploads\/2023\/03\/64154aaec2d9164154aaec2d92167911697464154aaec2d8c64154aaec2d8e-240x172.jpg",240,172,true],"advps-thumb-one":["https:\/\/arantv.az\/wp-content\/uploads\/2023\/03\/64154aaec2d9164154aaec2d92167911697464154aaec2d8c64154aaec2d8e.jpg",620,413,false]},"rttpg_author":{"display_name":"V\u00fcsal Rafiqo\u011flu","author_link":"https:\/\/arantv.az\/?author=2"},"rttpg_comment":0,"rttpg_category":"<a href=\"https:\/\/arantv.az\/?cat=4\" rel=\"category\">Siyas\u0259t<\/a>","rttpg_excerpt":"57 \u00f6lk\u0259nin \u00fczv oldu\u011fu \u0130slam \u018fm\u0259kda\u015fl\u0131q T\u0259\u015fkilat\u0131 (\u0130\u018fT) Xarici \u0130\u015fl\u0259r Nazirl\u0259ri \u015euras\u0131n\u0131n Mavritaniyada ke\u00e7irilmi\u015f 49-cu sessiyas\u0131 zaman\u0131 d\u00fcn\u0259n q\u0259bul edilmi\u015f 5 q\u0259tnam\u0259d\u0259n biri \u201cTehrandak\u0131 Az\u0259rbaycan Respublikas\u0131n\u0131n S\u0259firliyin\u0259 qar\u015f\u0131 h\u00fccum\u201d adl\u0131 q\u0259tnam\u0259 idi. ARANTV.AZ x\u0259b\u0259r verir ki, q\u0259tnam\u0259d\u0259 27 yanvar 2023-c\u00fc il tarixind\u0259 Az\u0259rbaycan Respublikas\u0131n\u0131n Tehrandak\u0131 S\u0259firliyin\u0259 qar\u015f\u0131 \u00f6l\u00fcml\u0259 n\u0259tic\u0259l\u0259n\u0259n silahl\u0131 h\u00fccumu q\u0259ti \u015f\u0259kild\u0259 pisl\u0259nir, \u0130ran&hellip;","_links":{"self":[{"href":"https:\/\/arantv.az\/index.php?rest_route=\/wp\/v2\/posts\/578427"}],"collection":[{"href":"https:\/\/arantv.az\/index.php?rest_route=\/wp\/v2\/posts"}],"about":[{"href":"https:\/\/arantv.az\/index.php?rest_route=\/wp\/v2\/types\/post"}],"author":[{"embeddable":true,"href":"https:\/\/arantv.az\/index.php?rest_route=\/wp\/v2\/users\/2"}],"replies":[{"embeddable":true,"href":"https:\/\/arantv.az\/index.php?rest_route=%2Fwp%2Fv2%2Fcomments&post=578427"}],"version-history":[{"count":0,"href":"https:\/\/arantv.az\/index.php?rest_route=\/wp\/v2\/posts\/578427\/revisions"}],"wp:featuredmedia":[{"embeddable":true,"href":"https:\/\/arantv.az\/index.php?rest_route=\/wp\/v2\/media\/578428"}],"wp:attachment":[{"href":"https:\/\/arantv.az\/index.php?rest_route=%2Fwp%2Fv2%2Fmedia&parent=578427"}],"wp:term":[{"taxonomy":"category","embeddable":true,"href":"https:\/\/arantv.az\/index.php?rest_route=%2Fwp%2Fv2%2Fcategories&post=578427"},{"taxonomy":"post_tag","embeddable":true,"href":"https:\/\/arantv.az\/index.php?rest_route=%2Fwp%2Fv2%2Ftags&post=578427"}],"curies":[{"name":"wp","href":"https:\/\/api.w.org\/{rel}","templated":true}]}}