{"id":578435,"date":"2023-03-18T11:35:53","date_gmt":"2023-03-18T08:35:53","guid":{"rendered":"https:\/\/arantv.az\/?p=578435"},"modified":"2023-03-18T11:35:53","modified_gmt":"2023-03-18T08:35:53","slug":"ilham-%c9%99liyev-v%c9%99-mehriban-%c9%99liyeva-t%c9%99rt%c9%99r-rayonuna-s%c9%99f%c9%99r-edibl%c9%99r","status":"publish","type":"post","link":"https:\/\/arantv.az\/?p=578435","title":{"rendered":"\u0130lham \u018fliyev v\u0259 Mehriban \u018fliyeva T\u0259rt\u0259r rayonuna s\u0259f\u0259r edibl\u0259r"},"content":{"rendered":"<p>Az\u0259rbaycan Respublikas\u0131n\u0131n Prezidenti\u00a0<strong>\u0130lham \u018fliyev<\/strong>, Birinci vitse-prezident\u00a0<strong>Mehriban \u018fliyeva<\/strong>\u00a0v\u0259 q\u0131zlar\u0131\u00a0<strong>Arzu \u018fliyeva<\/strong>\u00a0mart\u0131n 18-d\u0259 T\u0259rt\u0259r rayonuna s\u0259f\u0259r edibl\u0259r.<\/p>\n<p><a href=\"https:\/\/azertag.az\/xeber\/Prezident_Ilham_Aliyev_ve_birinci_xanim_Mehriban_Aliyeva_Terter_rayonuna_sefer_edibler-2538344\" target=\"_blank\" rel=\"noopener\">AZ\u018fRTAC<\/a>\u00a0x\u0259b\u0259r verir ki, d\u00f6vl\u0259timizin ba\u015f\u00e7\u0131s\u0131 Tal\u0131\u015f-Tapqaraqoyunlu-Qa\u015falt\u0131 sanatoriyas\u0131 yolunun a\u00e7\u0131l\u0131\u015f\u0131nda i\u015ftirak edib.<\/p>\n<p>Prezident \u0130lham \u018fliyev, Birinci vitse-prezident Mehriban \u018fliyeva v\u0259 q\u0131zlar\u0131 Arzu \u018fliyeva Suqovu\u015fan q\u0259s\u0259b\u0259sind\u0259 orta m\u0259kt\u0259b binas\u0131nda yarad\u0131lan \u015f\u0259raitl\u0259 tan\u0131\u015f olub, ya\u015fay\u0131\u015f m\u0259h\u0259ll\u0259sinin t\u0259m\u0259lqoyma m\u0259rasimind\u0259 i\u015ftirak edibl\u0259r.<\/p>\n<p>D\u00f6vl\u0259timizin ba\u015f\u00e7\u0131s\u0131, Birinci vitse-prezident v\u0259 q\u0131zlar\u0131 Arzu \u018fliyeva Suqovu\u015fan su anbar\u0131n\u0131n v\u0259 ondan \u00e7\u0131xan magistral su kanal\u0131n\u0131n \u0259sasl\u0131 t\u0259miri, su anbar\u0131 boyunca yarad\u0131lan turizm infrastruktur obyektl\u0259rinin tikintisi il\u0259 d\u0259 tan\u0131\u015f olublar.<\/p>\n<p>Prezident \u0130lham \u018fliyev, Birinci vitse-prezident Mehriban \u018fliyeva v\u0259 q\u0131zlar\u0131 Arzu \u018fliyeva T\u0259rt\u0259r rayonunun Tal\u0131\u015f k\u0259ndin\u0259 g\u0259lib, burada k\u0259ndin Ba\u015f plan\u0131 il\u0259 tan\u0131\u015f olub, inzibati binada, u\u015faq ba\u011f\u00e7as\u0131nda, tam orta m\u0259kt\u0259bd\u0259 yarad\u0131lan \u015f\u0259rait\u0259 bax\u0131blar.<\/p>\n<p>Sonra d\u00f6vl\u0259timizin ba\u015f\u00e7\u0131s\u0131 Tal\u0131\u015f k\u0259ndind\u0259 Novruz tonqal\u0131n\u0131 alovland\u0131r\u0131b v\u0259 Az\u0259rbaycan xalq\u0131n\u0131 bayram m\u00fcnasib\u0259til\u0259 t\u0259brik edib.<\/p>\n<p>Daha sonra Prezident \u0130lham \u018fliyev, Birinci vitse-prezident Mehriban \u018fliyeva v\u0259 q\u0131zlar\u0131 Arzu \u018fliyeva Klub icma m\u0259rk\u0259zind\u0259 yarad\u0131lan \u015f\u0259raitl\u0259 tan\u0131\u015f olub, k\u0259nd sakinl\u0259ri il\u0259 g\u00f6r\u00fc\u015f\u00fcb s\u00f6hb\u0259t edibl\u0259r.<\/p>\n","protected":false},"excerpt":{"rendered":"<p>Az\u0259rbaycan Respublikas\u0131n\u0131n Prezidenti\u00a0\u0130lham \u018fliyev, Birinci vitse-prezident\u00a0Mehriban \u018fliyeva\u00a0v\u0259 q\u0131zlar\u0131\u00a0Arzu \u018fliyeva\u00a0mart\u0131n 18-d\u0259 T\u0259rt\u0259r rayonuna s\u0259f\u0259r edibl\u0259r. AZ\u018fRTAC\u00a0x\u0259b\u0259r verir ki, d\u00f6vl\u0259timizin ba\u015f\u00e7\u0131s\u0131 Tal\u0131\u015f-Tapqaraqoyunlu-Qa\u015falt\u0131 sanatoriyas\u0131 yolunun a\u00e7\u0131l\u0131\u015f\u0131nda i\u015ftirak edib. Prezident \u0130lham \u018fliyev, Birinci vitse-prezident Mehriban \u018fliyeva v\u0259 q\u0131zlar\u0131 Arzu \u018fliyeva Suqovu\u015fan q\u0259s\u0259b\u0259sind\u0259 orta m\u0259kt\u0259b binas\u0131nda yarad\u0131lan \u015f\u0259raitl\u0259 tan\u0131\u015f olub, ya\u015fay\u0131\u015f m\u0259h\u0259ll\u0259sinin t\u0259m\u0259lqoyma m\u0259rasimind\u0259 i\u015ftirak edibl\u0259r. D\u00f6vl\u0259timizin ba\u015f\u00e7\u0131s\u0131, Birinci vitse-prezident v\u0259 q\u0131zlar\u0131 Arzu \u018fliyeva Suqovu\u015fan su anbar\u0131n\u0131n v\u0259 ondan \u00e7\u0131xan magistral su kanal\u0131n\u0131n \u0259sasl\u0131 t\u0259miri, su anbar\u0131 boyunca yarad\u0131lan turizm infrastruktur obyektl\u0259rinin tikintisi il\u0259 d\u0259 tan\u0131\u015f olublar. Prezident \u0130lham \u018fliyev, Birinci vitse-prezident Mehriban \u018fliyeva v\u0259&hellip;<\/p>\n","protected":false},"author":2,"featured_media":578436,"comment_status":"closed","ping_status":"closed","sticky":false,"template":"","format":"standard","meta":{"om_disable_all_campaigns":false,"_monsterinsights_skip_tracking":false,"_monsterinsights_sitenote_active":false,"_monsterinsights_sitenote_note":"","_monsterinsights_sitenote_category":0},"categories":[8],"tags":[],"aioseo_notices":[],"gutentor_comment":0,"rttpg_featured_image_url":{"full":["https:\/\/arantv.az\/wp-content\/uploads\/2023\/03\/FotoJet-109.jpg",620,413,false],"landscape":["https:\/\/arantv.az\/wp-content\/uploads\/2023\/03\/FotoJet-109.jpg",620,413,false],"portraits":["https:\/\/arantv.az\/wp-content\/uploads\/2023\/03\/FotoJet-109.jpg",620,413,false],"thumbnail":["https:\/\/arantv.az\/wp-content\/uploads\/2023\/03\/FotoJet-109-500x280.jpg",500,280,true],"medium":["https:\/\/arantv.az\/wp-content\/uploads\/2023\/03\/FotoJet-109-548x365.jpg",548,365,true],"large":["https:\/\/arantv.az\/wp-content\/uploads\/2023\/03\/FotoJet-109.jpg",620,413,false],"1536x1536":["https:\/\/arantv.az\/wp-content\/uploads\/2023\/03\/FotoJet-109.jpg",620,413,false],"2048x2048":["https:\/\/arantv.az\/wp-content\/uploads\/2023\/03\/FotoJet-109.jpg",620,413,false],"post-thumbnail":["https:\/\/arantv.az\/wp-content\/uploads\/2023\/03\/FotoJet-109-240x172.jpg",240,172,true],"advps-thumb-one":["https:\/\/arantv.az\/wp-content\/uploads\/2023\/03\/FotoJet-109.jpg",620,413,false]},"rttpg_author":{"display_name":"V\u00fcsal Rafiqo\u011flu","author_link":"https:\/\/arantv.az\/?author=2"},"rttpg_comment":0,"rttpg_category":"<a href=\"https:\/\/arantv.az\/?cat=8\" rel=\"category\">\u018fsas s\u0259hif\u0259<\/a>","rttpg_excerpt":"Az\u0259rbaycan Respublikas\u0131n\u0131n Prezidenti\u00a0\u0130lham \u018fliyev, Birinci vitse-prezident\u00a0Mehriban \u018fliyeva\u00a0v\u0259 q\u0131zlar\u0131\u00a0Arzu \u018fliyeva\u00a0mart\u0131n 18-d\u0259 T\u0259rt\u0259r rayonuna s\u0259f\u0259r edibl\u0259r. AZ\u018fRTAC\u00a0x\u0259b\u0259r verir ki, d\u00f6vl\u0259timizin ba\u015f\u00e7\u0131s\u0131 Tal\u0131\u015f-Tapqaraqoyunlu-Qa\u015falt\u0131 sanatoriyas\u0131 yolunun a\u00e7\u0131l\u0131\u015f\u0131nda i\u015ftirak edib. Prezident \u0130lham \u018fliyev, Birinci vitse-prezident Mehriban \u018fliyeva v\u0259 q\u0131zlar\u0131 Arzu \u018fliyeva Suqovu\u015fan q\u0259s\u0259b\u0259sind\u0259 orta m\u0259kt\u0259b binas\u0131nda yarad\u0131lan \u015f\u0259raitl\u0259 tan\u0131\u015f olub, ya\u015fay\u0131\u015f m\u0259h\u0259ll\u0259sinin t\u0259m\u0259lqoyma m\u0259rasimind\u0259 i\u015ftirak edibl\u0259r. D\u00f6vl\u0259timizin ba\u015f\u00e7\u0131s\u0131, Birinci vitse-prezident&hellip;","_links":{"self":[{"href":"https:\/\/arantv.az\/index.php?rest_route=\/wp\/v2\/posts\/578435"}],"collection":[{"href":"https:\/\/arantv.az\/index.php?rest_route=\/wp\/v2\/posts"}],"about":[{"href":"https:\/\/arantv.az\/index.php?rest_route=\/wp\/v2\/types\/post"}],"author":[{"embeddable":true,"href":"https:\/\/arantv.az\/index.php?rest_route=\/wp\/v2\/users\/2"}],"replies":[{"embeddable":true,"href":"https:\/\/arantv.az\/index.php?rest_route=%2Fwp%2Fv2%2Fcomments&post=578435"}],"version-history":[{"count":0,"href":"https:\/\/arantv.az\/index.php?rest_route=\/wp\/v2\/posts\/578435\/revisions"}],"wp:featuredmedia":[{"embeddable":true,"href":"https:\/\/arantv.az\/index.php?rest_route=\/wp\/v2\/media\/578436"}],"wp:attachment":[{"href":"https:\/\/arantv.az\/index.php?rest_route=%2Fwp%2Fv2%2Fmedia&parent=578435"}],"wp:term":[{"taxonomy":"category","embeddable":true,"href":"https:\/\/arantv.az\/index.php?rest_route=%2Fwp%2Fv2%2Fcategories&post=578435"},{"taxonomy":"post_tag","embeddable":true,"href":"https:\/\/arantv.az\/index.php?rest_route=%2Fwp%2Fv2%2Ftags&post=578435"}],"curies":[{"name":"wp","href":"https:\/\/api.w.org\/{rel}","templated":true}]}}