{"id":578438,"date":"2023-03-18T11:36:56","date_gmt":"2023-03-18T08:36:56","guid":{"rendered":"https:\/\/arantv.az\/?p=578438"},"modified":"2023-03-18T11:36:56","modified_gmt":"2023-03-18T08:36:56","slug":"turkiy%c9%99d%c9%99-secki-kampaniyasi-basladi","status":"publish","type":"post","link":"https:\/\/arantv.az\/?p=578438","title":{"rendered":"T\u00fcrkiy\u0259d\u0259 se\u00e7ki kampaniyas\u0131 ba\u015flad\u0131"},"content":{"rendered":"<p>T\u00fcrkiy\u0259d\u0259 may\u0131n 14-d\u0259 ke\u00e7iril\u0259c\u0259k prezident v\u0259 parlament se\u00e7kil\u0259ri il\u0259 ba\u011fl\u0131 proses bu g\u00fcnd\u0259n r\u0259sm\u0259n ba\u015flay\u0131r.<\/p>\n<p>T\u0259qvim\u0259 \u0259sas\u0259n, prezidentliy\u0259 namiz\u0259dlik \u00fc\u00e7\u00fcn \u0259riz\u0259l\u0259rin q\u0259bulu mart\u0131n 19-dan ba\u015flayacaq.<\/p>\n<p>Se\u00e7icil\u0259r t\u0259r\u0259find\u0259n namiz\u0259dliyini ir\u0259li s\u00fcrm\u0259k \u00fc\u00e7\u00fcn 100 000 imza laz\u0131md\u0131r. H\u0259min imzalar mart\u0131n 22-27-d\u0259 dair\u0259 se\u00e7ki komissiyalar\u0131nda toplanacaq.<\/p>\n<p>Siyasi partiyalar\u0131n prezidentliy\u0259 namiz\u0259dliyi il\u0259 ba\u011fl\u0131 son m\u00fcraci\u0259t tarixi mart\u0131n 23-d\u00fcr.<\/p>\n<p>M\u0259nb\u0259: TRT Haber<\/p>\n","protected":false},"excerpt":{"rendered":"<p>T\u00fcrkiy\u0259d\u0259 may\u0131n 14-d\u0259 ke\u00e7iril\u0259c\u0259k prezident v\u0259 parlament se\u00e7kil\u0259ri il\u0259 ba\u011fl\u0131 proses bu g\u00fcnd\u0259n r\u0259sm\u0259n ba\u015flay\u0131r. T\u0259qvim\u0259 \u0259sas\u0259n, prezidentliy\u0259 namiz\u0259dlik \u00fc\u00e7\u00fcn \u0259riz\u0259l\u0259rin q\u0259bulu mart\u0131n 19-dan ba\u015flayacaq. Se\u00e7icil\u0259r t\u0259r\u0259find\u0259n namiz\u0259dliyini ir\u0259li s\u00fcrm\u0259k \u00fc\u00e7\u00fcn 100 000 imza laz\u0131md\u0131r. H\u0259min imzalar mart\u0131n 22-27-d\u0259 dair\u0259 se\u00e7ki komissiyalar\u0131nda toplanacaq. Siyasi partiyalar\u0131n prezidentliy\u0259 namiz\u0259dliyi il\u0259 ba\u011fl\u0131 son m\u00fcraci\u0259t tarixi mart\u0131n 23-d\u00fcr. M\u0259nb\u0259: TRT Haber<\/p>\n","protected":false},"author":2,"featured_media":578439,"comment_status":"closed","ping_status":"closed","sticky":false,"template":"","format":"standard","meta":{"om_disable_all_campaigns":false,"_monsterinsights_skip_tracking":false,"_monsterinsights_sitenote_active":false,"_monsterinsights_sitenote_note":"","_monsterinsights_sitenote_category":0},"categories":[7],"tags":[],"aioseo_notices":[],"gutentor_comment":0,"rttpg_featured_image_url":{"full":["https:\/\/arantv.az\/wp-content\/uploads\/2023\/03\/334678100_1400194060813211_2571021087166254478_n.jpg",620,413,false],"landscape":["https:\/\/arantv.az\/wp-content\/uploads\/2023\/03\/334678100_1400194060813211_2571021087166254478_n.jpg",620,413,false],"portraits":["https:\/\/arantv.az\/wp-content\/uploads\/2023\/03\/334678100_1400194060813211_2571021087166254478_n.jpg",620,413,false],"thumbnail":["https:\/\/arantv.az\/wp-content\/uploads\/2023\/03\/334678100_1400194060813211_2571021087166254478_n-500x280.jpg",500,280,true],"medium":["https:\/\/arantv.az\/wp-content\/uploads\/2023\/03\/334678100_1400194060813211_2571021087166254478_n-548x365.jpg",548,365,true],"large":["https:\/\/arantv.az\/wp-content\/uploads\/2023\/03\/334678100_1400194060813211_2571021087166254478_n.jpg",620,413,false],"1536x1536":["https:\/\/arantv.az\/wp-content\/uploads\/2023\/03\/334678100_1400194060813211_2571021087166254478_n.jpg",620,413,false],"2048x2048":["https:\/\/arantv.az\/wp-content\/uploads\/2023\/03\/334678100_1400194060813211_2571021087166254478_n.jpg",620,413,false],"post-thumbnail":["https:\/\/arantv.az\/wp-content\/uploads\/2023\/03\/334678100_1400194060813211_2571021087166254478_n-240x172.jpg",240,172,true],"advps-thumb-one":["https:\/\/arantv.az\/wp-content\/uploads\/2023\/03\/334678100_1400194060813211_2571021087166254478_n.jpg",620,413,false]},"rttpg_author":{"display_name":"V\u00fcsal Rafiqo\u011flu","author_link":"https:\/\/arantv.az\/?author=2"},"rttpg_comment":0,"rttpg_category":"<a href=\"https:\/\/arantv.az\/?cat=7\" rel=\"category\">D\u00fcnya<\/a>","rttpg_excerpt":"T\u00fcrkiy\u0259d\u0259 may\u0131n 14-d\u0259 ke\u00e7iril\u0259c\u0259k prezident v\u0259 parlament se\u00e7kil\u0259ri il\u0259 ba\u011fl\u0131 proses bu g\u00fcnd\u0259n r\u0259sm\u0259n ba\u015flay\u0131r. T\u0259qvim\u0259 \u0259sas\u0259n, prezidentliy\u0259 namiz\u0259dlik \u00fc\u00e7\u00fcn \u0259riz\u0259l\u0259rin q\u0259bulu mart\u0131n 19-dan ba\u015flayacaq. Se\u00e7icil\u0259r t\u0259r\u0259find\u0259n namiz\u0259dliyini ir\u0259li s\u00fcrm\u0259k \u00fc\u00e7\u00fcn 100 000 imza laz\u0131md\u0131r. H\u0259min imzalar mart\u0131n 22-27-d\u0259 dair\u0259 se\u00e7ki komissiyalar\u0131nda toplanacaq. Siyasi partiyalar\u0131n prezidentliy\u0259 namiz\u0259dliyi il\u0259 ba\u011fl\u0131 son m\u00fcraci\u0259t tarixi mart\u0131n 23-d\u00fcr. M\u0259nb\u0259:&hellip;","_links":{"self":[{"href":"https:\/\/arantv.az\/index.php?rest_route=\/wp\/v2\/posts\/578438"}],"collection":[{"href":"https:\/\/arantv.az\/index.php?rest_route=\/wp\/v2\/posts"}],"about":[{"href":"https:\/\/arantv.az\/index.php?rest_route=\/wp\/v2\/types\/post"}],"author":[{"embeddable":true,"href":"https:\/\/arantv.az\/index.php?rest_route=\/wp\/v2\/users\/2"}],"replies":[{"embeddable":true,"href":"https:\/\/arantv.az\/index.php?rest_route=%2Fwp%2Fv2%2Fcomments&post=578438"}],"version-history":[{"count":0,"href":"https:\/\/arantv.az\/index.php?rest_route=\/wp\/v2\/posts\/578438\/revisions"}],"wp:featuredmedia":[{"embeddable":true,"href":"https:\/\/arantv.az\/index.php?rest_route=\/wp\/v2\/media\/578439"}],"wp:attachment":[{"href":"https:\/\/arantv.az\/index.php?rest_route=%2Fwp%2Fv2%2Fmedia&parent=578438"}],"wp:term":[{"taxonomy":"category","embeddable":true,"href":"https:\/\/arantv.az\/index.php?rest_route=%2Fwp%2Fv2%2Fcategories&post=578438"},{"taxonomy":"post_tag","embeddable":true,"href":"https:\/\/arantv.az\/index.php?rest_route=%2Fwp%2Fv2%2Ftags&post=578438"}],"curies":[{"name":"wp","href":"https:\/\/api.w.org\/{rel}","templated":true}]}}