{"id":578463,"date":"2023-03-18T12:44:57","date_gmt":"2023-03-18T09:44:57","guid":{"rendered":"https:\/\/arantv.az\/?p=578463"},"modified":"2023-03-18T12:44:57","modified_gmt":"2023-03-18T09:44:57","slug":"ilham-%c9%99liyev-44-gun-%c9%99rzind%c9%99-dusm%c9%99ni-torpaqlarimizdan-qovduq-v%c9%99-qarabagda-az%c9%99rbaycan-bayragini-ucaltdiq","status":"publish","type":"post","link":"https:\/\/arantv.az\/?p=578463","title":{"rendered":"\u0130lham \u018fliyev: \u201c44 g\u00fcn \u0259rzind\u0259 d\u00fc\u015fm\u0259ni torpaqlar\u0131m\u0131zdan qovduq v\u0259 Qaraba\u011fda Az\u0259rbaycan Bayra\u011f\u0131n\u0131 ucaltd\u0131q\u201d"},"content":{"rendered":"<p>\u201cBiz \u00f6z haqq\u0131m\u0131z\u0131, \u00f6z h\u00fcquqlar\u0131m\u0131z\u0131 d\u00f6y\u00fc\u015f meydan\u0131nda b\u0259rpa etdik. Q\u0131rx d\u00f6rd g\u00fcn \u0259rzind\u0259 m\u0259nfur d\u00fc\u015fm\u0259ni torpaqlar\u0131m\u0131zdan qovduq v\u0259 Qaraba\u011fda Az\u0259rbaycan Bayra\u011f\u0131n\u0131 ucaltd\u0131q. Bu, \u00e7ox\u0259srlik Az\u0259rbaycan tarixinin \u0259n parlaq s\u0259hif\u0259sidir\u201d.<\/p>\n<p><a href=\"https:\/\/azertag.az\/xeber\/Qirx_dord_gun_erzinde_menfur_dusmeni_torpaqlarimizdan_qovmagimiz_choxesrlik_Azerbaycan_tarixinin_en_parlaq_sehifesidir-2538545\" target=\"_blank\" rel=\"noopener\">AZ\u018fRTAC<\/a>\u00a0x\u0259b\u0259r verir ki, bu s\u00f6zl\u0259ri mart\u0131n 18-d\u0259 Prezident\u00a0<strong>\u0130lham \u018fliyev<\/strong>\u00a0Novruz bayram\u0131 m\u00fcnasib\u0259til\u0259 T\u0259rt\u0259r rayonunun Tal\u0131\u015f k\u0259ndind\u0259 Az\u0259rbaycan xalq\u0131na m\u00fcraci\u0259tind\u0259 deyib.<\/p>\n<p>D\u00f6vl\u0259timizin ba\u015f\u00e7\u0131s\u0131 bildirib: \u201cQ\u0131rx d\u00f6rd g\u00fcn \u0259rzind\u0259 Az\u0259rbaycan xalq\u0131 ordumuzun arxas\u0131nda dayaq kimi, yumruq kimi birl\u0259\u015fdi. Biz i\u015f\u011fal edilmi\u015f torpaqlar\u0131 qan t\u00f6k\u0259r\u0259k azad etdik\u201d.<\/p>\n","protected":false},"excerpt":{"rendered":"<p>\u201cBiz \u00f6z haqq\u0131m\u0131z\u0131, \u00f6z h\u00fcquqlar\u0131m\u0131z\u0131 d\u00f6y\u00fc\u015f meydan\u0131nda b\u0259rpa etdik. Q\u0131rx d\u00f6rd g\u00fcn \u0259rzind\u0259 m\u0259nfur d\u00fc\u015fm\u0259ni torpaqlar\u0131m\u0131zdan qovduq v\u0259 Qaraba\u011fda Az\u0259rbaycan Bayra\u011f\u0131n\u0131 ucaltd\u0131q. Bu, \u00e7ox\u0259srlik Az\u0259rbaycan tarixinin \u0259n parlaq s\u0259hif\u0259sidir\u201d. AZ\u018fRTAC\u00a0x\u0259b\u0259r verir ki, bu s\u00f6zl\u0259ri mart\u0131n 18-d\u0259 Prezident\u00a0\u0130lham \u018fliyev\u00a0Novruz bayram\u0131 m\u00fcnasib\u0259til\u0259 T\u0259rt\u0259r rayonunun Tal\u0131\u015f k\u0259ndind\u0259 Az\u0259rbaycan xalq\u0131na m\u00fcraci\u0259tind\u0259 deyib. D\u00f6vl\u0259timizin ba\u015f\u00e7\u0131s\u0131 bildirib: \u201cQ\u0131rx d\u00f6rd g\u00fcn \u0259rzind\u0259 Az\u0259rbaycan xalq\u0131 ordumuzun arxas\u0131nda dayaq kimi, yumruq kimi birl\u0259\u015fdi. Biz i\u015f\u011fal edilmi\u015f torpaqlar\u0131 qan t\u00f6k\u0259r\u0259k azad etdik\u201d.<\/p>\n","protected":false},"author":2,"featured_media":578464,"comment_status":"closed","ping_status":"closed","sticky":false,"template":"","format":"standard","meta":{"om_disable_all_campaigns":false,"_monsterinsights_skip_tracking":false,"_monsterinsights_sitenote_active":false,"_monsterinsights_sitenote_note":"","_monsterinsights_sitenote_category":0},"categories":[4],"tags":[],"aioseo_notices":[],"gutentor_comment":0,"rttpg_featured_image_url":{"full":["https:\/\/arantv.az\/wp-content\/uploads\/2023\/03\/155129491_10164622835490315_3143305307096763887_o-2.jpg",620,413,false],"landscape":["https:\/\/arantv.az\/wp-content\/uploads\/2023\/03\/155129491_10164622835490315_3143305307096763887_o-2.jpg",620,413,false],"portraits":["https:\/\/arantv.az\/wp-content\/uploads\/2023\/03\/155129491_10164622835490315_3143305307096763887_o-2.jpg",620,413,false],"thumbnail":["https:\/\/arantv.az\/wp-content\/uploads\/2023\/03\/155129491_10164622835490315_3143305307096763887_o-2-500x280.jpg",500,280,true],"medium":["https:\/\/arantv.az\/wp-content\/uploads\/2023\/03\/155129491_10164622835490315_3143305307096763887_o-2-548x365.jpg",548,365,true],"large":["https:\/\/arantv.az\/wp-content\/uploads\/2023\/03\/155129491_10164622835490315_3143305307096763887_o-2.jpg",620,413,false],"1536x1536":["https:\/\/arantv.az\/wp-content\/uploads\/2023\/03\/155129491_10164622835490315_3143305307096763887_o-2.jpg",620,413,false],"2048x2048":["https:\/\/arantv.az\/wp-content\/uploads\/2023\/03\/155129491_10164622835490315_3143305307096763887_o-2.jpg",620,413,false],"post-thumbnail":["https:\/\/arantv.az\/wp-content\/uploads\/2023\/03\/155129491_10164622835490315_3143305307096763887_o-2-240x172.jpg",240,172,true],"advps-thumb-one":["https:\/\/arantv.az\/wp-content\/uploads\/2023\/03\/155129491_10164622835490315_3143305307096763887_o-2.jpg",620,413,false]},"rttpg_author":{"display_name":"V\u00fcsal Rafiqo\u011flu","author_link":"https:\/\/arantv.az\/?author=2"},"rttpg_comment":0,"rttpg_category":"<a href=\"https:\/\/arantv.az\/?cat=4\" rel=\"category\">Siyas\u0259t<\/a>","rttpg_excerpt":"\u201cBiz \u00f6z haqq\u0131m\u0131z\u0131, \u00f6z h\u00fcquqlar\u0131m\u0131z\u0131 d\u00f6y\u00fc\u015f meydan\u0131nda b\u0259rpa etdik. Q\u0131rx d\u00f6rd g\u00fcn \u0259rzind\u0259 m\u0259nfur d\u00fc\u015fm\u0259ni torpaqlar\u0131m\u0131zdan qovduq v\u0259 Qaraba\u011fda Az\u0259rbaycan Bayra\u011f\u0131n\u0131 ucaltd\u0131q. Bu, \u00e7ox\u0259srlik Az\u0259rbaycan tarixinin \u0259n parlaq s\u0259hif\u0259sidir\u201d. AZ\u018fRTAC\u00a0x\u0259b\u0259r verir ki, bu s\u00f6zl\u0259ri mart\u0131n 18-d\u0259 Prezident\u00a0\u0130lham \u018fliyev\u00a0Novruz bayram\u0131 m\u00fcnasib\u0259til\u0259 T\u0259rt\u0259r rayonunun Tal\u0131\u015f k\u0259ndind\u0259 Az\u0259rbaycan xalq\u0131na m\u00fcraci\u0259tind\u0259 deyib. D\u00f6vl\u0259timizin ba\u015f\u00e7\u0131s\u0131 bildirib: \u201cQ\u0131rx d\u00f6rd g\u00fcn \u0259rzind\u0259&hellip;","_links":{"self":[{"href":"https:\/\/arantv.az\/index.php?rest_route=\/wp\/v2\/posts\/578463"}],"collection":[{"href":"https:\/\/arantv.az\/index.php?rest_route=\/wp\/v2\/posts"}],"about":[{"href":"https:\/\/arantv.az\/index.php?rest_route=\/wp\/v2\/types\/post"}],"author":[{"embeddable":true,"href":"https:\/\/arantv.az\/index.php?rest_route=\/wp\/v2\/users\/2"}],"replies":[{"embeddable":true,"href":"https:\/\/arantv.az\/index.php?rest_route=%2Fwp%2Fv2%2Fcomments&post=578463"}],"version-history":[{"count":0,"href":"https:\/\/arantv.az\/index.php?rest_route=\/wp\/v2\/posts\/578463\/revisions"}],"wp:featuredmedia":[{"embeddable":true,"href":"https:\/\/arantv.az\/index.php?rest_route=\/wp\/v2\/media\/578464"}],"wp:attachment":[{"href":"https:\/\/arantv.az\/index.php?rest_route=%2Fwp%2Fv2%2Fmedia&parent=578463"}],"wp:term":[{"taxonomy":"category","embeddable":true,"href":"https:\/\/arantv.az\/index.php?rest_route=%2Fwp%2Fv2%2Fcategories&post=578463"},{"taxonomy":"post_tag","embeddable":true,"href":"https:\/\/arantv.az\/index.php?rest_route=%2Fwp%2Fv2%2Ftags&post=578463"}],"curies":[{"name":"wp","href":"https:\/\/api.w.org\/{rel}","templated":true}]}}