{"id":578470,"date":"2023-03-18T13:14:12","date_gmt":"2023-03-18T10:14:12","guid":{"rendered":"https:\/\/arantv.az\/?p=578470"},"modified":"2023-03-18T13:14:12","modified_gmt":"2023-03-18T10:14:12","slug":"prezident-b%c9%99zi-olk%c9%99l%c9%99rd%c9%99-az%c9%99rbaycanin-daxili-isl%c9%99ri-il%c9%99-bagli-konfranslar-t%c9%99skil-edilir","status":"publish","type":"post","link":"https:\/\/arantv.az\/?p=578470","title":{"rendered":"Prezident: \u201cB\u0259zi \u00f6lk\u0259l\u0259rd\u0259 Az\u0259rbaycan\u0131n daxili i\u015fl\u0259ri il\u0259 ba\u011fl\u0131 konfranslar t\u0259\u015fkil edilir\u201d"},"content":{"rendered":"<p>\u201cB\u0259zi \u00f6lk\u0259l\u0259rd\u0259 Az\u0259rbaycan\u0131n daxili i\u015fl\u0259ri il\u0259 ba\u011fl\u0131 hans\u0131sa konfranslar, simpoziumlar t\u0259\u015fkil edirl\u0259r\u201d.<\/p>\n<p><a href=\"https:\/\/azertag.az\/xeber\/Bezi_olkelerde_Azerbaycanin_daxili_isleri_ile_bagli_konfranslar_teskil_edilir-2538617\" target=\"_blank\" rel=\"noopener\">AZ\u018fRTAC<\/a>\u00a0x\u0259b\u0259r verir ki, bu s\u00f6zl\u0259ri mart\u0131n 18-d\u0259 Prezident\u00a0<strong>\u0130lham \u018fliyev<\/strong>\u00a0Novruz bayram\u0131 m\u00fcnasib\u0259til\u0259 T\u0259rt\u0259r rayonunun Tal\u0131\u015f k\u0259ndind\u0259 Az\u0259rbaycan xalq\u0131na m\u00fcraci\u0259tind\u0259 s\u0259sl\u0259ndirib.<\/p>\n<p>D\u00f6vl\u0259timizin ba\u015f\u00e7\u0131s\u0131 qeyd edib: \u201cB\u0259zi erm\u0259nip\u0259r\u0259st \u00f6lk\u0259l\u0259r d\u00fcnya x\u0259rit\u0259sind\u0259 olmayan, Az\u0259rbaycan\u0131n \u0259razisind\u0259 m\u00f6vcud olmayan \u201cDa\u011fl\u0131q Qaraba\u011f\u0131n m\u00fcst\u0259qilliyi\u201dni tan\u0131y\u0131rlar. Bu, n\u0259 dem\u0259kdir? O dem\u0259kdir ki, i\u015f\u011fal d\u00f6vr\u00fcnd\u0259 b\u00fct\u00fcn bu q\u00fcvv\u0259l\u0259rin yegan\u0259 amal\u0131 bu i\u015f\u011fal\u0131 \u0259b\u0259dil\u0259\u015fdirm\u0259k idi. Bu m\u00fcnaqi\u015f\u0259ni h\u0259ll etm\u0259k yox, dondurmaq idi\u201d.<\/p>\n","protected":false},"excerpt":{"rendered":"<p>\u201cB\u0259zi \u00f6lk\u0259l\u0259rd\u0259 Az\u0259rbaycan\u0131n daxili i\u015fl\u0259ri il\u0259 ba\u011fl\u0131 hans\u0131sa konfranslar, simpoziumlar t\u0259\u015fkil edirl\u0259r\u201d. AZ\u018fRTAC\u00a0x\u0259b\u0259r verir ki, bu s\u00f6zl\u0259ri mart\u0131n 18-d\u0259 Prezident\u00a0\u0130lham \u018fliyev\u00a0Novruz bayram\u0131 m\u00fcnasib\u0259til\u0259 T\u0259rt\u0259r rayonunun Tal\u0131\u015f k\u0259ndind\u0259 Az\u0259rbaycan xalq\u0131na m\u00fcraci\u0259tind\u0259 s\u0259sl\u0259ndirib. D\u00f6vl\u0259timizin ba\u015f\u00e7\u0131s\u0131 qeyd edib: \u201cB\u0259zi erm\u0259nip\u0259r\u0259st \u00f6lk\u0259l\u0259r d\u00fcnya x\u0259rit\u0259sind\u0259 olmayan, Az\u0259rbaycan\u0131n \u0259razisind\u0259 m\u00f6vcud olmayan \u201cDa\u011fl\u0131q Qaraba\u011f\u0131n m\u00fcst\u0259qilliyi\u201dni tan\u0131y\u0131rlar. Bu, n\u0259 dem\u0259kdir? O dem\u0259kdir ki, i\u015f\u011fal d\u00f6vr\u00fcnd\u0259 b\u00fct\u00fcn bu q\u00fcvv\u0259l\u0259rin yegan\u0259 amal\u0131 bu i\u015f\u011fal\u0131 \u0259b\u0259dil\u0259\u015fdirm\u0259k idi. Bu m\u00fcnaqi\u015f\u0259ni h\u0259ll etm\u0259k yox, dondurmaq idi\u201d.<\/p>\n","protected":false},"author":2,"featured_media":578471,"comment_status":"closed","ping_status":"closed","sticky":false,"template":"","format":"standard","meta":{"om_disable_all_campaigns":false,"_monsterinsights_skip_tracking":false,"_monsterinsights_sitenote_active":false,"_monsterinsights_sitenote_note":"","_monsterinsights_sitenote_category":0},"categories":[4],"tags":[],"aioseo_notices":[],"gutentor_comment":0,"rttpg_featured_image_url":{"full":["https:\/\/arantv.az\/wp-content\/uploads\/2023\/03\/ilham-E_liyev.jpg",620,413,false],"landscape":["https:\/\/arantv.az\/wp-content\/uploads\/2023\/03\/ilham-E_liyev.jpg",620,413,false],"portraits":["https:\/\/arantv.az\/wp-content\/uploads\/2023\/03\/ilham-E_liyev.jpg",620,413,false],"thumbnail":["https:\/\/arantv.az\/wp-content\/uploads\/2023\/03\/ilham-E_liyev-500x280.jpg",500,280,true],"medium":["https:\/\/arantv.az\/wp-content\/uploads\/2023\/03\/ilham-E_liyev-548x365.jpg",548,365,true],"large":["https:\/\/arantv.az\/wp-content\/uploads\/2023\/03\/ilham-E_liyev.jpg",620,413,false],"1536x1536":["https:\/\/arantv.az\/wp-content\/uploads\/2023\/03\/ilham-E_liyev.jpg",620,413,false],"2048x2048":["https:\/\/arantv.az\/wp-content\/uploads\/2023\/03\/ilham-E_liyev.jpg",620,413,false],"post-thumbnail":["https:\/\/arantv.az\/wp-content\/uploads\/2023\/03\/ilham-E_liyev-240x172.jpg",240,172,true],"advps-thumb-one":["https:\/\/arantv.az\/wp-content\/uploads\/2023\/03\/ilham-E_liyev.jpg",620,413,false]},"rttpg_author":{"display_name":"V\u00fcsal Rafiqo\u011flu","author_link":"https:\/\/arantv.az\/?author=2"},"rttpg_comment":0,"rttpg_category":"<a href=\"https:\/\/arantv.az\/?cat=4\" rel=\"category\">Siyas\u0259t<\/a>","rttpg_excerpt":"\u201cB\u0259zi \u00f6lk\u0259l\u0259rd\u0259 Az\u0259rbaycan\u0131n daxili i\u015fl\u0259ri il\u0259 ba\u011fl\u0131 hans\u0131sa konfranslar, simpoziumlar t\u0259\u015fkil edirl\u0259r\u201d. AZ\u018fRTAC\u00a0x\u0259b\u0259r verir ki, bu s\u00f6zl\u0259ri mart\u0131n 18-d\u0259 Prezident\u00a0\u0130lham \u018fliyev\u00a0Novruz bayram\u0131 m\u00fcnasib\u0259til\u0259 T\u0259rt\u0259r rayonunun Tal\u0131\u015f k\u0259ndind\u0259 Az\u0259rbaycan xalq\u0131na m\u00fcraci\u0259tind\u0259 s\u0259sl\u0259ndirib. D\u00f6vl\u0259timizin ba\u015f\u00e7\u0131s\u0131 qeyd edib: \u201cB\u0259zi erm\u0259nip\u0259r\u0259st \u00f6lk\u0259l\u0259r d\u00fcnya x\u0259rit\u0259sind\u0259 olmayan, Az\u0259rbaycan\u0131n \u0259razisind\u0259 m\u00f6vcud olmayan \u201cDa\u011fl\u0131q Qaraba\u011f\u0131n m\u00fcst\u0259qilliyi\u201dni tan\u0131y\u0131rlar. Bu, n\u0259 dem\u0259kdir? O dem\u0259kdir ki,&hellip;","_links":{"self":[{"href":"https:\/\/arantv.az\/index.php?rest_route=\/wp\/v2\/posts\/578470"}],"collection":[{"href":"https:\/\/arantv.az\/index.php?rest_route=\/wp\/v2\/posts"}],"about":[{"href":"https:\/\/arantv.az\/index.php?rest_route=\/wp\/v2\/types\/post"}],"author":[{"embeddable":true,"href":"https:\/\/arantv.az\/index.php?rest_route=\/wp\/v2\/users\/2"}],"replies":[{"embeddable":true,"href":"https:\/\/arantv.az\/index.php?rest_route=%2Fwp%2Fv2%2Fcomments&post=578470"}],"version-history":[{"count":0,"href":"https:\/\/arantv.az\/index.php?rest_route=\/wp\/v2\/posts\/578470\/revisions"}],"wp:featuredmedia":[{"embeddable":true,"href":"https:\/\/arantv.az\/index.php?rest_route=\/wp\/v2\/media\/578471"}],"wp:attachment":[{"href":"https:\/\/arantv.az\/index.php?rest_route=%2Fwp%2Fv2%2Fmedia&parent=578470"}],"wp:term":[{"taxonomy":"category","embeddable":true,"href":"https:\/\/arantv.az\/index.php?rest_route=%2Fwp%2Fv2%2Fcategories&post=578470"},{"taxonomy":"post_tag","embeddable":true,"href":"https:\/\/arantv.az\/index.php?rest_route=%2Fwp%2Fv2%2Ftags&post=578470"}],"curies":[{"name":"wp","href":"https:\/\/api.w.org\/{rel}","templated":true}]}}