{"id":578474,"date":"2023-03-18T13:14:52","date_gmt":"2023-03-18T10:14:52","guid":{"rendered":"https:\/\/arantv.az\/?p=578474"},"modified":"2023-03-18T13:14:52","modified_gmt":"2023-03-18T10:14:52","slug":"almaniya-az%c9%99rbaycan-%c9%99laq%c9%99l%c9%99ri-sadiqliq-v%c9%99-d%c9%99qiqlik","status":"publish","type":"post","link":"https:\/\/arantv.az\/?p=578474","title":{"rendered":"Almaniya &#8211; Az\u0259rbaycan \u0259laq\u0259l\u0259ri: Sadiqliq v\u0259 d\u0259qiqlik"},"content":{"rendered":"<p>Az\u0259rbaycan Respublikas\u0131n\u0131n Prezidenti\u00a0<strong>\u0130lham \u018fliyevin<\/strong>\u00a0Almaniyaya i\u015fg\u00fczar s\u0259f\u0259ri h\u0259m siyasi, h\u0259m d\u0259 iqtisadi bax\u0131mdan \u0259h\u0259miyy\u0259tlidir. D\u00f6vl\u0259t ba\u015f\u00e7\u0131s\u0131n\u0131n Almaniya Federativ Respublikas\u0131n\u0131n Prezidenti Frank-Valter \u015etaynmayer\u00a0v\u0259 kansler Olaf \u015eoltsla g\u00f6r\u00fc\u015fl\u0259ri C\u0259nubi Qafqaz regionunda stabilliyin v\u0259 s\u00fclh\u00fcn t\u0259min olunmas\u0131 istiqam\u0259tind\u0259 at\u0131lan vacib v\u0259 m\u00fch\u00fcm add\u0131m idi.<\/p>\n<p>XIX \u0259srin \u0259vv\u0259ll\u0259rind\u0259 C\u0259nubi Qafqazda m\u0259skunla\u015fan almanlar\u0131n h\u0259yat t\u0259rzin\u0259 n\u0259z\u0259r salsaq, onlar\u0131n Az\u0259rbaycanda v\u0259 G\u00fcrc\u00fcstanda ya\u015fad\u0131qlar\u0131 d\u00f6vr\u00fc m\u00fcsb\u0259t d\u0259y\u0259rl\u0259ndir\u0259 bil\u0259rik. Lakin Qafqaz\u0131n allohton \u0259halisi olan erm\u0259nil\u0259rl\u0259 uy\u011funla\u015fa bilm\u0259y\u0259n almanlar q\u0131sa zaman k\u0259siyind\u0259 onlardan uzaqla\u015fmaq m\u0259cburiyy\u0259tind\u0259 qalm\u0131\u015fd\u0131lar.<\/p>\n<p>F\u0259r\u0259hl\u0259ndirici hald\u0131r ki, almanlar\u0131n Az\u0259rbaycan tarixi s\u0259hif\u0259l\u0259ri kils\u0259l\u0259rin v\u0259 infrastrukturun qorunmas\u0131 bax\u0131m\u0131ndan a\u00e7\u0131q s\u0259ma alt\u0131nda muzey\u0259 b\u0259nz\u0259yir. M\u00f6vzu il\u0259 ba\u011fl\u0131 yaz\u0131lan m\u00fcxt\u0259lif kitablar, lent\u0259 al\u0131nan filml\u0259r, fotos\u0259rgil\u0259r v\u0259 yubiley t\u0259dbirl\u0259ri daim ictimaiyy\u0259tin mara\u011f\u0131ndad\u0131r.<\/p>\n<p>Odur ki, Avropada biz\u0259 bir k\u00f6yn\u0259k yax\u0131n olan alman i\u015f adamlar\u0131n\u0131n Az\u0259rbaycana mara\u011f\u0131 son ill\u0259rd\u0259 y\u00fcks\u0259l\u0259n x\u0259tt \u00fczr\u0259 artmaqdad\u0131r.\u00a0\u018flb\u0259tt\u0259, bu zaman\u0131nda t\u0259m\u0259li qoyulmu\u015f bir prosesdir ki, bu g\u00fcn aktuall\u0131\u011f\u0131 il\u0259 g\u00fcnd\u0259md\u0259dir.<\/p>\n<p>Xatir\u0259md\u0259dir, 1996-c\u0131 ilin iyul ay\u0131nda \u00fcmummilli lider Heyd\u0259r \u018fliyevin Almaniyaya r\u0259smi s\u0259f\u0259ri zaman\u0131 K\u00f6ln \u015f\u0259h\u0259rind\u0259 a\u00e7\u0131lm\u0131\u015f alman iqtisadiyyat\u0131n\u0131n s\u0259rgisi v\u0259 Ticar\u0259t C\u0259miyy\u0259tind\u0259 \u015firk\u0259t r\u0259hb\u0259rl\u0259ril\u0259\u00a0g\u00f6r\u00fc\u015f\u00fc prosesin ba\u015flan\u011f\u0131c\u0131 idi.<\/p>\n<p>Alman-Az\u0259rbaycan C\u0259miyy\u0259tinin Almaniyada v\u0259 Az\u0259rbaycanda otuz il \u0259rzind\u0259 ke\u00e7irdiyi m\u00fcxt\u0259lif s\u0259pkili t\u0259dbirl\u0259r bu prosesin sanki\u00a0t\u0259rkib hiss\u0259si idi. Qeyd etm\u0259k laz\u0131md\u0131r ki, C\u0259miyy\u0259t t\u0259r\u0259find\u0259n 1998-\u00e7i ild\u0259 Kiel \u0130qtisadiyyat Akademiyas\u0131nda \u201cAz\u0259rbaycan iqtisadiyyat\u0131n\u0131n g\u0259l\u0259c\u0259yi\u201d m\u00f6vzusunda t\u0259\u015fkil olunmu\u015f konfrans \u0259r\u0259f\u0259sind\u0259 ulu \u00f6nd\u0259r Heyd\u0259r \u018fliyevin \u201cWirtschaftswoche\u201d jurnal\u0131na m\u00fcsahib\u0259si maraqla qar\u015f\u0131lanm\u0131\u015fd\u0131r.<br \/>\nHeyd\u0259r \u018fliyevin uzaqg\u00f6r\u0259n siyas\u0259tinin n\u00f6vb\u0259ti t\u0259nt\u0259n\u0259si\u00a0\u0130stanbul \u015f\u0259h\u0259rind\u0259 OSCE-nin sammitind\u0259 Almaniya kansleri Gerhard \u015eroyder\u0259 Bremen qalereyas\u0131n\u0131n r\u0259sm \u0259s\u0259rl\u0259rinin geri qaytar\u0131lmas\u0131 zaman\u0131 olmu\u015f v\u0259\u00a0 \u00f6lk\u0259l\u0259rimiz aras\u0131nda ikit\u0259r\u0259fli m\u00fcnasib\u0259tl\u0259rin inki\u015faf\u0131 tarixin\u0259 bir salnam\u0259 yaz\u0131lm\u0131\u015fd\u0131r.<\/p>\n<p>2007-ci ilin fevral ay\u0131nda Az\u0259rbaycan Respublikas\u0131 Prezidenti \u0130lham \u018fliyevin Almaniyaya r\u0259smi s\u0259f\u0259ri \u00e7\u0259r\u00e7iv\u0259sind\u0259 Konrad Adenaur Fondunda m\u00fck\u0259mm\u0259l siyasi \u00e7\u0131x\u0131\u015f\u0131 konfrans i\u015ftirak\u00e7\u0131lar\u0131n\u0131\u00a0valeh etmi\u015fdir.\u00a0T\u0259dbirin ert\u0259si g\u00fcn\u00fc Almaniya iqtisadiyyat naziri M.Glossun i\u015ftirak\u0131 il\u0259 ke\u00e7iril\u0259n iqtisadi forumda d\u00f6vl\u0259t ba\u015f\u00e7\u0131s\u0131n\u0131n alman i\u015f adamlar\u0131 il\u0259 \u00fcnsiyy\u0259ti t\u0259m\u0259li ill\u0259r \u00f6nc\u0259 qoyulmu\u015f prosesin davam\u0131 oldu.<\/p>\n<p>T\u0259\u015f\u0259bb\u00fcsl\u0259rin davam\u0131 olaraq, Alman-Az\u0259rbaycan C\u0259miyy\u0259tinin d\u0259v\u0259ti il\u0259 Manhaym Universitetinin rektoru, professor H.W.Arndt\u0131n v\u0259 alman i\u015f adamlar\u0131n\u0131n Bak\u0131ya s\u0259f\u0259ri is\u0259 2010-cu ilin aprel ay\u0131na t\u0259sad\u00fcf etmi\u015fdir. 2012-ci ilin avqustunda is\u0259 C\u0259miyy\u0259tin t\u0259\u015f\u0259bb\u00fcs\u00fc v\u0259 m\u00fc\u0259llifliyi il\u0259 Az\u0259rbaycan Respublikas\u0131n\u0131n Birinci vitse-prezidenti\u00a0Mehriban \u018fliyeva v\u0259 Heyd\u0259r \u018fliyev Fondunun \u00e7ox\u015fax\u0259li f\u0259aliyy\u0259tini i\u015f\u0131qland\u0131ran \u201c\u0130qtisadi m\u00f6c\u00fcz\u0259l\u0259r \u00f6lk\u0259si Az\u0259rbaycan: X\u0259z\u0259r d\u0259nizinin sahilind\u0259 m\u00fcasirl\u0259\u015fm\u0259nin g\u00fccl\u00fc t\u0259msil\u00e7isi\u201d adl\u0131 m\u0259qal\u0259 Almaniyan\u0131n n\u00fcfuzlu \u201cSpiegel\u201d jurnal\u0131nda\u00a0\u00e7ap olunmu\u015fdur.<\/p>\n<p>Vaxta\u015f\u0131r\u0131 ke\u00e7iril\u0259n g\u00f6r\u00fc\u015fl\u0259r v\u0259 alman i\u015f adamlar\u0131n\u0131n Az\u0259rbaycan Respublikas\u0131na\u00a0s\u0259f\u0259rl\u0259ri 2013-c\u00fc ild\u0259 Bak\u0131da Alman Ticar\u0259t Palatas\u0131n\u0131n yaranmas\u0131 il\u0259 n\u0259tic\u0259l\u0259ndi.<\/p>\n<p>Tendensiyaya uy\u011fun olaraq, bu ill\u0259rd\u0259 \u0259g\u0259r Az\u0259rbaycan \u015firk\u0259tl\u0259ri \u00fc\u00e7\u00fcn alman texnologiyalar\u0131 maraql\u0131 idis\u0259, alman \u015firk\u0259tl\u0259rini \u0259sas\u0259n enerji v\u0259 logistika sah\u0259si daha \u00e7ox maraqland\u0131r\u0131rd\u0131. Maraqlara baxmayaraq t\u0259dbirl\u0259r zaman\u0131 bel\u0259 bir sual g\u00fcnd\u0259m\u0259 g\u0259lirdi: \u201cN\u0259d\u0259n alman \u015firk\u0259tl\u0259ri Az\u0259rbaycanda beyn\u0259lxalq\u00a0neft-qaz konsorsiumunda i\u015ftirak etmirl\u0259r?\u201d<\/p>\n<p>Bu suala cavab olaraq almanlar Rusiya \u015firk\u0259tl\u0259ri il\u0259 m\u00fcqavil\u0259l\u0259rin\u0259 sadiq olmalar\u0131n\u0131 bildirdil\u0259r.<\/p>\n<p>\u0130ndi is\u0259 d\u0259yi\u015f\u0259n d\u00fcnyam\u0131zda Avropadak\u0131 enerji q\u0131tl\u0131\u011f\u0131 alman \u015firk\u0259tl\u0259rinin Az\u0259rbaycana \u00fcz tutmas\u0131na s\u0259b\u0259b oldu. \u00d6lk\u0259 ba\u015f\u00e7\u0131s\u0131n\u0131n bu g\u00fcnl\u0259rd\u0259 Berlind\u0259 i\u015f adamlar\u0131 il\u0259 \u0259hat\u0259li g\u00f6r\u00fc\u015f\u00fcnd\u0259n ayd\u0131n oldu ki, enerji layih\u0259l\u0259ri il\u0259 yana\u015f\u0131, infrastruktur, n\u0259qliyyat, logistika, k\u0259nd t\u0259s\u0259rr\u00fcfat\u0131, su v\u0259 meliorasiya sah\u0259l\u0259ri d\u0259 aktuall\u0131\u011f\u0131 il\u0259 diqq\u0259ti \u00e7\u0259kir.<\/p>\n<p>Nec\u0259 dey\u0259rl\u0259r, zaman\u0131nda t\u0259m\u0259li qoyulmu\u015f prosesin intensiv xarakter alaca\u011f\u0131 bir h\u0259qiq\u0259ti izl\u0259m\u0259kd\u0259yik. Bel\u0259 ki, \u00f6lk\u0259 ba\u015f\u00e7\u0131s\u0131 i\u015f adamlar\u0131 il\u0259 g\u00f6r\u00fc\u015f\u00fcnd\u0259 Az\u0259rbaycanda yeni yarad\u0131lm\u0131\u015f \u018fl\u0259t \u0130qtisadi zonas\u0131n\u0131 vur\u011fulamaqla yana\u015f\u0131, t\u0259hsil m\u00fc\u0259ssis\u0259l\u0259rinin birg\u0259 \u0259m\u0259kda\u015fl\u0131\u011f\u0131na \u00f6n\u0259m verdiyini g\u00f6st\u0259rib, Az\u0259rbaycan\u0131n i\u015f\u0131ql\u0131 g\u0259l\u0259c\u0259yinin yolunu t\u0259svir edib.<\/p>\n<p><strong>Alman-Az\u0259rbaycan C\u0259miyy\u0259tinin s\u0259dri,<br \/>\nProfessor \u00c7ingiz Abdullayev<\/strong><\/p>\n","protected":false},"excerpt":{"rendered":"<p>Az\u0259rbaycan Respublikas\u0131n\u0131n Prezidenti\u00a0\u0130lham \u018fliyevin\u00a0Almaniyaya i\u015fg\u00fczar s\u0259f\u0259ri h\u0259m siyasi, h\u0259m d\u0259 iqtisadi bax\u0131mdan \u0259h\u0259miyy\u0259tlidir. D\u00f6vl\u0259t ba\u015f\u00e7\u0131s\u0131n\u0131n Almaniya Federativ Respublikas\u0131n\u0131n Prezidenti Frank-Valter \u015etaynmayer\u00a0v\u0259 kansler Olaf \u015eoltsla g\u00f6r\u00fc\u015fl\u0259ri C\u0259nubi Qafqaz regionunda stabilliyin v\u0259 s\u00fclh\u00fcn t\u0259min olunmas\u0131 istiqam\u0259tind\u0259 at\u0131lan vacib v\u0259 m\u00fch\u00fcm add\u0131m idi. XIX \u0259srin \u0259vv\u0259ll\u0259rind\u0259 C\u0259nubi Qafqazda m\u0259skunla\u015fan almanlar\u0131n h\u0259yat t\u0259rzin\u0259 n\u0259z\u0259r salsaq, onlar\u0131n Az\u0259rbaycanda v\u0259 G\u00fcrc\u00fcstanda ya\u015fad\u0131qlar\u0131 d\u00f6vr\u00fc m\u00fcsb\u0259t d\u0259y\u0259rl\u0259ndir\u0259 bil\u0259rik. Lakin Qafqaz\u0131n allohton \u0259halisi olan erm\u0259nil\u0259rl\u0259 uy\u011funla\u015fa bilm\u0259y\u0259n almanlar q\u0131sa zaman k\u0259siyind\u0259 onlardan uzaqla\u015fmaq m\u0259cburiyy\u0259tind\u0259 qalm\u0131\u015fd\u0131lar. F\u0259r\u0259hl\u0259ndirici hald\u0131r ki, almanlar\u0131n Az\u0259rbaycan tarixi s\u0259hif\u0259l\u0259ri kils\u0259l\u0259rin v\u0259 infrastrukturun qorunmas\u0131 bax\u0131m\u0131ndan a\u00e7\u0131q s\u0259ma&hellip;<\/p>\n","protected":false},"author":2,"featured_media":578475,"comment_status":"closed","ping_status":"closed","sticky":false,"template":"","format":"standard","meta":{"om_disable_all_campaigns":false,"_monsterinsights_skip_tracking":false,"_monsterinsights_sitenote_active":false,"_monsterinsights_sitenote_note":"","_monsterinsights_sitenote_category":0},"categories":[4],"tags":[],"aioseo_notices":[],"gutentor_comment":0,"rttpg_featured_image_url":{"full":["https:\/\/arantv.az\/wp-content\/uploads\/2023\/03\/FotoJet-2023-03-18T102056.328.jpg",620,413,false],"landscape":["https:\/\/arantv.az\/wp-content\/uploads\/2023\/03\/FotoJet-2023-03-18T102056.328.jpg",620,413,false],"portraits":["https:\/\/arantv.az\/wp-content\/uploads\/2023\/03\/FotoJet-2023-03-18T102056.328.jpg",620,413,false],"thumbnail":["https:\/\/arantv.az\/wp-content\/uploads\/2023\/03\/FotoJet-2023-03-18T102056.328-500x280.jpg",500,280,true],"medium":["https:\/\/arantv.az\/wp-content\/uploads\/2023\/03\/FotoJet-2023-03-18T102056.328-548x365.jpg",548,365,true],"large":["https:\/\/arantv.az\/wp-content\/uploads\/2023\/03\/FotoJet-2023-03-18T102056.328.jpg",620,413,false],"1536x1536":["https:\/\/arantv.az\/wp-content\/uploads\/2023\/03\/FotoJet-2023-03-18T102056.328.jpg",620,413,false],"2048x2048":["https:\/\/arantv.az\/wp-content\/uploads\/2023\/03\/FotoJet-2023-03-18T102056.328.jpg",620,413,false],"post-thumbnail":["https:\/\/arantv.az\/wp-content\/uploads\/2023\/03\/FotoJet-2023-03-18T102056.328-240x172.jpg",240,172,true],"advps-thumb-one":["https:\/\/arantv.az\/wp-content\/uploads\/2023\/03\/FotoJet-2023-03-18T102056.328.jpg",620,413,false]},"rttpg_author":{"display_name":"V\u00fcsal Rafiqo\u011flu","author_link":"https:\/\/arantv.az\/?author=2"},"rttpg_comment":0,"rttpg_category":"<a href=\"https:\/\/arantv.az\/?cat=4\" rel=\"category\">Siyas\u0259t<\/a>","rttpg_excerpt":"Az\u0259rbaycan Respublikas\u0131n\u0131n Prezidenti\u00a0\u0130lham \u018fliyevin\u00a0Almaniyaya i\u015fg\u00fczar s\u0259f\u0259ri h\u0259m siyasi, h\u0259m d\u0259 iqtisadi bax\u0131mdan \u0259h\u0259miyy\u0259tlidir. D\u00f6vl\u0259t ba\u015f\u00e7\u0131s\u0131n\u0131n Almaniya Federativ Respublikas\u0131n\u0131n Prezidenti Frank-Valter \u015etaynmayer\u00a0v\u0259 kansler Olaf \u015eoltsla g\u00f6r\u00fc\u015fl\u0259ri C\u0259nubi Qafqaz regionunda stabilliyin v\u0259 s\u00fclh\u00fcn t\u0259min olunmas\u0131 istiqam\u0259tind\u0259 at\u0131lan vacib v\u0259 m\u00fch\u00fcm add\u0131m idi. XIX \u0259srin \u0259vv\u0259ll\u0259rind\u0259 C\u0259nubi Qafqazda m\u0259skunla\u015fan almanlar\u0131n h\u0259yat t\u0259rzin\u0259 n\u0259z\u0259r salsaq, onlar\u0131n Az\u0259rbaycanda v\u0259 G\u00fcrc\u00fcstanda&hellip;","_links":{"self":[{"href":"https:\/\/arantv.az\/index.php?rest_route=\/wp\/v2\/posts\/578474"}],"collection":[{"href":"https:\/\/arantv.az\/index.php?rest_route=\/wp\/v2\/posts"}],"about":[{"href":"https:\/\/arantv.az\/index.php?rest_route=\/wp\/v2\/types\/post"}],"author":[{"embeddable":true,"href":"https:\/\/arantv.az\/index.php?rest_route=\/wp\/v2\/users\/2"}],"replies":[{"embeddable":true,"href":"https:\/\/arantv.az\/index.php?rest_route=%2Fwp%2Fv2%2Fcomments&post=578474"}],"version-history":[{"count":0,"href":"https:\/\/arantv.az\/index.php?rest_route=\/wp\/v2\/posts\/578474\/revisions"}],"wp:featuredmedia":[{"embeddable":true,"href":"https:\/\/arantv.az\/index.php?rest_route=\/wp\/v2\/media\/578475"}],"wp:attachment":[{"href":"https:\/\/arantv.az\/index.php?rest_route=%2Fwp%2Fv2%2Fmedia&parent=578474"}],"wp:term":[{"taxonomy":"category","embeddable":true,"href":"https:\/\/arantv.az\/index.php?rest_route=%2Fwp%2Fv2%2Fcategories&post=578474"},{"taxonomy":"post_tag","embeddable":true,"href":"https:\/\/arantv.az\/index.php?rest_route=%2Fwp%2Fv2%2Ftags&post=578474"}],"curies":[{"name":"wp","href":"https:\/\/api.w.org\/{rel}","templated":true}]}}