{"id":578477,"date":"2023-03-18T13:15:26","date_gmt":"2023-03-18T10:15:26","guid":{"rendered":"https:\/\/arantv.az\/?p=578477"},"modified":"2023-03-18T13:15:26","modified_gmt":"2023-03-18T10:15:26","slug":"ilham-%c9%99liyev-erm%c9%99ni-havadarlari-biz%c9%99-qarsi-informasiya-muharib%c9%99si-elan-edibl%c9%99r","status":"publish","type":"post","link":"https:\/\/arantv.az\/?p=578477","title":{"rendered":"\u0130lham \u018fliyev: \u201cErm\u0259ni havadarlar\u0131 biz\u0259 qar\u015f\u0131 informasiya m\u00fcharib\u0259si elan edibl\u0259r\u201d"},"content":{"rendered":"<p>\u201cAz\u0259rbaycan \u00f6z do\u011fma torpaqlar\u0131n\u0131 azad ed\u0259nd\u0259n sonra biz\u0259 qar\u015f\u0131 n\u0259 q\u0259d\u0259r \u0259dal\u0259tsiz add\u0131mlar at\u0131l\u0131r, n\u0259 q\u0259d\u0259r \u00e7irkin \u0259m\u0259ll\u0259r t\u00f6r\u0259dilir\u201d.<\/p>\n<p><a href=\"https:\/\/azertag.az\/xeber\/Prezident_Ilham_Aliyev_Ermeni_havadarlari_bize_qarsi_informasiya_muharibesi_elan_edibler-2538608\" target=\"_blank\" rel=\"noopener\">AZ\u018fRTAC<\/a>\u00a0x\u0259b\u0259r verir ki, bu bar\u0259d\u0259 mart\u0131n 18-d\u0259 Prezident\u00a0<strong>\u0130lham \u018fliyev<\/strong>\u00a0Novruz bayram\u0131 m\u00fcnasib\u0259til\u0259 T\u0259rt\u0259r rayonunun Tal\u0131\u015f k\u0259ndind\u0259 Az\u0259rbaycan xalq\u0131na m\u00fcraci\u0259tind\u0259 bildirib.<\/p>\n<p>D\u00f6vl\u0259timizin ba\u015f\u00e7\u0131s\u0131 vur\u011fulay\u0131b ki, erm\u0259ni havadarlar\u0131, Erm\u0259nistan\u0131n i\u015f\u011fal\u00e7\u0131l\u0131q siyas\u0259tin\u0259 \u015f\u0259rik olan \u00f6lk\u0259l\u0259r biz\u0259 qar\u015f\u0131 informasiya m\u00fcharib\u0259si elan edibl\u0259r.<\/p>\n","protected":false},"excerpt":{"rendered":"<p>\u201cAz\u0259rbaycan \u00f6z do\u011fma torpaqlar\u0131n\u0131 azad ed\u0259nd\u0259n sonra biz\u0259 qar\u015f\u0131 n\u0259 q\u0259d\u0259r \u0259dal\u0259tsiz add\u0131mlar at\u0131l\u0131r, n\u0259 q\u0259d\u0259r \u00e7irkin \u0259m\u0259ll\u0259r t\u00f6r\u0259dilir\u201d. AZ\u018fRTAC\u00a0x\u0259b\u0259r verir ki, bu bar\u0259d\u0259 mart\u0131n 18-d\u0259 Prezident\u00a0\u0130lham \u018fliyev\u00a0Novruz bayram\u0131 m\u00fcnasib\u0259til\u0259 T\u0259rt\u0259r rayonunun Tal\u0131\u015f k\u0259ndind\u0259 Az\u0259rbaycan xalq\u0131na m\u00fcraci\u0259tind\u0259 bildirib. D\u00f6vl\u0259timizin ba\u015f\u00e7\u0131s\u0131 vur\u011fulay\u0131b ki, erm\u0259ni havadarlar\u0131, Erm\u0259nistan\u0131n i\u015f\u011fal\u00e7\u0131l\u0131q siyas\u0259tin\u0259 \u015f\u0259rik olan \u00f6lk\u0259l\u0259r biz\u0259 qar\u015f\u0131 informasiya m\u00fcharib\u0259si elan edibl\u0259r.<\/p>\n","protected":false},"author":2,"featured_media":578478,"comment_status":"closed","ping_status":"closed","sticky":false,"template":"","format":"standard","meta":{"om_disable_all_campaigns":false,"_monsterinsights_skip_tracking":false,"_monsterinsights_sitenote_active":false,"_monsterinsights_sitenote_note":"","_monsterinsights_sitenote_category":0},"categories":[4],"tags":[],"aioseo_notices":[],"gutentor_comment":0,"rttpg_featured_image_url":{"full":["https:\/\/arantv.az\/wp-content\/uploads\/2023\/03\/16194238413097163521_1000x669-1.jpg",620,413,false],"landscape":["https:\/\/arantv.az\/wp-content\/uploads\/2023\/03\/16194238413097163521_1000x669-1.jpg",620,413,false],"portraits":["https:\/\/arantv.az\/wp-content\/uploads\/2023\/03\/16194238413097163521_1000x669-1.jpg",620,413,false],"thumbnail":["https:\/\/arantv.az\/wp-content\/uploads\/2023\/03\/16194238413097163521_1000x669-1-500x280.jpg",500,280,true],"medium":["https:\/\/arantv.az\/wp-content\/uploads\/2023\/03\/16194238413097163521_1000x669-1-548x365.jpg",548,365,true],"large":["https:\/\/arantv.az\/wp-content\/uploads\/2023\/03\/16194238413097163521_1000x669-1.jpg",620,413,false],"1536x1536":["https:\/\/arantv.az\/wp-content\/uploads\/2023\/03\/16194238413097163521_1000x669-1.jpg",620,413,false],"2048x2048":["https:\/\/arantv.az\/wp-content\/uploads\/2023\/03\/16194238413097163521_1000x669-1.jpg",620,413,false],"post-thumbnail":["https:\/\/arantv.az\/wp-content\/uploads\/2023\/03\/16194238413097163521_1000x669-1-240x172.jpg",240,172,true],"advps-thumb-one":["https:\/\/arantv.az\/wp-content\/uploads\/2023\/03\/16194238413097163521_1000x669-1.jpg",620,413,false]},"rttpg_author":{"display_name":"V\u00fcsal Rafiqo\u011flu","author_link":"https:\/\/arantv.az\/?author=2"},"rttpg_comment":0,"rttpg_category":"<a href=\"https:\/\/arantv.az\/?cat=4\" rel=\"category\">Siyas\u0259t<\/a>","rttpg_excerpt":"\u201cAz\u0259rbaycan \u00f6z do\u011fma torpaqlar\u0131n\u0131 azad ed\u0259nd\u0259n sonra biz\u0259 qar\u015f\u0131 n\u0259 q\u0259d\u0259r \u0259dal\u0259tsiz add\u0131mlar at\u0131l\u0131r, n\u0259 q\u0259d\u0259r \u00e7irkin \u0259m\u0259ll\u0259r t\u00f6r\u0259dilir\u201d. AZ\u018fRTAC\u00a0x\u0259b\u0259r verir ki, bu bar\u0259d\u0259 mart\u0131n 18-d\u0259 Prezident\u00a0\u0130lham \u018fliyev\u00a0Novruz bayram\u0131 m\u00fcnasib\u0259til\u0259 T\u0259rt\u0259r rayonunun Tal\u0131\u015f k\u0259ndind\u0259 Az\u0259rbaycan xalq\u0131na m\u00fcraci\u0259tind\u0259 bildirib. D\u00f6vl\u0259timizin ba\u015f\u00e7\u0131s\u0131 vur\u011fulay\u0131b ki, erm\u0259ni havadarlar\u0131, Erm\u0259nistan\u0131n i\u015f\u011fal\u00e7\u0131l\u0131q siyas\u0259tin\u0259 \u015f\u0259rik olan \u00f6lk\u0259l\u0259r biz\u0259 qar\u015f\u0131 informasiya m\u00fcharib\u0259si elan&hellip;","_links":{"self":[{"href":"https:\/\/arantv.az\/index.php?rest_route=\/wp\/v2\/posts\/578477"}],"collection":[{"href":"https:\/\/arantv.az\/index.php?rest_route=\/wp\/v2\/posts"}],"about":[{"href":"https:\/\/arantv.az\/index.php?rest_route=\/wp\/v2\/types\/post"}],"author":[{"embeddable":true,"href":"https:\/\/arantv.az\/index.php?rest_route=\/wp\/v2\/users\/2"}],"replies":[{"embeddable":true,"href":"https:\/\/arantv.az\/index.php?rest_route=%2Fwp%2Fv2%2Fcomments&post=578477"}],"version-history":[{"count":0,"href":"https:\/\/arantv.az\/index.php?rest_route=\/wp\/v2\/posts\/578477\/revisions"}],"wp:featuredmedia":[{"embeddable":true,"href":"https:\/\/arantv.az\/index.php?rest_route=\/wp\/v2\/media\/578478"}],"wp:attachment":[{"href":"https:\/\/arantv.az\/index.php?rest_route=%2Fwp%2Fv2%2Fmedia&parent=578477"}],"wp:term":[{"taxonomy":"category","embeddable":true,"href":"https:\/\/arantv.az\/index.php?rest_route=%2Fwp%2Fv2%2Fcategories&post=578477"},{"taxonomy":"post_tag","embeddable":true,"href":"https:\/\/arantv.az\/index.php?rest_route=%2Fwp%2Fv2%2Ftags&post=578477"}],"curies":[{"name":"wp","href":"https:\/\/api.w.org\/{rel}","templated":true}]}}