{"id":578481,"date":"2023-03-18T13:16:08","date_gmt":"2023-03-18T10:16:08","guid":{"rendered":"https:\/\/arantv.az\/?p=578481"},"modified":"2023-03-18T13:16:08","modified_gmt":"2023-03-18T10:16:08","slug":"istehlakcilara-n%c9%99-q%c9%99d%c9%99r-%c9%99dv-m%c9%99bl%c9%99gi-geri-qaytarilib","status":"publish","type":"post","link":"https:\/\/arantv.az\/?p=578481","title":{"rendered":"\u0130stehlak\u00e7\u0131lara n\u0259 q\u0259d\u0259r \u018fDV m\u0259bl\u0259\u011fi geri qaytar\u0131l\u0131b?"},"content":{"rendered":"<p>\u201c\u018fDV geri al\u201d layih\u0259sinin t\u0259tbiq edildiyi vaxtdan 2023-c\u00fc ilin 1 mart tarixin\u0259d\u0259k istehlak\u00e7\u0131lara \u00fcmumilikd\u0259 400,7 milyon manat, bu ilin yanvar-fevral aylar\u0131 \u0259rzind\u0259 is\u0259 24,7 milyon manatdan \u00e7ox \u018fDV m\u0259bl\u0259\u011fi geri qaytar\u0131l\u0131b.<\/p>\n<p>Bu bar\u0259d\u0259 Oxu.Az-a Az\u0259rbaycan Respublikas\u0131 \u0130qtisadiyyat Nazirliyi yan\u0131nda D\u00f6vl\u0259t Vergi Xidm\u0259tind\u0259n m\u0259lumat verilib.<\/p>\n<p>\u201c\u018fDV geri al\u201d layih\u0259sinin i\u015f\u0259 d\u00fc\u015fm\u0259sind\u0259n \u00fc\u00e7 il\u0259 yax\u0131n vaxt ke\u00e7ir. \u0130nnovativ layih\u0259 kimi x\u00fcsusi ictimai d\u0259st\u0259k alan \u201c\u018fDV geri al\u201d iqtisadiyyatda \u015f\u0259ffafl\u0131\u011f\u0131n t\u0259min edilm\u0259si, na\u011fds\u0131z \u00f6d\u0259ni\u015fl\u0259rin geni\u015fl\u0259nm\u0259si v\u0259 stimulla\u015fd\u0131r\u0131c\u0131 mexanizml\u0259ri t\u0259\u015fviq ed\u0259n bir t\u0259\u015f\u0259bb\u00fcsd\u00fcr.<\/p>\n<p>Bu layih\u0259ni ba\u015flayark\u0259n, D\u00f6vl\u0259t Vergi Xidm\u0259ti ictimai i\u015ftirak\u00e7\u0131l\u0131\u011f\u0131 c\u0259lb etm\u0259kl\u0259 \u201ck\u00f6lg\u0259 iqtisadiyyat\u0131\u201dn\u0131n miqyaslar\u0131n\u0131n azald\u0131lmas\u0131nda effektiv n\u0259tic\u0259l\u0259r \u0259ld\u0259 etm\u0259yi h\u0259d\u0259fl\u0259yirdi. 2020-ci ilin may ay\u0131ndan \u018fDV-nin bir hiss\u0259sinin geri qaytar\u0131lmas\u0131n\u0131 n\u0259z\u0259rd\u0259 tutan mexanizm u\u011furla t\u0259tbiq edilir, layih\u0259 iqtisadiyyat\u0131n \u015f\u0259ffafla\u015fd\u0131r\u0131lmas\u0131 istiqam\u0259tind\u0259 m\u00fch\u00fcm n\u0259tic\u0259l\u0259r verir.<\/p>\n<p>Bel\u0259 ki, layih\u0259nin icras\u0131 n\u0259tic\u0259sind\u0259 vergi \u00f6d\u0259yicil\u0259rinin real d\u00f6vriyy\u0259l\u0259rinin \u00fcz\u0259 \u00e7\u0131xar\u0131lmas\u0131 t\u0259min edilib. \u201c\u018fDV geri al\u201d layih\u0259si yeni n\u0259sil NKA-lar\u0131n t\u0259tbiqi il\u0259 paralel \u015f\u0259kild\u0259 h\u0259yata ke\u00e7irilir. 2022-ci ild\u0259 yeni n\u0259sil NKA-lar vasit\u0259sil\u0259 qeyd\u0259 al\u0131nan d\u00f6vriyy\u0259 19,5 milyard manata yax\u0131n olub ki, bu da \u0259vv\u0259lki ilin eyni d\u00f6vr\u00fc il\u0259 m\u00fcqayis\u0259d\u0259 27% \u00e7oxdur. 2023-c\u00fc ilin yanvar-fevral aylar\u0131na baxsaq, d\u00f6vriyy\u0259 3,1 milyard manata yax\u0131nd\u0131r ki, bu da \u00f6t\u0259n ilin eyni d\u00f6vr\u00fc il\u0259 m\u00fcqayis\u0259d\u0259 19,7% \u00e7oxdur.<br \/>\nBu g\u00fcn\u0259d\u0259k al\u0131nm\u0131\u015f mallara g\u00f6r\u0259 \u00f6d\u0259nilmi\u015f \u018fDV-nin bir hiss\u0259sinin qaytar\u0131lmas\u0131 \u00fc\u00e7\u00fcn www.edvgerial.az portal\u0131nda 2,4 milyondan \u00e7ox istifad\u0259\u00e7i qeyd\u0259 al\u0131n\u0131b. \u201c\u018fDV geri al\u201d layih\u0259sinin t\u0259tbiq edildiyi vaxtdan 2023-c\u00fc ilin 1 mart tarixin\u0259d\u0259k portalda qeydiyyatdan ke\u00e7mi\u015f istehlak\u00e7\u0131lara \u00fcmumilikd\u0259 400,7 milyon manat, bu ilin yanvar-fevral aylar\u0131 \u0259rzind\u0259 is\u0259 24,7 milyon manatdan \u00e7ox \u018fDV m\u0259bl\u0259\u011fi geri qaytar\u0131l\u0131b.<\/p>\n<p>Dig\u0259r t\u0259r\u0259fd\u0259n na\u011fds\u0131z \u00f6d\u0259ni\u015fl\u0259rin h\u0259cmi \u0259h\u0259miyy\u0259tli d\u0259r\u0259c\u0259d\u0259 art\u0131b. Na\u011fds\u0131z \u00f6d\u0259m\u0259l\u0259rin stimulla\u015fd\u0131r\u0131lmas\u0131 m\u0259qs\u0259dil\u0259 na\u011fds\u0131z \u00f6d\u0259ni\u015fl\u0259r \u00fczr\u0259 geri qaytar\u0131lan \u018fDV m\u0259bl\u0259\u011finin faiz d\u0259r\u0259c\u0259si 15 faizd\u0259n 17,5 faiz\u0259 q\u0259d\u0259r art\u0131r\u0131l\u0131b ki. bu da istehlak\u00e7\u0131larda na\u011fds\u0131z \u00f6d\u0259m\u0259l\u0259r aparma\u011fa \u0259h\u0259miyy\u0259tli maraq yarad\u0131r. T\u0259kc\u0259 2022-ci ild\u0259 layih\u0259 \u00e7\u0259r\u00e7iv\u0259sind\u0259 na\u011fds\u0131z qaydada al\u0131nm\u0131\u015f mallara v\u0259 ya \u0259ld\u0259 edilmi\u015f xidm\u0259tl\u0259r\u0259 g\u00f6r\u0259 istehlak\u00e7\u0131lara 68,4 milyon manatdan \u00e7ox \u018fDV geri qaytar\u0131l\u0131b.<\/p>\n","protected":false},"excerpt":{"rendered":"<p>\u201c\u018fDV geri al\u201d layih\u0259sinin t\u0259tbiq edildiyi vaxtdan 2023-c\u00fc ilin 1 mart tarixin\u0259d\u0259k istehlak\u00e7\u0131lara \u00fcmumilikd\u0259 400,7 milyon manat, bu ilin yanvar-fevral aylar\u0131 \u0259rzind\u0259 is\u0259 24,7 milyon manatdan \u00e7ox \u018fDV m\u0259bl\u0259\u011fi geri qaytar\u0131l\u0131b. Bu bar\u0259d\u0259 Oxu.Az-a Az\u0259rbaycan Respublikas\u0131 \u0130qtisadiyyat Nazirliyi yan\u0131nda D\u00f6vl\u0259t Vergi Xidm\u0259tind\u0259n m\u0259lumat verilib. \u201c\u018fDV geri al\u201d layih\u0259sinin i\u015f\u0259 d\u00fc\u015fm\u0259sind\u0259n \u00fc\u00e7 il\u0259 yax\u0131n vaxt ke\u00e7ir. \u0130nnovativ layih\u0259 kimi x\u00fcsusi ictimai d\u0259st\u0259k alan \u201c\u018fDV geri al\u201d iqtisadiyyatda \u015f\u0259ffafl\u0131\u011f\u0131n t\u0259min edilm\u0259si, na\u011fds\u0131z \u00f6d\u0259ni\u015fl\u0259rin geni\u015fl\u0259nm\u0259si v\u0259 stimulla\u015fd\u0131r\u0131c\u0131 mexanizml\u0259ri t\u0259\u015fviq ed\u0259n bir t\u0259\u015f\u0259bb\u00fcsd\u00fcr. Bu layih\u0259ni ba\u015flayark\u0259n, D\u00f6vl\u0259t Vergi Xidm\u0259ti ictimai i\u015ftirak\u00e7\u0131l\u0131\u011f\u0131 c\u0259lb etm\u0259kl\u0259 \u201ck\u00f6lg\u0259&hellip;<\/p>\n","protected":false},"author":2,"featured_media":524516,"comment_status":"closed","ping_status":"closed","sticky":false,"template":"","format":"standard","meta":{"om_disable_all_campaigns":false,"_monsterinsights_skip_tracking":false,"_monsterinsights_sitenote_active":false,"_monsterinsights_sitenote_note":"","_monsterinsights_sitenote_category":0},"categories":[1],"tags":[],"aioseo_notices":[],"gutentor_comment":0,"rttpg_featured_image_url":{"full":["https:\/\/arantv.az\/wp-content\/uploads\/2022\/10\/edv_31666015082.jpg",650,433,false],"landscape":["https:\/\/arantv.az\/wp-content\/uploads\/2022\/10\/edv_31666015082.jpg",650,433,false],"portraits":["https:\/\/arantv.az\/wp-content\/uploads\/2022\/10\/edv_31666015082.jpg",650,433,false],"thumbnail":["https:\/\/arantv.az\/wp-content\/uploads\/2022\/10\/edv_31666015082-500x280.jpg",500,280,true],"medium":["https:\/\/arantv.az\/wp-content\/uploads\/2022\/10\/edv_31666015082-548x365.jpg",548,365,true],"large":["https:\/\/arantv.az\/wp-content\/uploads\/2022\/10\/edv_31666015082.jpg",640,426,false],"1536x1536":["https:\/\/arantv.az\/wp-content\/uploads\/2022\/10\/edv_31666015082.jpg",650,433,false],"2048x2048":["https:\/\/arantv.az\/wp-content\/uploads\/2022\/10\/edv_31666015082.jpg",650,433,false],"post-thumbnail":["https:\/\/arantv.az\/wp-content\/uploads\/2022\/10\/edv_31666015082-240x172.jpg",240,172,true],"advps-thumb-one":["https:\/\/arantv.az\/wp-content\/uploads\/2022\/10\/edv_31666015082.jpg",650,433,false]},"rttpg_author":{"display_name":"V\u00fcsal Rafiqo\u011flu","author_link":"https:\/\/arantv.az\/?author=2"},"rttpg_comment":0,"rttpg_category":"<a href=\"https:\/\/arantv.az\/?cat=1\" rel=\"category\">C\u0259miyy\u0259t<\/a>","rttpg_excerpt":"\u201c\u018fDV geri al\u201d layih\u0259sinin t\u0259tbiq edildiyi vaxtdan 2023-c\u00fc ilin 1 mart tarixin\u0259d\u0259k istehlak\u00e7\u0131lara \u00fcmumilikd\u0259 400,7 milyon manat, bu ilin yanvar-fevral aylar\u0131 \u0259rzind\u0259 is\u0259 24,7 milyon manatdan \u00e7ox \u018fDV m\u0259bl\u0259\u011fi geri qaytar\u0131l\u0131b. Bu bar\u0259d\u0259 Oxu.Az-a Az\u0259rbaycan Respublikas\u0131 \u0130qtisadiyyat Nazirliyi yan\u0131nda D\u00f6vl\u0259t Vergi Xidm\u0259tind\u0259n m\u0259lumat verilib. \u201c\u018fDV geri al\u201d layih\u0259sinin i\u015f\u0259 d\u00fc\u015fm\u0259sind\u0259n \u00fc\u00e7 il\u0259 yax\u0131n vaxt ke\u00e7ir.&hellip;","_links":{"self":[{"href":"https:\/\/arantv.az\/index.php?rest_route=\/wp\/v2\/posts\/578481"}],"collection":[{"href":"https:\/\/arantv.az\/index.php?rest_route=\/wp\/v2\/posts"}],"about":[{"href":"https:\/\/arantv.az\/index.php?rest_route=\/wp\/v2\/types\/post"}],"author":[{"embeddable":true,"href":"https:\/\/arantv.az\/index.php?rest_route=\/wp\/v2\/users\/2"}],"replies":[{"embeddable":true,"href":"https:\/\/arantv.az\/index.php?rest_route=%2Fwp%2Fv2%2Fcomments&post=578481"}],"version-history":[{"count":0,"href":"https:\/\/arantv.az\/index.php?rest_route=\/wp\/v2\/posts\/578481\/revisions"}],"wp:featuredmedia":[{"embeddable":true,"href":"https:\/\/arantv.az\/index.php?rest_route=\/wp\/v2\/media\/524516"}],"wp:attachment":[{"href":"https:\/\/arantv.az\/index.php?rest_route=%2Fwp%2Fv2%2Fmedia&parent=578481"}],"wp:term":[{"taxonomy":"category","embeddable":true,"href":"https:\/\/arantv.az\/index.php?rest_route=%2Fwp%2Fv2%2Fcategories&post=578481"},{"taxonomy":"post_tag","embeddable":true,"href":"https:\/\/arantv.az\/index.php?rest_route=%2Fwp%2Fv2%2Ftags&post=578481"}],"curies":[{"name":"wp","href":"https:\/\/api.w.org\/{rel}","templated":true}]}}