{"id":578486,"date":"2023-03-18T13:17:15","date_gmt":"2023-03-18T10:17:15","guid":{"rendered":"https:\/\/arantv.az\/?p=578486"},"modified":"2023-03-18T13:17:15","modified_gmt":"2023-03-18T10:17:15","slug":"az%c9%99rbaycan-prezidenti-erm%c9%99nistan-r%c9%99hb%c9%99rliyini-cirkin-%c9%99m%c9%99ll%c9%99rd%c9%99n-c%c9%99kindirm%c9%99k-ucun-x%c9%99b%c9%99rdar-edirik","status":"publish","type":"post","link":"https:\/\/arantv.az\/?p=578486","title":{"rendered":"Az\u0259rbaycan Prezidenti: \u201cErm\u0259nistan r\u0259hb\u0259rliyini \u00e7irkin \u0259m\u0259ll\u0259rd\u0259n \u00e7\u0259kindirm\u0259k \u00fc\u00e7\u00fcn x\u0259b\u0259rdar edirik\u201d"},"content":{"rendered":"<p>\u201c\u018ffsuslar olsun ki, bu g\u00fcn \u0130kinci Qaraba\u011f m\u00fcharib\u0259sinin ibr\u0259t d\u0259rsi Erm\u0259nistana h\u0259l\u0259 ki, d\u0259rs olmay\u0131b. \u00c7\u00fcnki biz g\u00f6r\u00fcr\u00fck ki, Erm\u0259nistanda revan\u015fist q\u00fcvv\u0259l\u0259r ba\u015f qald\u0131r\u0131b. Erm\u0259nistanda yen\u0259 d\u0259 Az\u0259rbaycana qar\u015f\u0131, Az\u0259rbaycan torpaqlar\u0131na qar\u015f\u0131 \u0259razi iddialar\u0131 qald\u0131r\u0131l\u0131r\u201d.<\/p>\n<p><a href=\"https:\/\/azertag.az\/xeber\/Azerbaycan_Prezidenti_Ermenistan_rehberliyini_chirkin_emellerden_chekindirmek_uchun_xeberdar_edirik-2538569\" target=\"_blank\" rel=\"noopener\">AZ\u018fRTAC<\/a>\u00a0x\u0259b\u0259r verir ki, bu s\u00f6zl\u0259ri mart\u0131n 18-d\u0259 Prezident\u00a0<strong>\u0130lham \u018fliyev<\/strong>\u00a0Novruz bayram\u0131 m\u00fcnasib\u0259til\u0259 T\u0259rt\u0259r rayonunun Tal\u0131\u015f k\u0259ndind\u0259 Az\u0259rbaycan xalq\u0131na m\u00fcraci\u0259tind\u0259 deyib.<\/p>\n<p>\u201cBiz Erm\u0259nistan r\u0259hb\u0259rliyini bu \u00e7irkin \u0259m\u0259ll\u0259rd\u0259n \u00e7\u0259kindirm\u0259k \u00fc\u00e7\u00fcn x\u0259b\u0259rdar edirik. Erm\u0259nistan\u0131n arxas\u0131nda dayanan b\u0259zi \u00f6lk\u0259l\u0259ri d\u0259 bax, buradan \u2013 azad edilmi\u015f Tal\u0131\u015f k\u0259ndind\u0259n x\u0259b\u0259rdar edirik ki, \u0259l \u00e7\u0259kin bu \u00e7irkin \u0259m\u0259ll\u0259rd\u0259n. Az\u0259rbaycan d\u00f6vl\u0259tinin, xalq\u0131n\u0131n irad\u0259sin\u0259 he\u00e7 bir k\u0259nar q\u00fcvv\u0259 t\u0259sir ed\u0259 bilm\u0259z\u201d, &#8211; dey\u0259 d\u00f6vl\u0259timizin ba\u015f\u00e7\u0131s\u0131 bildirib.<\/p>\n","protected":false},"excerpt":{"rendered":"<p>\u201c\u018ffsuslar olsun ki, bu g\u00fcn \u0130kinci Qaraba\u011f m\u00fcharib\u0259sinin ibr\u0259t d\u0259rsi Erm\u0259nistana h\u0259l\u0259 ki, d\u0259rs olmay\u0131b. \u00c7\u00fcnki biz g\u00f6r\u00fcr\u00fck ki, Erm\u0259nistanda revan\u015fist q\u00fcvv\u0259l\u0259r ba\u015f qald\u0131r\u0131b. Erm\u0259nistanda yen\u0259 d\u0259 Az\u0259rbaycana qar\u015f\u0131, Az\u0259rbaycan torpaqlar\u0131na qar\u015f\u0131 \u0259razi iddialar\u0131 qald\u0131r\u0131l\u0131r\u201d. AZ\u018fRTAC\u00a0x\u0259b\u0259r verir ki, bu s\u00f6zl\u0259ri mart\u0131n 18-d\u0259 Prezident\u00a0\u0130lham \u018fliyev\u00a0Novruz bayram\u0131 m\u00fcnasib\u0259til\u0259 T\u0259rt\u0259r rayonunun Tal\u0131\u015f k\u0259ndind\u0259 Az\u0259rbaycan xalq\u0131na m\u00fcraci\u0259tind\u0259 deyib. \u201cBiz Erm\u0259nistan r\u0259hb\u0259rliyini bu \u00e7irkin \u0259m\u0259ll\u0259rd\u0259n \u00e7\u0259kindirm\u0259k \u00fc\u00e7\u00fcn x\u0259b\u0259rdar edirik. Erm\u0259nistan\u0131n arxas\u0131nda dayanan b\u0259zi \u00f6lk\u0259l\u0259ri d\u0259 bax, buradan \u2013 azad edilmi\u015f Tal\u0131\u015f k\u0259ndind\u0259n x\u0259b\u0259rdar edirik ki, \u0259l \u00e7\u0259kin bu \u00e7irkin \u0259m\u0259ll\u0259rd\u0259n. Az\u0259rbaycan d\u00f6vl\u0259tinin, xalq\u0131n\u0131n irad\u0259sin\u0259 he\u00e7&hellip;<\/p>\n","protected":false},"author":2,"featured_media":578487,"comment_status":"closed","ping_status":"closed","sticky":false,"template":"","format":"standard","meta":{"om_disable_all_campaigns":false,"_monsterinsights_skip_tracking":false,"_monsterinsights_sitenote_active":false,"_monsterinsights_sitenote_note":"","_monsterinsights_sitenote_category":0},"categories":[4],"tags":[],"aioseo_notices":[],"gutentor_comment":0,"rttpg_featured_image_url":{"full":["https:\/\/arantv.az\/wp-content\/uploads\/2023\/03\/president_iclas_150720_18.jpg",620,413,false],"landscape":["https:\/\/arantv.az\/wp-content\/uploads\/2023\/03\/president_iclas_150720_18.jpg",620,413,false],"portraits":["https:\/\/arantv.az\/wp-content\/uploads\/2023\/03\/president_iclas_150720_18.jpg",620,413,false],"thumbnail":["https:\/\/arantv.az\/wp-content\/uploads\/2023\/03\/president_iclas_150720_18-500x280.jpg",500,280,true],"medium":["https:\/\/arantv.az\/wp-content\/uploads\/2023\/03\/president_iclas_150720_18-548x365.jpg",548,365,true],"large":["https:\/\/arantv.az\/wp-content\/uploads\/2023\/03\/president_iclas_150720_18.jpg",620,413,false],"1536x1536":["https:\/\/arantv.az\/wp-content\/uploads\/2023\/03\/president_iclas_150720_18.jpg",620,413,false],"2048x2048":["https:\/\/arantv.az\/wp-content\/uploads\/2023\/03\/president_iclas_150720_18.jpg",620,413,false],"post-thumbnail":["https:\/\/arantv.az\/wp-content\/uploads\/2023\/03\/president_iclas_150720_18-240x172.jpg",240,172,true],"advps-thumb-one":["https:\/\/arantv.az\/wp-content\/uploads\/2023\/03\/president_iclas_150720_18.jpg",620,413,false]},"rttpg_author":{"display_name":"V\u00fcsal Rafiqo\u011flu","author_link":"https:\/\/arantv.az\/?author=2"},"rttpg_comment":0,"rttpg_category":"<a href=\"https:\/\/arantv.az\/?cat=4\" rel=\"category\">Siyas\u0259t<\/a>","rttpg_excerpt":"\u201c\u018ffsuslar olsun ki, bu g\u00fcn \u0130kinci Qaraba\u011f m\u00fcharib\u0259sinin ibr\u0259t d\u0259rsi Erm\u0259nistana h\u0259l\u0259 ki, d\u0259rs olmay\u0131b. \u00c7\u00fcnki biz g\u00f6r\u00fcr\u00fck ki, Erm\u0259nistanda revan\u015fist q\u00fcvv\u0259l\u0259r ba\u015f qald\u0131r\u0131b. Erm\u0259nistanda yen\u0259 d\u0259 Az\u0259rbaycana qar\u015f\u0131, Az\u0259rbaycan torpaqlar\u0131na qar\u015f\u0131 \u0259razi iddialar\u0131 qald\u0131r\u0131l\u0131r\u201d. AZ\u018fRTAC\u00a0x\u0259b\u0259r verir ki, bu s\u00f6zl\u0259ri mart\u0131n 18-d\u0259 Prezident\u00a0\u0130lham \u018fliyev\u00a0Novruz bayram\u0131 m\u00fcnasib\u0259til\u0259 T\u0259rt\u0259r rayonunun Tal\u0131\u015f k\u0259ndind\u0259 Az\u0259rbaycan xalq\u0131na m\u00fcraci\u0259tind\u0259 deyib. \u201cBiz&hellip;","_links":{"self":[{"href":"https:\/\/arantv.az\/index.php?rest_route=\/wp\/v2\/posts\/578486"}],"collection":[{"href":"https:\/\/arantv.az\/index.php?rest_route=\/wp\/v2\/posts"}],"about":[{"href":"https:\/\/arantv.az\/index.php?rest_route=\/wp\/v2\/types\/post"}],"author":[{"embeddable":true,"href":"https:\/\/arantv.az\/index.php?rest_route=\/wp\/v2\/users\/2"}],"replies":[{"embeddable":true,"href":"https:\/\/arantv.az\/index.php?rest_route=%2Fwp%2Fv2%2Fcomments&post=578486"}],"version-history":[{"count":0,"href":"https:\/\/arantv.az\/index.php?rest_route=\/wp\/v2\/posts\/578486\/revisions"}],"wp:featuredmedia":[{"embeddable":true,"href":"https:\/\/arantv.az\/index.php?rest_route=\/wp\/v2\/media\/578487"}],"wp:attachment":[{"href":"https:\/\/arantv.az\/index.php?rest_route=%2Fwp%2Fv2%2Fmedia&parent=578486"}],"wp:term":[{"taxonomy":"category","embeddable":true,"href":"https:\/\/arantv.az\/index.php?rest_route=%2Fwp%2Fv2%2Fcategories&post=578486"},{"taxonomy":"post_tag","embeddable":true,"href":"https:\/\/arantv.az\/index.php?rest_route=%2Fwp%2Fv2%2Ftags&post=578486"}],"curies":[{"name":"wp","href":"https:\/\/api.w.org\/{rel}","templated":true}]}}