{"id":578493,"date":"2023-03-18T13:18:30","date_gmt":"2023-03-18T10:18:30","guid":{"rendered":"https:\/\/arantv.az\/?p=578493"},"modified":"2023-03-18T13:18:30","modified_gmt":"2023-03-18T10:18:30","slug":"prezident-30-il-%c9%99rzind%c9%99-isgalla-bagli-beyn%c9%99lxalq-t%c9%99skilatlarda-sozumuz%c9%99-reaksiya-ver%c9%99n-qurum-tapilmadi","status":"publish","type":"post","link":"https:\/\/arantv.az\/?p=578493","title":{"rendered":"Prezident: \u201c30 il \u0259rzind\u0259 i\u015f\u011falla ba\u011fl\u0131 beyn\u0259lxalq t\u0259\u015fkilatlarda s\u00f6z\u00fcm\u00fcz\u0259 reaksiya ver\u0259n qurum tap\u0131lmad\u0131\u201d"},"content":{"rendered":"<p>\u201cBiz otuz il \u0259rzind\u0259 i\u015f\u011falla ba\u011fl\u0131 b\u00fct\u00fcn beyn\u0259lxalq t\u0259\u015fkilatlarda \u00f6z haqq s\u0259simizi ucaltm\u0131\u015fd\u0131q. Ancaq \u0259fsuslar olsun ki, bizim s\u00f6z\u00fcm\u00fcz\u0259 reaksiya ver\u0259n qurum tap\u0131lmad\u0131\u201d.<\/p>\n<p><a href=\"https:\/\/azertag.az\/xeber\/Prezident_Otuz_il_erzinde_isgalla_bagli_butun_beynelxalq_teskilatlarda_bizim_sozumuze_reaksiya_veren_qurum_tapilmadi-2538509\" target=\"_blank\" rel=\"noopener\">AZ\u018fRTAC<\/a>\u00a0x\u0259b\u0259r verir ki, bu s\u00f6zl\u0259ri mart\u0131n 18-d\u0259 Prezident\u00a0<strong>\u0130lham \u018fliyev<\/strong>\u00a0Novruz bayram\u0131 m\u00fcnasib\u0259til\u0259 T\u0259rt\u0259r rayonunun Tal\u0131\u015f k\u0259ndind\u0259 Az\u0259rbaycan xalq\u0131na m\u00fcraci\u0259tind\u0259 deyib.<\/p>\n<p>\u201c\u018fksin\u0259, Qaraba\u011f m\u00fcnaqi\u015f\u0259si il\u0259 m\u0259\u015f\u011ful olmu\u015f vasit\u0259\u00e7il\u0259r m\u0259s\u0259l\u0259ni h\u0259ll etm\u0259y\u0259 yox, dondurmaq \u00fc\u00e7\u00fcn s\u0259yl\u0259r g\u00f6st\u0259rirdi. \u0130ndi \u0130kinci Qaraba\u011f m\u00fcharib\u0259sind\u0259n ke\u00e7\u0259n iki il yar\u0131m \u0259rzind\u0259 \u0259ld\u0259 edilmi\u015f yeni m\u0259lumatlar bunu bir daha t\u0259sdiql\u0259yir\u201d, &#8211; dey\u0259 d\u00f6vl\u0259timizin ba\u015f\u00e7\u0131s\u0131 bildirib.<\/p>\n","protected":false},"excerpt":{"rendered":"<p>\u201cBiz otuz il \u0259rzind\u0259 i\u015f\u011falla ba\u011fl\u0131 b\u00fct\u00fcn beyn\u0259lxalq t\u0259\u015fkilatlarda \u00f6z haqq s\u0259simizi ucaltm\u0131\u015fd\u0131q. Ancaq \u0259fsuslar olsun ki, bizim s\u00f6z\u00fcm\u00fcz\u0259 reaksiya ver\u0259n qurum tap\u0131lmad\u0131\u201d. AZ\u018fRTAC\u00a0x\u0259b\u0259r verir ki, bu s\u00f6zl\u0259ri mart\u0131n 18-d\u0259 Prezident\u00a0\u0130lham \u018fliyev\u00a0Novruz bayram\u0131 m\u00fcnasib\u0259til\u0259 T\u0259rt\u0259r rayonunun Tal\u0131\u015f k\u0259ndind\u0259 Az\u0259rbaycan xalq\u0131na m\u00fcraci\u0259tind\u0259 deyib. \u201c\u018fksin\u0259, Qaraba\u011f m\u00fcnaqi\u015f\u0259si il\u0259 m\u0259\u015f\u011ful olmu\u015f vasit\u0259\u00e7il\u0259r m\u0259s\u0259l\u0259ni h\u0259ll etm\u0259y\u0259 yox, dondurmaq \u00fc\u00e7\u00fcn s\u0259yl\u0259r g\u00f6st\u0259rirdi. \u0130ndi \u0130kinci Qaraba\u011f m\u00fcharib\u0259sind\u0259n ke\u00e7\u0259n iki il yar\u0131m \u0259rzind\u0259 \u0259ld\u0259 edilmi\u015f yeni m\u0259lumatlar bunu bir daha t\u0259sdiql\u0259yir\u201d, &#8211; dey\u0259 d\u00f6vl\u0259timizin ba\u015f\u00e7\u0131s\u0131 bildirib.<\/p>\n","protected":false},"author":2,"featured_media":578494,"comment_status":"closed","ping_status":"closed","sticky":false,"template":"","format":"standard","meta":{"om_disable_all_campaigns":false,"_monsterinsights_skip_tracking":false,"_monsterinsights_sitenote_active":false,"_monsterinsights_sitenote_note":"","_monsterinsights_sitenote_category":0},"categories":[4],"tags":[],"aioseo_notices":[],"gutentor_comment":0,"rttpg_featured_image_url":{"full":["https:\/\/arantv.az\/wp-content\/uploads\/2023\/03\/president_iclas_150720_19.jpg",620,413,false],"landscape":["https:\/\/arantv.az\/wp-content\/uploads\/2023\/03\/president_iclas_150720_19.jpg",620,413,false],"portraits":["https:\/\/arantv.az\/wp-content\/uploads\/2023\/03\/president_iclas_150720_19.jpg",620,413,false],"thumbnail":["https:\/\/arantv.az\/wp-content\/uploads\/2023\/03\/president_iclas_150720_19-500x280.jpg",500,280,true],"medium":["https:\/\/arantv.az\/wp-content\/uploads\/2023\/03\/president_iclas_150720_19-548x365.jpg",548,365,true],"large":["https:\/\/arantv.az\/wp-content\/uploads\/2023\/03\/president_iclas_150720_19.jpg",620,413,false],"1536x1536":["https:\/\/arantv.az\/wp-content\/uploads\/2023\/03\/president_iclas_150720_19.jpg",620,413,false],"2048x2048":["https:\/\/arantv.az\/wp-content\/uploads\/2023\/03\/president_iclas_150720_19.jpg",620,413,false],"post-thumbnail":["https:\/\/arantv.az\/wp-content\/uploads\/2023\/03\/president_iclas_150720_19-240x172.jpg",240,172,true],"advps-thumb-one":["https:\/\/arantv.az\/wp-content\/uploads\/2023\/03\/president_iclas_150720_19.jpg",620,413,false]},"rttpg_author":{"display_name":"V\u00fcsal Rafiqo\u011flu","author_link":"https:\/\/arantv.az\/?author=2"},"rttpg_comment":0,"rttpg_category":"<a href=\"https:\/\/arantv.az\/?cat=4\" rel=\"category\">Siyas\u0259t<\/a>","rttpg_excerpt":"\u201cBiz otuz il \u0259rzind\u0259 i\u015f\u011falla ba\u011fl\u0131 b\u00fct\u00fcn beyn\u0259lxalq t\u0259\u015fkilatlarda \u00f6z haqq s\u0259simizi ucaltm\u0131\u015fd\u0131q. Ancaq \u0259fsuslar olsun ki, bizim s\u00f6z\u00fcm\u00fcz\u0259 reaksiya ver\u0259n qurum tap\u0131lmad\u0131\u201d. AZ\u018fRTAC\u00a0x\u0259b\u0259r verir ki, bu s\u00f6zl\u0259ri mart\u0131n 18-d\u0259 Prezident\u00a0\u0130lham \u018fliyev\u00a0Novruz bayram\u0131 m\u00fcnasib\u0259til\u0259 T\u0259rt\u0259r rayonunun Tal\u0131\u015f k\u0259ndind\u0259 Az\u0259rbaycan xalq\u0131na m\u00fcraci\u0259tind\u0259 deyib. \u201c\u018fksin\u0259, Qaraba\u011f m\u00fcnaqi\u015f\u0259si il\u0259 m\u0259\u015f\u011ful olmu\u015f vasit\u0259\u00e7il\u0259r m\u0259s\u0259l\u0259ni h\u0259ll etm\u0259y\u0259 yox, dondurmaq \u00fc\u00e7\u00fcn&hellip;","_links":{"self":[{"href":"https:\/\/arantv.az\/index.php?rest_route=\/wp\/v2\/posts\/578493"}],"collection":[{"href":"https:\/\/arantv.az\/index.php?rest_route=\/wp\/v2\/posts"}],"about":[{"href":"https:\/\/arantv.az\/index.php?rest_route=\/wp\/v2\/types\/post"}],"author":[{"embeddable":true,"href":"https:\/\/arantv.az\/index.php?rest_route=\/wp\/v2\/users\/2"}],"replies":[{"embeddable":true,"href":"https:\/\/arantv.az\/index.php?rest_route=%2Fwp%2Fv2%2Fcomments&post=578493"}],"version-history":[{"count":0,"href":"https:\/\/arantv.az\/index.php?rest_route=\/wp\/v2\/posts\/578493\/revisions"}],"wp:featuredmedia":[{"embeddable":true,"href":"https:\/\/arantv.az\/index.php?rest_route=\/wp\/v2\/media\/578494"}],"wp:attachment":[{"href":"https:\/\/arantv.az\/index.php?rest_route=%2Fwp%2Fv2%2Fmedia&parent=578493"}],"wp:term":[{"taxonomy":"category","embeddable":true,"href":"https:\/\/arantv.az\/index.php?rest_route=%2Fwp%2Fv2%2Fcategories&post=578493"},{"taxonomy":"post_tag","embeddable":true,"href":"https:\/\/arantv.az\/index.php?rest_route=%2Fwp%2Fv2%2Ftags&post=578493"}],"curies":[{"name":"wp","href":"https:\/\/api.w.org\/{rel}","templated":true}]}}