{"id":578497,"date":"2023-03-18T13:18:59","date_gmt":"2023-03-18T10:18:59","guid":{"rendered":"https:\/\/arantv.az\/?p=578497"},"modified":"2023-03-18T13:18:59","modified_gmt":"2023-03-18T10:18:59","slug":"prezident-xalqimiza-qarsi-tor%c9%99dilmis-soyqirimi-%c9%99dal%c9%99tsizlik-v%c9%99-h%c9%99rbi-cinay%c9%99tl%c9%99ri-hec-vaxt-unutmayacagiq","status":"publish","type":"post","link":"https:\/\/arantv.az\/?p=578497","title":{"rendered":"Prezident: \u201cXalq\u0131m\u0131za qar\u015f\u0131 t\u00f6r\u0259dilmi\u015f soyq\u0131r\u0131m\u0131, \u0259dal\u0259tsizlik v\u0259 h\u0259rbi cinay\u0259tl\u0259ri he\u00e7 vaxt unutmayaca\u011f\u0131q\u201d"},"content":{"rendered":"<p>\u201cOtuz il\u0259 yax\u0131n m\u00fcdd\u0259t \u0259rzind\u0259 torpaqlar\u0131m\u0131z i\u015f\u011fal alt\u0131nda idi. Erm\u0259nistan xalq\u0131m\u0131za qar\u015f\u0131 etnik t\u0259mizl\u0259m\u0259 siyas\u0259ti apar\u0131rd\u0131. Y\u00fcz minl\u0259rl\u0259 az\u0259rbaycanl\u0131 \u00f6z do\u011fma torpaqlar\u0131ndan did\u0259rgin sal\u0131nm\u0131\u015f, qa\u00e7q\u0131n, k\u00f6\u00e7k\u00fcn v\u0259ziyy\u0259tin\u0259 d\u00fc\u015fm\u00fc\u015fd\u00fcr\u201d.<\/p>\n<p><a href=\"https:\/\/azertag.az\/xeber\/Azerbaycan_Prezidenti_Xalqimiza_qarsi_toredilmis_soyqirimi_edaletsizlik_ve_herbi_cinayetleri_hech_vaxt_unutmayacagiq-2538494\" target=\"_blank\" rel=\"noopener\">AZ\u018fRTAC<\/a>\u00a0x\u0259b\u0259r verir ki, bu s\u00f6zl\u0259ri mart\u0131n 18-d\u0259 Prezident\u00a0<strong>\u0130lham \u018fliyev<\/strong>\u00a0Novruz bayram\u0131 m\u00fcnasib\u0259til\u0259 T\u0259rt\u0259r rayonunun Tal\u0131\u015f k\u0259ndind\u0259 Az\u0259rbaycan xalq\u0131na m\u00fcraci\u0259tind\u0259 deyib.<\/p>\n<p>\u201cXalq\u0131m\u0131za qar\u015f\u0131 soyq\u0131r\u0131m\u0131 t\u00f6r\u0259dilmi\u015fdir, \u0259dal\u0259tsizlik t\u00f6r\u0259dilmi\u015fdir, h\u0259rbi cinay\u0259tl\u0259r t\u00f6r\u0259dilmi\u015fdir. Biz bunu he\u00e7 vaxt unutmayaca\u011f\u0131q. Biz bunu he\u00e7 vaxt unutmamal\u0131y\u0131q\u201d, &#8211; dey\u0259 Az\u0259rbaycan Prezidenti vur\u011fulay\u0131b.<\/p>\n","protected":false},"excerpt":{"rendered":"<p>\u201cOtuz il\u0259 yax\u0131n m\u00fcdd\u0259t \u0259rzind\u0259 torpaqlar\u0131m\u0131z i\u015f\u011fal alt\u0131nda idi. Erm\u0259nistan xalq\u0131m\u0131za qar\u015f\u0131 etnik t\u0259mizl\u0259m\u0259 siyas\u0259ti apar\u0131rd\u0131. Y\u00fcz minl\u0259rl\u0259 az\u0259rbaycanl\u0131 \u00f6z do\u011fma torpaqlar\u0131ndan did\u0259rgin sal\u0131nm\u0131\u015f, qa\u00e7q\u0131n, k\u00f6\u00e7k\u00fcn v\u0259ziyy\u0259tin\u0259 d\u00fc\u015fm\u00fc\u015fd\u00fcr\u201d. AZ\u018fRTAC\u00a0x\u0259b\u0259r verir ki, bu s\u00f6zl\u0259ri mart\u0131n 18-d\u0259 Prezident\u00a0\u0130lham \u018fliyev\u00a0Novruz bayram\u0131 m\u00fcnasib\u0259til\u0259 T\u0259rt\u0259r rayonunun Tal\u0131\u015f k\u0259ndind\u0259 Az\u0259rbaycan xalq\u0131na m\u00fcraci\u0259tind\u0259 deyib. \u201cXalq\u0131m\u0131za qar\u015f\u0131 soyq\u0131r\u0131m\u0131 t\u00f6r\u0259dilmi\u015fdir, \u0259dal\u0259tsizlik t\u00f6r\u0259dilmi\u015fdir, h\u0259rbi cinay\u0259tl\u0259r t\u00f6r\u0259dilmi\u015fdir. Biz bunu he\u00e7 vaxt unutmayaca\u011f\u0131q. Biz bunu he\u00e7 vaxt unutmamal\u0131y\u0131q\u201d, &#8211; dey\u0259 Az\u0259rbaycan Prezidenti vur\u011fulay\u0131b.<\/p>\n","protected":false},"author":2,"featured_media":578498,"comment_status":"closed","ping_status":"closed","sticky":false,"template":"","format":"standard","meta":{"om_disable_all_campaigns":false,"_monsterinsights_skip_tracking":false,"_monsterinsights_sitenote_active":false,"_monsterinsights_sitenote_note":"","_monsterinsights_sitenote_category":0},"categories":[4],"tags":[],"aioseo_notices":[],"gutentor_comment":0,"rttpg_featured_image_url":{"full":["https:\/\/arantv.az\/wp-content\/uploads\/2023\/03\/1594814467-7.jpg",620,413,false],"landscape":["https:\/\/arantv.az\/wp-content\/uploads\/2023\/03\/1594814467-7.jpg",620,413,false],"portraits":["https:\/\/arantv.az\/wp-content\/uploads\/2023\/03\/1594814467-7.jpg",620,413,false],"thumbnail":["https:\/\/arantv.az\/wp-content\/uploads\/2023\/03\/1594814467-7-500x280.jpg",500,280,true],"medium":["https:\/\/arantv.az\/wp-content\/uploads\/2023\/03\/1594814467-7-548x365.jpg",548,365,true],"large":["https:\/\/arantv.az\/wp-content\/uploads\/2023\/03\/1594814467-7.jpg",620,413,false],"1536x1536":["https:\/\/arantv.az\/wp-content\/uploads\/2023\/03\/1594814467-7.jpg",620,413,false],"2048x2048":["https:\/\/arantv.az\/wp-content\/uploads\/2023\/03\/1594814467-7.jpg",620,413,false],"post-thumbnail":["https:\/\/arantv.az\/wp-content\/uploads\/2023\/03\/1594814467-7-240x172.jpg",240,172,true],"advps-thumb-one":["https:\/\/arantv.az\/wp-content\/uploads\/2023\/03\/1594814467-7.jpg",620,413,false]},"rttpg_author":{"display_name":"V\u00fcsal Rafiqo\u011flu","author_link":"https:\/\/arantv.az\/?author=2"},"rttpg_comment":0,"rttpg_category":"<a href=\"https:\/\/arantv.az\/?cat=4\" rel=\"category\">Siyas\u0259t<\/a>","rttpg_excerpt":"\u201cOtuz il\u0259 yax\u0131n m\u00fcdd\u0259t \u0259rzind\u0259 torpaqlar\u0131m\u0131z i\u015f\u011fal alt\u0131nda idi. Erm\u0259nistan xalq\u0131m\u0131za qar\u015f\u0131 etnik t\u0259mizl\u0259m\u0259 siyas\u0259ti apar\u0131rd\u0131. Y\u00fcz minl\u0259rl\u0259 az\u0259rbaycanl\u0131 \u00f6z do\u011fma torpaqlar\u0131ndan did\u0259rgin sal\u0131nm\u0131\u015f, qa\u00e7q\u0131n, k\u00f6\u00e7k\u00fcn v\u0259ziyy\u0259tin\u0259 d\u00fc\u015fm\u00fc\u015fd\u00fcr\u201d. AZ\u018fRTAC\u00a0x\u0259b\u0259r verir ki, bu s\u00f6zl\u0259ri mart\u0131n 18-d\u0259 Prezident\u00a0\u0130lham \u018fliyev\u00a0Novruz bayram\u0131 m\u00fcnasib\u0259til\u0259 T\u0259rt\u0259r rayonunun Tal\u0131\u015f k\u0259ndind\u0259 Az\u0259rbaycan xalq\u0131na m\u00fcraci\u0259tind\u0259 deyib. \u201cXalq\u0131m\u0131za qar\u015f\u0131 soyq\u0131r\u0131m\u0131 t\u00f6r\u0259dilmi\u015fdir, \u0259dal\u0259tsizlik t\u00f6r\u0259dilmi\u015fdir, h\u0259rbi cinay\u0259tl\u0259r&hellip;","_links":{"self":[{"href":"https:\/\/arantv.az\/index.php?rest_route=\/wp\/v2\/posts\/578497"}],"collection":[{"href":"https:\/\/arantv.az\/index.php?rest_route=\/wp\/v2\/posts"}],"about":[{"href":"https:\/\/arantv.az\/index.php?rest_route=\/wp\/v2\/types\/post"}],"author":[{"embeddable":true,"href":"https:\/\/arantv.az\/index.php?rest_route=\/wp\/v2\/users\/2"}],"replies":[{"embeddable":true,"href":"https:\/\/arantv.az\/index.php?rest_route=%2Fwp%2Fv2%2Fcomments&post=578497"}],"version-history":[{"count":0,"href":"https:\/\/arantv.az\/index.php?rest_route=\/wp\/v2\/posts\/578497\/revisions"}],"wp:featuredmedia":[{"embeddable":true,"href":"https:\/\/arantv.az\/index.php?rest_route=\/wp\/v2\/media\/578498"}],"wp:attachment":[{"href":"https:\/\/arantv.az\/index.php?rest_route=%2Fwp%2Fv2%2Fmedia&parent=578497"}],"wp:term":[{"taxonomy":"category","embeddable":true,"href":"https:\/\/arantv.az\/index.php?rest_route=%2Fwp%2Fv2%2Fcategories&post=578497"},{"taxonomy":"post_tag","embeddable":true,"href":"https:\/\/arantv.az\/index.php?rest_route=%2Fwp%2Fv2%2Ftags&post=578497"}],"curies":[{"name":"wp","href":"https:\/\/api.w.org\/{rel}","templated":true}]}}