{"id":586831,"date":"2023-04-07T12:16:20","date_gmt":"2023-04-07T08:16:20","guid":{"rendered":"https:\/\/arantv.az\/?p=586831"},"modified":"2023-04-07T12:16:20","modified_gmt":"2023-04-07T08:16:20","slug":"lavrovla-cavusoglunun-gorusu-baslayib-video","status":"publish","type":"post","link":"https:\/\/arantv.az\/?p=586831","title":{"rendered":"Lavrovla \u00c7avu\u015fo\u011flunun g\u00f6r\u00fc\u015f\u00fc ba\u015flay\u0131b &#8211; V\u0130DEO"},"content":{"rendered":"<p>T\u00fcrkiy\u0259d\u0259 s\u0259f\u0259rd\u0259 olan Rusiya xarici i\u015fl\u0259r naziri Sergey Lavrovun t\u00fcrkiy\u0259li h\u0259mkar\u0131 M\u00f6vlud \u00c7avu\u015fo\u011flu il\u0259 Ankarada g\u00f6r\u00fc\u015f\u00fc ba\u015flay\u0131b.<\/p>\n<p>G\u00f6r\u00fc\u015fd\u0259n sonra nazirl\u0259rin m\u0259tbuat konfrans\u0131 ke\u00e7ir\u0259c\u0259kl\u0259ri g\u00f6zl\u0259nilir.<\/p>\n<p>Xat\u0131rladaq ki, Rusiya X\u0130N r\u0259hb\u0259ri t\u00fcrkiy\u0259li h\u0259mkar\u0131n\u0131n d\u0259v\u0259ti il\u0259\u00a0<a href=\"https:\/\/oxu.az\/world\/715319\" target=\"_blank\" rel=\"noopener\"><strong>aprelin 6-da<\/strong><\/a>\u00a0Ankaraya yollan\u0131b. G\u00f6r\u00fc\u015f zaman\u0131 enerji m\u0259s\u0259l\u0259l\u0259ri, Ukrayna \u0259traf\u0131ndak\u0131 v\u0259ziyy\u0259t, \u201cTax\u0131l sazi\u015fi\u201dnin h\u0259yata ke\u00e7irilm\u0259si, el\u0259c\u0259 d\u0259 Qaraba\u011fda v\u0259ziyy\u0259tin normalla\u015fd\u0131r\u0131lmas\u0131, D\u0259m\u0259\u015fq v\u0259 Ankara aras\u0131nda dialoq kimi m\u00f6vzular \u0259traf\u0131nda m\u00fczakir\u0259l\u0259rin apar\u0131laca\u011f\u0131 g\u00f6zl\u0259nilir.<\/p>\n<div id=\"22889818619\" data-google-query-id=\"CL2nw5Oql_4CFa4Uewod3WAKLw\">\n<div id=\"google_ads_iframe_\/22785635315\/22890818619_0__container__\"><\/div>\n<\/div>\n<div><iframe loading=\"lazy\" src=\"https:\/\/baku.tv\/embed\/78705\" width=\"560\" height=\"315\" frameborder=\"0\" allowfullscreen=\"allowfullscreen\" data-mce-fragment=\"1\"><\/iframe><\/div>\n<p>&nbsp;<\/p>\n","protected":false},"excerpt":{"rendered":"<p>T\u00fcrkiy\u0259d\u0259 s\u0259f\u0259rd\u0259 olan Rusiya xarici i\u015fl\u0259r naziri Sergey Lavrovun t\u00fcrkiy\u0259li h\u0259mkar\u0131 M\u00f6vlud \u00c7avu\u015fo\u011flu il\u0259 Ankarada g\u00f6r\u00fc\u015f\u00fc ba\u015flay\u0131b. G\u00f6r\u00fc\u015fd\u0259n sonra nazirl\u0259rin m\u0259tbuat konfrans\u0131 ke\u00e7ir\u0259c\u0259kl\u0259ri g\u00f6zl\u0259nilir. Xat\u0131rladaq ki, Rusiya X\u0130N r\u0259hb\u0259ri t\u00fcrkiy\u0259li h\u0259mkar\u0131n\u0131n d\u0259v\u0259ti il\u0259\u00a0aprelin 6-da\u00a0Ankaraya yollan\u0131b. G\u00f6r\u00fc\u015f zaman\u0131 enerji m\u0259s\u0259l\u0259l\u0259ri, Ukrayna \u0259traf\u0131ndak\u0131 v\u0259ziyy\u0259t, \u201cTax\u0131l sazi\u015fi\u201dnin h\u0259yata ke\u00e7irilm\u0259si, el\u0259c\u0259 d\u0259 Qaraba\u011fda v\u0259ziyy\u0259tin normalla\u015fd\u0131r\u0131lmas\u0131, D\u0259m\u0259\u015fq v\u0259 Ankara aras\u0131nda dialoq kimi m\u00f6vzular \u0259traf\u0131nda m\u00fczakir\u0259l\u0259rin apar\u0131laca\u011f\u0131 g\u00f6zl\u0259nilir. &nbsp;<\/p>\n","protected":false},"author":2,"featured_media":586832,"comment_status":"closed","ping_status":"closed","sticky":false,"template":"","format":"standard","meta":{"om_disable_all_campaigns":false,"_monsterinsights_skip_tracking":false,"_monsterinsights_sitenote_active":false,"_monsterinsights_sitenote_note":"","_monsterinsights_sitenote_category":0},"categories":[7],"tags":[],"aioseo_notices":[],"gutentor_comment":0,"rttpg_featured_image_url":{"full":["https:\/\/arantv.az\/wp-content\/uploads\/2023\/04\/1069317951_0_0_2048_1365_1440x900_80_0_1_4db3a7256a10133a987ed0a7c667f6c1.jpg.jpg",620,413,false],"landscape":["https:\/\/arantv.az\/wp-content\/uploads\/2023\/04\/1069317951_0_0_2048_1365_1440x900_80_0_1_4db3a7256a10133a987ed0a7c667f6c1.jpg.jpg",620,413,false],"portraits":["https:\/\/arantv.az\/wp-content\/uploads\/2023\/04\/1069317951_0_0_2048_1365_1440x900_80_0_1_4db3a7256a10133a987ed0a7c667f6c1.jpg.jpg",620,413,false],"thumbnail":["https:\/\/arantv.az\/wp-content\/uploads\/2023\/04\/1069317951_0_0_2048_1365_1440x900_80_0_1_4db3a7256a10133a987ed0a7c667f6c1.jpg-500x280.jpg",500,280,true],"medium":["https:\/\/arantv.az\/wp-content\/uploads\/2023\/04\/1069317951_0_0_2048_1365_1440x900_80_0_1_4db3a7256a10133a987ed0a7c667f6c1.jpg-548x365.jpg",548,365,true],"large":["https:\/\/arantv.az\/wp-content\/uploads\/2023\/04\/1069317951_0_0_2048_1365_1440x900_80_0_1_4db3a7256a10133a987ed0a7c667f6c1.jpg.jpg",620,413,false],"1536x1536":["https:\/\/arantv.az\/wp-content\/uploads\/2023\/04\/1069317951_0_0_2048_1365_1440x900_80_0_1_4db3a7256a10133a987ed0a7c667f6c1.jpg.jpg",620,413,false],"2048x2048":["https:\/\/arantv.az\/wp-content\/uploads\/2023\/04\/1069317951_0_0_2048_1365_1440x900_80_0_1_4db3a7256a10133a987ed0a7c667f6c1.jpg.jpg",620,413,false],"post-thumbnail":["https:\/\/arantv.az\/wp-content\/uploads\/2023\/04\/1069317951_0_0_2048_1365_1440x900_80_0_1_4db3a7256a10133a987ed0a7c667f6c1.jpg-240x172.jpg",240,172,true],"advps-thumb-one":["https:\/\/arantv.az\/wp-content\/uploads\/2023\/04\/1069317951_0_0_2048_1365_1440x900_80_0_1_4db3a7256a10133a987ed0a7c667f6c1.jpg.jpg",620,413,false]},"rttpg_author":{"display_name":"V\u00fcsal Rafiqo\u011flu","author_link":"https:\/\/arantv.az\/?author=2"},"rttpg_comment":0,"rttpg_category":"<a href=\"https:\/\/arantv.az\/?cat=7\" rel=\"category\">D\u00fcnya<\/a>","rttpg_excerpt":"T\u00fcrkiy\u0259d\u0259 s\u0259f\u0259rd\u0259 olan Rusiya xarici i\u015fl\u0259r naziri Sergey Lavrovun t\u00fcrkiy\u0259li h\u0259mkar\u0131 M\u00f6vlud \u00c7avu\u015fo\u011flu il\u0259 Ankarada g\u00f6r\u00fc\u015f\u00fc ba\u015flay\u0131b. G\u00f6r\u00fc\u015fd\u0259n sonra nazirl\u0259rin m\u0259tbuat konfrans\u0131 ke\u00e7ir\u0259c\u0259kl\u0259ri g\u00f6zl\u0259nilir. Xat\u0131rladaq ki, Rusiya X\u0130N r\u0259hb\u0259ri t\u00fcrkiy\u0259li h\u0259mkar\u0131n\u0131n d\u0259v\u0259ti il\u0259\u00a0aprelin 6-da\u00a0Ankaraya yollan\u0131b. G\u00f6r\u00fc\u015f zaman\u0131 enerji m\u0259s\u0259l\u0259l\u0259ri, Ukrayna \u0259traf\u0131ndak\u0131 v\u0259ziyy\u0259t, \u201cTax\u0131l sazi\u015fi\u201dnin h\u0259yata ke\u00e7irilm\u0259si, el\u0259c\u0259 d\u0259 Qaraba\u011fda v\u0259ziyy\u0259tin normalla\u015fd\u0131r\u0131lmas\u0131, D\u0259m\u0259\u015fq v\u0259 Ankara aras\u0131nda&hellip;","_links":{"self":[{"href":"https:\/\/arantv.az\/index.php?rest_route=\/wp\/v2\/posts\/586831"}],"collection":[{"href":"https:\/\/arantv.az\/index.php?rest_route=\/wp\/v2\/posts"}],"about":[{"href":"https:\/\/arantv.az\/index.php?rest_route=\/wp\/v2\/types\/post"}],"author":[{"embeddable":true,"href":"https:\/\/arantv.az\/index.php?rest_route=\/wp\/v2\/users\/2"}],"replies":[{"embeddable":true,"href":"https:\/\/arantv.az\/index.php?rest_route=%2Fwp%2Fv2%2Fcomments&post=586831"}],"version-history":[{"count":0,"href":"https:\/\/arantv.az\/index.php?rest_route=\/wp\/v2\/posts\/586831\/revisions"}],"wp:featuredmedia":[{"embeddable":true,"href":"https:\/\/arantv.az\/index.php?rest_route=\/wp\/v2\/media\/586832"}],"wp:attachment":[{"href":"https:\/\/arantv.az\/index.php?rest_route=%2Fwp%2Fv2%2Fmedia&parent=586831"}],"wp:term":[{"taxonomy":"category","embeddable":true,"href":"https:\/\/arantv.az\/index.php?rest_route=%2Fwp%2Fv2%2Fcategories&post=586831"},{"taxonomy":"post_tag","embeddable":true,"href":"https:\/\/arantv.az\/index.php?rest_route=%2Fwp%2Fv2%2Ftags&post=586831"}],"curies":[{"name":"wp","href":"https:\/\/api.w.org\/{rel}","templated":true}]}}