{"id":586834,"date":"2023-04-07T12:16:59","date_gmt":"2023-04-07T08:16:59","guid":{"rendered":"https:\/\/arantv.az\/?p=586834"},"modified":"2023-04-07T12:16:59","modified_gmt":"2023-04-07T08:16:59","slug":"milli-m%c9%99clis-iran-parlamentin%c9%99-qarsi-cavab-b%c9%99yanati-verdi-yenil%c9%99nib","status":"publish","type":"post","link":"https:\/\/arantv.az\/?p=586834","title":{"rendered":"Milli M\u0259clis \u0130ran parlamentin\u0259 qar\u015f\u0131 cavab b\u0259yanat\u0131 verdi &#8211; YEN\u0130L\u018fN\u0130B"},"content":{"rendered":"<p>Milli M\u0259clis \u0130ran parlamentin\u0259 cavab b\u0259yanat\u0131 haz\u0131rlay\u0131b.<\/p>\n<p>\u201cReport\u201d x\u0259b\u0259r verir ki, b\u0259yanat m\u0259tninin layih\u0259sini deputat Kamran Bayramov parlament \u00fczvl\u0259rinin diqq\u0259tin\u0259 \u00e7atd\u0131r\u0131b.<\/p>\n<p>B\u0259yanat s\u0259sverm\u0259y\u0259 \u00e7\u0131xar\u0131laraq q\u0259bul edilib.<\/p>\n<p>B\u0259yanatda deyilir ki, Milli M\u0259clis \u0130ran parlamentinin aprelin 5-d\u0259 Az\u0259rbaycan\u0131n \u0130sraild\u0259 s\u0259firlik a\u00e7mas\u0131n\u0131 pisl\u0259y\u0259n b\u0259yanat q\u0259bul etm\u0259sini \u00f6lk\u0259mizin daxili i\u015fl\u0259rin\u0259 m\u00fcdaxil\u0259 c\u0259hdi kimi qiym\u0259tl\u0259ndirir:<\/p>\n<p>\u201cAz\u0259rbaycana qar\u015f\u0131 a\u00e7\u0131q h\u00f6rm\u0259tsizliyin bariz n\u00fcmun\u0259si olan bu b\u0259yanat \u0130ran\u0131n n\u00f6vb\u0259ti siyasi t\u0259xribat\u0131d\u0131r\u201d.<\/p>\n<p><strong>11:30<\/strong><\/p>\n<p>Milli M\u0259clis \u0130ran\u0131n \u0130slam \u015euras\u0131 M\u0259clisinin (\u0130ran parlamenti) \u0130sraild\u0259 Az\u0259rbaycan s\u0259firliyinin a\u00e7\u0131lmas\u0131n\u0131 pisl\u0259y\u0259n b\u0259yanat\u0131 il\u0259 ba\u011fl\u0131 b\u0259yanat haz\u0131rlayacaq.<\/p>\n<p>\u201cReport\u201d x\u0259b\u0259r verir ki, bu bar\u0259d\u0259 MM-in plenar iclas\u0131nda spiker Sahib\u0259 Qafarova m\u0259lumat verib.<\/p>\n<p>Daha sonra Sahib\u0259 Qafarova \u0130ran parlamenti il\u0259 ba\u011fl\u0131 b\u0259yanat\u0131n haz\u0131rlanmas\u0131 \u00fc\u00e7\u00fcn komissiyan\u0131n yarad\u0131lmas\u0131n\u0131 t\u0259klif edib v\u0259 t\u0259klif q\u0259bul olunub.<\/p>\n<p>Komissiyan\u0131n s\u0259dri parlament s\u0259drinin m\u00fcavini F\u0259zail \u0130brahimli m\u00fc\u0259yy\u0259n olunub. Deputatlar Zahid Oruc, Cavan\u015fir Pa\u015fazad\u0259, Rafael H\u00fcseynov, Af\u0259t H\u0259s\u0259nova, Kamran Bayramov is\u0259 komissiyan\u0131n \u00fczvl\u0259ri olublar.<\/p>\n<p>Sahib\u0259 Qafarova b\u0259yanat m\u0259tninin haz\u0131rlanmas\u0131 \u00fc\u00e7\u00fcn tap\u015f\u0131r\u0131q verib.<\/p>\n<p>\u0130clas\u0131n davam\u0131nda b\u0259yanat m\u0259tni s\u0259sl\u0259ndiril\u0259c\u0259k v\u0259 q\u0259bul edil\u0259c\u0259k.<\/p>\n","protected":false},"excerpt":{"rendered":"<p>Milli M\u0259clis \u0130ran parlamentin\u0259 cavab b\u0259yanat\u0131 haz\u0131rlay\u0131b. \u201cReport\u201d x\u0259b\u0259r verir ki, b\u0259yanat m\u0259tninin layih\u0259sini deputat Kamran Bayramov parlament \u00fczvl\u0259rinin diqq\u0259tin\u0259 \u00e7atd\u0131r\u0131b. B\u0259yanat s\u0259sverm\u0259y\u0259 \u00e7\u0131xar\u0131laraq q\u0259bul edilib. B\u0259yanatda deyilir ki, Milli M\u0259clis \u0130ran parlamentinin aprelin 5-d\u0259 Az\u0259rbaycan\u0131n \u0130sraild\u0259 s\u0259firlik a\u00e7mas\u0131n\u0131 pisl\u0259y\u0259n b\u0259yanat q\u0259bul etm\u0259sini \u00f6lk\u0259mizin daxili i\u015fl\u0259rin\u0259 m\u00fcdaxil\u0259 c\u0259hdi kimi qiym\u0259tl\u0259ndirir: \u201cAz\u0259rbaycana qar\u015f\u0131 a\u00e7\u0131q h\u00f6rm\u0259tsizliyin bariz n\u00fcmun\u0259si olan bu b\u0259yanat \u0130ran\u0131n n\u00f6vb\u0259ti siyasi t\u0259xribat\u0131d\u0131r\u201d. 11:30 Milli M\u0259clis \u0130ran\u0131n \u0130slam \u015euras\u0131 M\u0259clisinin (\u0130ran parlamenti) \u0130sraild\u0259 Az\u0259rbaycan s\u0259firliyinin a\u00e7\u0131lmas\u0131n\u0131 pisl\u0259y\u0259n b\u0259yanat\u0131 il\u0259 ba\u011fl\u0131 b\u0259yanat haz\u0131rlayacaq. \u201cReport\u201d x\u0259b\u0259r verir ki, bu bar\u0259d\u0259 MM-in plenar&hellip;<\/p>\n","protected":false},"author":2,"featured_media":442385,"comment_status":"closed","ping_status":"closed","sticky":false,"template":"","format":"standard","meta":{"om_disable_all_campaigns":false,"_monsterinsights_skip_tracking":false,"_monsterinsights_sitenote_active":false,"_monsterinsights_sitenote_note":"","_monsterinsights_sitenote_category":0},"categories":[4],"tags":[],"aioseo_notices":[],"gutentor_comment":0,"rttpg_featured_image_url":{"full":["https:\/\/arantv.az\/wp-content\/uploads\/2022\/02\/milli_meclis_0145.jpg",800,600,false],"landscape":["https:\/\/arantv.az\/wp-content\/uploads\/2022\/02\/milli_meclis_0145.jpg",800,600,false],"portraits":["https:\/\/arantv.az\/wp-content\/uploads\/2022\/02\/milli_meclis_0145.jpg",800,600,false],"thumbnail":["https:\/\/arantv.az\/wp-content\/uploads\/2022\/02\/milli_meclis_0145-500x280.jpg",500,280,true],"medium":["https:\/\/arantv.az\/wp-content\/uploads\/2022\/02\/milli_meclis_0145-487x365.jpg",487,365,true],"large":["https:\/\/arantv.az\/wp-content\/uploads\/2022\/02\/milli_meclis_0145.jpg",640,480,false],"1536x1536":["https:\/\/arantv.az\/wp-content\/uploads\/2022\/02\/milli_meclis_0145.jpg",800,600,false],"2048x2048":["https:\/\/arantv.az\/wp-content\/uploads\/2022\/02\/milli_meclis_0145.jpg",800,600,false],"post-thumbnail":["https:\/\/arantv.az\/wp-content\/uploads\/2022\/02\/milli_meclis_0145-240x172.jpg",240,172,true],"advps-thumb-one":["https:\/\/arantv.az\/wp-content\/uploads\/2022\/02\/milli_meclis_0145.jpg",800,600,false]},"rttpg_author":{"display_name":"V\u00fcsal Rafiqo\u011flu","author_link":"https:\/\/arantv.az\/?author=2"},"rttpg_comment":0,"rttpg_category":"<a href=\"https:\/\/arantv.az\/?cat=4\" rel=\"category\">Siyas\u0259t<\/a>","rttpg_excerpt":"Milli M\u0259clis \u0130ran parlamentin\u0259 cavab b\u0259yanat\u0131 haz\u0131rlay\u0131b. \u201cReport\u201d x\u0259b\u0259r verir ki, b\u0259yanat m\u0259tninin layih\u0259sini deputat Kamran Bayramov parlament \u00fczvl\u0259rinin diqq\u0259tin\u0259 \u00e7atd\u0131r\u0131b. B\u0259yanat s\u0259sverm\u0259y\u0259 \u00e7\u0131xar\u0131laraq q\u0259bul edilib. B\u0259yanatda deyilir ki, Milli M\u0259clis \u0130ran parlamentinin aprelin 5-d\u0259 Az\u0259rbaycan\u0131n \u0130sraild\u0259 s\u0259firlik a\u00e7mas\u0131n\u0131 pisl\u0259y\u0259n b\u0259yanat q\u0259bul etm\u0259sini \u00f6lk\u0259mizin daxili i\u015fl\u0259rin\u0259 m\u00fcdaxil\u0259 c\u0259hdi kimi qiym\u0259tl\u0259ndirir: \u201cAz\u0259rbaycana qar\u015f\u0131 a\u00e7\u0131q h\u00f6rm\u0259tsizliyin bariz&hellip;","_links":{"self":[{"href":"https:\/\/arantv.az\/index.php?rest_route=\/wp\/v2\/posts\/586834"}],"collection":[{"href":"https:\/\/arantv.az\/index.php?rest_route=\/wp\/v2\/posts"}],"about":[{"href":"https:\/\/arantv.az\/index.php?rest_route=\/wp\/v2\/types\/post"}],"author":[{"embeddable":true,"href":"https:\/\/arantv.az\/index.php?rest_route=\/wp\/v2\/users\/2"}],"replies":[{"embeddable":true,"href":"https:\/\/arantv.az\/index.php?rest_route=%2Fwp%2Fv2%2Fcomments&post=586834"}],"version-history":[{"count":0,"href":"https:\/\/arantv.az\/index.php?rest_route=\/wp\/v2\/posts\/586834\/revisions"}],"wp:featuredmedia":[{"embeddable":true,"href":"https:\/\/arantv.az\/index.php?rest_route=\/wp\/v2\/media\/442385"}],"wp:attachment":[{"href":"https:\/\/arantv.az\/index.php?rest_route=%2Fwp%2Fv2%2Fmedia&parent=586834"}],"wp:term":[{"taxonomy":"category","embeddable":true,"href":"https:\/\/arantv.az\/index.php?rest_route=%2Fwp%2Fv2%2Fcategories&post=586834"},{"taxonomy":"post_tag","embeddable":true,"href":"https:\/\/arantv.az\/index.php?rest_route=%2Fwp%2Fv2%2Ftags&post=586834"}],"curies":[{"name":"wp","href":"https:\/\/api.w.org\/{rel}","templated":true}]}}