{"id":586836,"date":"2023-04-07T12:17:33","date_gmt":"2023-04-07T08:17:33","guid":{"rendered":"https:\/\/arantv.az\/?p=586836"},"modified":"2023-04-07T12:17:33","modified_gmt":"2023-04-07T08:17:33","slug":"hirkan-mes%c9%99l%c9%99ri-nominasiyasi-unesco-nun-umumdunya-irs-komit%c9%99sin%c9%99-t%c9%99qdim-edilib","status":"publish","type":"post","link":"https:\/\/arantv.az\/?p=586836","title":{"rendered":"\u201cHirkan me\u015f\u0259l\u0259ri\u201d nominasiyas\u0131 UNESCO-nun \u00dcmumd\u00fcnya \u0130rs Komit\u0259sin\u0259 t\u0259qdim edilib"},"content":{"rendered":"<p>\u201cHirkan me\u015f\u0259l\u0259ri\u201d nominasiyas\u0131 UNESCO-nun \u00dcmumd\u00fcnya \u0130rs Komit\u0259sin\u0259 t\u0259qdim edilib.<\/p>\n<p><b>ARANTV.AZ <\/b>x\u0259b\u0259r verir ki, bunu T\u00dcRKSOY-a \u00fczv \u00f6lk\u0259l\u0259rin UNESCO \u00fczr\u0259 Milli Komissiyalar\u0131n\u0131n 9-cu iclas\u0131nda ekologiya v\u0259 t\u0259bii s\u0259rv\u0259tl\u0259r naziri Muxtar Babayev deyib.<\/p>\n<p>O iclas i\u015ftirak\u00e7\u0131lar\u0131n\u0131n diqq\u0259tin\u0259 \u00e7atd\u0131r\u0131b ki, Hirkan me\u015f\u0259l\u0259ri X\u0259z\u0259r d\u0259nizinin c\u0259nub-q\u0259rb v\u0259 c\u0259nub sahill\u0259rini \u0259hat\u0259 ed\u0259n me\u015f\u0259 massividir:<\/p>\n<p>\u201cBu me\u015f\u0259l\u0259r Pleystosen d\u00f6vr\u00fcnd\u0259 buzla\u015fmaya m\u0259ruz qalm\u0131\u015f v\u0259 planetimizd\u0259 \u00f6z unikall\u0131\u011f\u0131n\u0131 qoruyub saxlaya bil\u0259n nadir ekosisteml\u0259rd\u0259n biridir. Bu bax\u0131mdan q\u0259dim relikt n\u00f6vl\u0259rl\u0259 z\u0259ngin olan Hirkan me\u015f\u0259l\u0259rinin x\u00fcsusiyy\u0259tl\u0259ri n\u0259z\u0259r\u0259 al\u0131naraq UNESCO-nun T\u0259bii \u0130rs Siyah\u0131s\u0131na daxil edilm\u0259si t\u0259klif edilib.<\/p>\n<p>Bu m\u0259qs\u0259dl\u0259 haz\u0131rlanm\u0131\u015f nominasiya s\u0259n\u0259din\u0259 \u0259sas\u0259n, Hirkan Milli Park\u0131n\u0131n daxilind\u0259 \u00fcmumi sah\u0259si 24 min hektar olan 3 \u0259razi \u0259sas g\u00f6t\u00fcr\u00fclm\u0259kl\u0259 transmilli \u201cHirkan me\u015f\u0259l\u0259ri\u201d nominasiyas\u0131 haz\u0131rlan\u0131b v\u0259 2022-ci ilin sonunda UNESCO-nun \u00dcmumd\u00fcnya \u0130rs Komit\u0259sin\u0259 t\u0259qdim edilib\u201d.<\/p>\n<p>Nazir qeyd edib ki, Yer k\u00fcr\u0259sind\u0259 yay\u0131lm\u0131\u015f 2500-d\u0259n \u00e7ox pal\u00e7\u0131q vulkan\u0131ndan 350-y\u0259 q\u0259d\u0259ri Az\u0259rbaycan\u0131n pay\u0131na d\u00fc\u015f\u00fcr v\u0259 \u00f6lk\u0259miz d\u00fcnya \u00fczr\u0259 bu sah\u0259d\u0259 \u00f6z\u00fcn\u0259m\u0259xsus yer tutur:<\/p>\n<p>\u201cBu s\u0259b\u0259bd\u0259n T\u00dcRKSOY-a \u00fczv d\u00f6vl\u0259tl\u0259rin UNESCO \u00fczr\u0259 milli komissiyalar\u0131n\u0131n 8-ci iclas\u0131nda q\u0259bul edilmi\u015f q\u0259tnam\u0259sin\u0259 uy\u011fun olaraq, Az\u0259rbaycan \u0259razisind\u0259 geoparklar\u0131n yarad\u0131lmas\u0131 v\u0259 UNESCO-nun Qlobal Geoparklar \u015e\u0259b\u0259k\u0259sin\u0259 qo\u015fulmas\u0131 istiqam\u0259tind\u0259 i\u015fl\u0259r\u0259 ba\u015flan\u0131l\u0131b.<\/p>\n<p>\u0130nan\u0131r\u0131q ki, pal\u00e7\u0131q vulkanlar\u0131 \u0259sasl\u0131 geopark\u0131n yarad\u0131lmas\u0131 \u00f6lk\u0259d\u0259 geoturizmin inki\u015faf\u0131na v\u0259 Az\u0259rbaycan\u0131n pal\u00e7\u0131q vulkanlar\u0131n\u0131n \u0259n \u00e7ox yay\u0131ld\u0131\u011f\u0131 \u00f6lk\u0259 kimi tan\u0131nmas\u0131na t\u0259kan ver\u0259c\u0259k\u201d.<\/p>\n","protected":false},"excerpt":{"rendered":"<p>\u201cHirkan me\u015f\u0259l\u0259ri\u201d nominasiyas\u0131 UNESCO-nun \u00dcmumd\u00fcnya \u0130rs Komit\u0259sin\u0259 t\u0259qdim edilib. ARANTV.AZ x\u0259b\u0259r verir ki, bunu T\u00dcRKSOY-a \u00fczv \u00f6lk\u0259l\u0259rin UNESCO \u00fczr\u0259 Milli Komissiyalar\u0131n\u0131n 9-cu iclas\u0131nda ekologiya v\u0259 t\u0259bii s\u0259rv\u0259tl\u0259r naziri Muxtar Babayev deyib. O iclas i\u015ftirak\u00e7\u0131lar\u0131n\u0131n diqq\u0259tin\u0259 \u00e7atd\u0131r\u0131b ki, Hirkan me\u015f\u0259l\u0259ri X\u0259z\u0259r d\u0259nizinin c\u0259nub-q\u0259rb v\u0259 c\u0259nub sahill\u0259rini \u0259hat\u0259 ed\u0259n me\u015f\u0259 massividir: \u201cBu me\u015f\u0259l\u0259r Pleystosen d\u00f6vr\u00fcnd\u0259 buzla\u015fmaya m\u0259ruz qalm\u0131\u015f v\u0259 planetimizd\u0259 \u00f6z unikall\u0131\u011f\u0131n\u0131 qoruyub saxlaya bil\u0259n nadir ekosisteml\u0259rd\u0259n biridir. Bu bax\u0131mdan q\u0259dim relikt n\u00f6vl\u0259rl\u0259 z\u0259ngin olan Hirkan me\u015f\u0259l\u0259rinin x\u00fcsusiyy\u0259tl\u0259ri n\u0259z\u0259r\u0259 al\u0131naraq UNESCO-nun T\u0259bii \u0130rs Siyah\u0131s\u0131na daxil edilm\u0259si t\u0259klif edilib. Bu m\u0259qs\u0259dl\u0259 haz\u0131rlanm\u0131\u015f nominasiya&hellip;<\/p>\n","protected":false},"author":2,"featured_media":586837,"comment_status":"closed","ping_status":"closed","sticky":false,"template":"","format":"standard","meta":{"om_disable_all_campaigns":false,"_monsterinsights_skip_tracking":false,"_monsterinsights_sitenote_active":false,"_monsterinsights_sitenote_note":"","_monsterinsights_sitenote_category":0},"categories":[1],"tags":[],"aioseo_notices":[],"gutentor_comment":0,"rttpg_featured_image_url":{"full":["https:\/\/arantv.az\/wp-content\/uploads\/2023\/04\/ZGd7PMizXj3HkqEtiiAVPDxUmMaUkrLp1q7GHKTQ.jpg",620,413,false],"landscape":["https:\/\/arantv.az\/wp-content\/uploads\/2023\/04\/ZGd7PMizXj3HkqEtiiAVPDxUmMaUkrLp1q7GHKTQ.jpg",620,413,false],"portraits":["https:\/\/arantv.az\/wp-content\/uploads\/2023\/04\/ZGd7PMizXj3HkqEtiiAVPDxUmMaUkrLp1q7GHKTQ.jpg",620,413,false],"thumbnail":["https:\/\/arantv.az\/wp-content\/uploads\/2023\/04\/ZGd7PMizXj3HkqEtiiAVPDxUmMaUkrLp1q7GHKTQ-500x280.jpg",500,280,true],"medium":["https:\/\/arantv.az\/wp-content\/uploads\/2023\/04\/ZGd7PMizXj3HkqEtiiAVPDxUmMaUkrLp1q7GHKTQ-548x365.jpg",548,365,true],"large":["https:\/\/arantv.az\/wp-content\/uploads\/2023\/04\/ZGd7PMizXj3HkqEtiiAVPDxUmMaUkrLp1q7GHKTQ.jpg",620,413,false],"1536x1536":["https:\/\/arantv.az\/wp-content\/uploads\/2023\/04\/ZGd7PMizXj3HkqEtiiAVPDxUmMaUkrLp1q7GHKTQ.jpg",620,413,false],"2048x2048":["https:\/\/arantv.az\/wp-content\/uploads\/2023\/04\/ZGd7PMizXj3HkqEtiiAVPDxUmMaUkrLp1q7GHKTQ.jpg",620,413,false],"post-thumbnail":["https:\/\/arantv.az\/wp-content\/uploads\/2023\/04\/ZGd7PMizXj3HkqEtiiAVPDxUmMaUkrLp1q7GHKTQ-240x172.jpg",240,172,true],"advps-thumb-one":["https:\/\/arantv.az\/wp-content\/uploads\/2023\/04\/ZGd7PMizXj3HkqEtiiAVPDxUmMaUkrLp1q7GHKTQ.jpg",620,413,false]},"rttpg_author":{"display_name":"V\u00fcsal Rafiqo\u011flu","author_link":"https:\/\/arantv.az\/?author=2"},"rttpg_comment":0,"rttpg_category":"<a href=\"https:\/\/arantv.az\/?cat=1\" rel=\"category\">C\u0259miyy\u0259t<\/a>","rttpg_excerpt":"\u201cHirkan me\u015f\u0259l\u0259ri\u201d nominasiyas\u0131 UNESCO-nun \u00dcmumd\u00fcnya \u0130rs Komit\u0259sin\u0259 t\u0259qdim edilib. ARANTV.AZ x\u0259b\u0259r verir ki, bunu T\u00dcRKSOY-a \u00fczv \u00f6lk\u0259l\u0259rin UNESCO \u00fczr\u0259 Milli Komissiyalar\u0131n\u0131n 9-cu iclas\u0131nda ekologiya v\u0259 t\u0259bii s\u0259rv\u0259tl\u0259r naziri Muxtar Babayev deyib. O iclas i\u015ftirak\u00e7\u0131lar\u0131n\u0131n diqq\u0259tin\u0259 \u00e7atd\u0131r\u0131b ki, Hirkan me\u015f\u0259l\u0259ri X\u0259z\u0259r d\u0259nizinin c\u0259nub-q\u0259rb v\u0259 c\u0259nub sahill\u0259rini \u0259hat\u0259 ed\u0259n me\u015f\u0259 massividir: \u201cBu me\u015f\u0259l\u0259r Pleystosen d\u00f6vr\u00fcnd\u0259 buzla\u015fmaya m\u0259ruz&hellip;","_links":{"self":[{"href":"https:\/\/arantv.az\/index.php?rest_route=\/wp\/v2\/posts\/586836"}],"collection":[{"href":"https:\/\/arantv.az\/index.php?rest_route=\/wp\/v2\/posts"}],"about":[{"href":"https:\/\/arantv.az\/index.php?rest_route=\/wp\/v2\/types\/post"}],"author":[{"embeddable":true,"href":"https:\/\/arantv.az\/index.php?rest_route=\/wp\/v2\/users\/2"}],"replies":[{"embeddable":true,"href":"https:\/\/arantv.az\/index.php?rest_route=%2Fwp%2Fv2%2Fcomments&post=586836"}],"version-history":[{"count":0,"href":"https:\/\/arantv.az\/index.php?rest_route=\/wp\/v2\/posts\/586836\/revisions"}],"wp:featuredmedia":[{"embeddable":true,"href":"https:\/\/arantv.az\/index.php?rest_route=\/wp\/v2\/media\/586837"}],"wp:attachment":[{"href":"https:\/\/arantv.az\/index.php?rest_route=%2Fwp%2Fv2%2Fmedia&parent=586836"}],"wp:term":[{"taxonomy":"category","embeddable":true,"href":"https:\/\/arantv.az\/index.php?rest_route=%2Fwp%2Fv2%2Fcategories&post=586836"},{"taxonomy":"post_tag","embeddable":true,"href":"https:\/\/arantv.az\/index.php?rest_route=%2Fwp%2Fv2%2Ftags&post=586836"}],"curies":[{"name":"wp","href":"https:\/\/api.w.org\/{rel}","templated":true}]}}