{"id":586855,"date":"2023-04-07T14:11:23","date_gmt":"2023-04-07T10:11:23","guid":{"rendered":"https:\/\/arantv.az\/?p=586855"},"modified":"2023-04-07T14:11:23","modified_gmt":"2023-04-07T10:11:23","slug":"az%c9%99rbaycan-prezidentinin-gurcustanin-bas-naziri-il%c9%99-t%c9%99kb%c9%99t%c9%99k-gorusu-baslayib-foto","status":"publish","type":"post","link":"https:\/\/arantv.az\/?p=586855","title":{"rendered":"Az\u0259rbaycan Prezidentinin G\u00fcrc\u00fcstan\u0131n ba\u015f naziri il\u0259 t\u0259kb\u0259t\u0259k g\u00f6r\u00fc\u015f\u00fc ba\u015flay\u0131b &#8211; FOTO"},"content":{"rendered":"<p>Aprelin 7-d\u0259 Q\u0259b\u0259l\u0259d\u0259 Az\u0259rbaycan Respublikas\u0131n\u0131n Prezidenti<strong>\u00a0\u0130lham \u018fliyevin<\/strong>\u00a0\u00f6lk\u0259miz\u0259 i\u015fg\u00fczar s\u0259f\u0259r\u0259 g\u0259l\u0259n G\u00fcrc\u00fcstan\u0131n Ba\u015f naziri \u0130rakli Qariba\u015fvili il\u0259 t\u0259kb\u0259t\u0259k g\u00f6r\u00fc\u015f\u00fc ba\u015flay\u0131b.<\/p>\n<p><a href=\"https:\/\/azertag.az\/xeber\/Azerbaycan_Prezidentinin_Gurcustanin_Bas_naziri_ile_tekbetek_gorusu_baslayib_YENILANACAK-2562308\" target=\"_blank\" rel=\"noopener\">AZ\u018fRTAC<\/a>\u00a0x\u0259b\u0259r verir ki, Prezident \u0130lham \u018fliyev G\u00fcrc\u00fcstan\u0131n Ba\u015f naziri \u0130rakli Qariba\u015fvilini qar\u015f\u0131lay\u0131b.<\/p>\n<p>Prezident \u0130lham \u018fliyev v\u0259 Ba\u015f nazir \u0130rakli Qariba\u015fvili birg\u0259 foto \u00e7\u0259kdiribl\u0259r.<\/p>\n<p>&nbsp;<\/p>\n<div class=\"gallery\">\n<div class=\"gallery-i\"><img src=\"https:\/\/cdn.oxu.az\/uploads\/W1siZiIsIjIwMjMvMDQvMDcvMTQvMDkvMDEvYjUxNTRjODktMzdjYS00ZGRkLTg2NzAtNWYyYmNlMThiMzIyLzE2ODA4NjIwNDgzNzcwMTY1MzM0XzEwMDB4NjY5LmpwZyJdLFsicCIsImVuY29kZSIsImpwZyIsIi1xdWFsaXR5IDgwIl0sWyJwIiwidGh1bWIiLCI1OTB4NTkwXHUwMDNlIl1d?sha=dc74fc28ef89f15f\" alt=\"\" \/><\/div>\n<\/div>\n","protected":false},"excerpt":{"rendered":"<p>Aprelin 7-d\u0259 Q\u0259b\u0259l\u0259d\u0259 Az\u0259rbaycan Respublikas\u0131n\u0131n Prezidenti\u00a0\u0130lham \u018fliyevin\u00a0\u00f6lk\u0259miz\u0259 i\u015fg\u00fczar s\u0259f\u0259r\u0259 g\u0259l\u0259n G\u00fcrc\u00fcstan\u0131n Ba\u015f naziri \u0130rakli Qariba\u015fvili il\u0259 t\u0259kb\u0259t\u0259k g\u00f6r\u00fc\u015f\u00fc ba\u015flay\u0131b. AZ\u018fRTAC\u00a0x\u0259b\u0259r verir ki, Prezident \u0130lham \u018fliyev G\u00fcrc\u00fcstan\u0131n Ba\u015f naziri \u0130rakli Qariba\u015fvilini qar\u015f\u0131lay\u0131b. Prezident \u0130lham \u018fliyev v\u0259 Ba\u015f nazir \u0130rakli Qariba\u015fvili birg\u0259 foto \u00e7\u0259kdiribl\u0259r. &nbsp;<\/p>\n","protected":false},"author":2,"featured_media":586856,"comment_status":"closed","ping_status":"closed","sticky":false,"template":"","format":"standard","meta":{"om_disable_all_campaigns":false,"_monsterinsights_skip_tracking":false,"_monsterinsights_sitenote_active":false,"_monsterinsights_sitenote_note":"","_monsterinsights_sitenote_category":0},"categories":[4],"tags":[],"aioseo_notices":[],"gutentor_comment":0,"rttpg_featured_image_url":{"full":["https:\/\/arantv.az\/wp-content\/uploads\/2023\/04\/16808620482652444312_1000x669.jpg",620,413,false],"landscape":["https:\/\/arantv.az\/wp-content\/uploads\/2023\/04\/16808620482652444312_1000x669.jpg",620,413,false],"portraits":["https:\/\/arantv.az\/wp-content\/uploads\/2023\/04\/16808620482652444312_1000x669.jpg",620,413,false],"thumbnail":["https:\/\/arantv.az\/wp-content\/uploads\/2023\/04\/16808620482652444312_1000x669-500x280.jpg",500,280,true],"medium":["https:\/\/arantv.az\/wp-content\/uploads\/2023\/04\/16808620482652444312_1000x669-548x365.jpg",548,365,true],"large":["https:\/\/arantv.az\/wp-content\/uploads\/2023\/04\/16808620482652444312_1000x669.jpg",620,413,false],"1536x1536":["https:\/\/arantv.az\/wp-content\/uploads\/2023\/04\/16808620482652444312_1000x669.jpg",620,413,false],"2048x2048":["https:\/\/arantv.az\/wp-content\/uploads\/2023\/04\/16808620482652444312_1000x669.jpg",620,413,false],"post-thumbnail":["https:\/\/arantv.az\/wp-content\/uploads\/2023\/04\/16808620482652444312_1000x669-240x172.jpg",240,172,true],"advps-thumb-one":["https:\/\/arantv.az\/wp-content\/uploads\/2023\/04\/16808620482652444312_1000x669.jpg",620,413,false]},"rttpg_author":{"display_name":"V\u00fcsal Rafiqo\u011flu","author_link":"https:\/\/arantv.az\/?author=2"},"rttpg_comment":0,"rttpg_category":"<a href=\"https:\/\/arantv.az\/?cat=4\" rel=\"category\">Siyas\u0259t<\/a>","rttpg_excerpt":"Aprelin 7-d\u0259 Q\u0259b\u0259l\u0259d\u0259 Az\u0259rbaycan Respublikas\u0131n\u0131n Prezidenti\u00a0\u0130lham \u018fliyevin\u00a0\u00f6lk\u0259miz\u0259 i\u015fg\u00fczar s\u0259f\u0259r\u0259 g\u0259l\u0259n G\u00fcrc\u00fcstan\u0131n Ba\u015f naziri \u0130rakli Qariba\u015fvili il\u0259 t\u0259kb\u0259t\u0259k g\u00f6r\u00fc\u015f\u00fc ba\u015flay\u0131b. AZ\u018fRTAC\u00a0x\u0259b\u0259r verir ki, Prezident \u0130lham \u018fliyev G\u00fcrc\u00fcstan\u0131n Ba\u015f naziri \u0130rakli Qariba\u015fvilini qar\u015f\u0131lay\u0131b. Prezident \u0130lham \u018fliyev v\u0259 Ba\u015f nazir \u0130rakli Qariba\u015fvili birg\u0259 foto \u00e7\u0259kdiribl\u0259r. &nbsp;","_links":{"self":[{"href":"https:\/\/arantv.az\/index.php?rest_route=\/wp\/v2\/posts\/586855"}],"collection":[{"href":"https:\/\/arantv.az\/index.php?rest_route=\/wp\/v2\/posts"}],"about":[{"href":"https:\/\/arantv.az\/index.php?rest_route=\/wp\/v2\/types\/post"}],"author":[{"embeddable":true,"href":"https:\/\/arantv.az\/index.php?rest_route=\/wp\/v2\/users\/2"}],"replies":[{"embeddable":true,"href":"https:\/\/arantv.az\/index.php?rest_route=%2Fwp%2Fv2%2Fcomments&post=586855"}],"version-history":[{"count":0,"href":"https:\/\/arantv.az\/index.php?rest_route=\/wp\/v2\/posts\/586855\/revisions"}],"wp:featuredmedia":[{"embeddable":true,"href":"https:\/\/arantv.az\/index.php?rest_route=\/wp\/v2\/media\/586856"}],"wp:attachment":[{"href":"https:\/\/arantv.az\/index.php?rest_route=%2Fwp%2Fv2%2Fmedia&parent=586855"}],"wp:term":[{"taxonomy":"category","embeddable":true,"href":"https:\/\/arantv.az\/index.php?rest_route=%2Fwp%2Fv2%2Fcategories&post=586855"},{"taxonomy":"post_tag","embeddable":true,"href":"https:\/\/arantv.az\/index.php?rest_route=%2Fwp%2Fv2%2Ftags&post=586855"}],"curies":[{"name":"wp","href":"https:\/\/api.w.org\/{rel}","templated":true}]}}