{"id":586858,"date":"2023-04-07T14:11:55","date_gmt":"2023-04-07T10:11:55","guid":{"rendered":"https:\/\/arantv.az\/?p=586858"},"modified":"2023-04-07T14:11:55","modified_gmt":"2023-04-07T10:11:55","slug":"cavusoglu-rusiya-ukrayna-muharib%c9%99sinin-muzakir%c9%99l%c9%99r-vasit%c9%99si-il%c9%99-bit%c9%99c%c9%99yin%c9%99-inaniriq","status":"publish","type":"post","link":"https:\/\/arantv.az\/?p=586858","title":{"rendered":"\u00c7avu\u015fo\u011flu: \u201cRusiya-Ukrayna m\u00fcharib\u0259sinin m\u00fczakir\u0259l\u0259r vasit\u0259si il\u0259 bit\u0259c\u0259yin\u0259 inan\u0131r\u0131q\u201d"},"content":{"rendered":"<p>\u201cBiz bu g\u00fcn Lavrovla \u201cTax\u0131l d\u0259hlizi\u201dni d\u0259 m\u00fczakir\u0259 etdik. Raz\u0131la\u015fma &#8211; dan\u0131\u015f\u0131qlar\u0131n n\u0259tic\u0259 verdiyini g\u00f6st\u0259rir\u201d.<\/p>\n<p>Bu bar\u0259d\u0259 Ankarada T\u00fcrkiy\u0259nin xarici i\u015fl\u0259r naziri M\u00f6vlud \u00c7avu\u015fo\u011flu Rusiyan\u0131n xarici i\u015fl\u0259r naziri Sergey Lavrovla birg\u0259 m\u0259tbuat konfrans\u0131nda b\u0259yan edib.<\/p>\n<p>Onun s\u00f6zl\u0259rin\u0259 g\u00f6r\u0259 bu, t\u0259kc\u0259 Ukrayna v\u0259 Rusiyan\u0131n tax\u0131l v\u0259 g\u00fcbr\u0259 ixrac\u0131 \u00fc\u00e7\u00fcn vacib deyil.<\/p>\n<p>\u201cQlobal \u0259rzaq b\u00f6hran\u0131 d\u00fcnyada h\u0259r bir ail\u0259nin ya\u015fad\u0131\u011f\u0131 problemin azald\u0131lmas\u0131 bax\u0131m\u0131ndan \u0259h\u0259miyy\u0259tlidir\u201d, &#8211; dey\u0259 o vur\u011fulay\u0131b.<\/p>\n<p>\u00c7avu\u015fo\u011flu Rusiya-Ukrayna m\u00fcharib\u0259sinin m\u00fczakir\u0259l\u0259r vasit\u0259si il\u0259 bit\u0259c\u0259yin\u0259 inand\u0131\u011f\u0131n\u0131 vur\u011fulay\u0131b.<\/p>\n<p>T\u00fcrkiy\u0259 X\u0130N r\u0259hb\u0259ri h\u0259m\u00e7inin Kahramanmara\u015fdak\u0131 z\u0259lz\u0259l\u0259l\u0259rd\u0259n sonra Rusiyaya g\u00f6st\u0259rdiyi yard\u0131ma g\u00f6r\u0259 t\u0259\u015f\u0259kk\u00fcr edib.<\/p>\n<p>Lavrov is\u0259 \u00e7\u0131x\u0131\u015f\u0131nda T\u00fcrkiy\u0259d\u0259ki z\u0259lz\u0259l\u0259 b\u00f6lg\u0259sin\u0259 yard\u0131m g\u00f6st\u0259rm\u0259y\u0259 davam ed\u0259c\u0259kl\u0259rini bildirib.<\/p>\n<p>\u201cBizd\u0259 d\u0259 t\u00fcrkl\u0259rd\u0259ki kimi \u201cqara g\u00fcn dostu\u201d ifad\u0259si var. Bacard\u0131qca k\u00f6m\u0259k etm\u0259y\u0259 \u00e7al\u0131\u015f\u0131r\u0131q. M\u00fc\u0259ssis\u0259 v\u0259 t\u0259\u015fkilatlar konkret ara\u015fd\u0131rmalar apar\u0131rlar. Bir daha t\u00fcrk xalq\u0131na d\u0259rin h\u00fcznl\u0259 ba\u015fsa\u011fl\u0131\u011f\u0131 verir\u0259m\u201d, &#8211; dey\u0259 o bildirib.<\/p>\n<p>Rusiya X\u0130N r\u0259hb\u0259ri iki \u00f6lk\u0259 liderl\u0259ri aras\u0131nda s\u0259mimi dialoqun oldu\u011funu vur\u011fulay\u0131b.<\/p>\n<p>\u201cOnlar \u00f6t\u0259n il d\u00f6rd d\u0259f\u0259 \u00fcz-\u00fcz\u0259 g\u00f6r\u00fc\u015f\u00fcbl\u0259r. Bu, bizim i\u015fimizin dinamikas\u0131n\u0131 m\u00fc\u0259yy\u0259n edir\u201d, &#8211; dey\u0259 o bildirib.<\/p>\n<p>M\u0259nb\u0259: Haber Global<\/p>\n","protected":false},"excerpt":{"rendered":"<p>\u201cBiz bu g\u00fcn Lavrovla \u201cTax\u0131l d\u0259hlizi\u201dni d\u0259 m\u00fczakir\u0259 etdik. Raz\u0131la\u015fma &#8211; dan\u0131\u015f\u0131qlar\u0131n n\u0259tic\u0259 verdiyini g\u00f6st\u0259rir\u201d. Bu bar\u0259d\u0259 Ankarada T\u00fcrkiy\u0259nin xarici i\u015fl\u0259r naziri M\u00f6vlud \u00c7avu\u015fo\u011flu Rusiyan\u0131n xarici i\u015fl\u0259r naziri Sergey Lavrovla birg\u0259 m\u0259tbuat konfrans\u0131nda b\u0259yan edib. Onun s\u00f6zl\u0259rin\u0259 g\u00f6r\u0259 bu, t\u0259kc\u0259 Ukrayna v\u0259 Rusiyan\u0131n tax\u0131l v\u0259 g\u00fcbr\u0259 ixrac\u0131 \u00fc\u00e7\u00fcn vacib deyil. \u201cQlobal \u0259rzaq b\u00f6hran\u0131 d\u00fcnyada h\u0259r bir ail\u0259nin ya\u015fad\u0131\u011f\u0131 problemin azald\u0131lmas\u0131 bax\u0131m\u0131ndan \u0259h\u0259miyy\u0259tlidir\u201d, &#8211; dey\u0259 o vur\u011fulay\u0131b. \u00c7avu\u015fo\u011flu Rusiya-Ukrayna m\u00fcharib\u0259sinin m\u00fczakir\u0259l\u0259r vasit\u0259si il\u0259 bit\u0259c\u0259yin\u0259 inand\u0131\u011f\u0131n\u0131 vur\u011fulay\u0131b. T\u00fcrkiy\u0259 X\u0130N r\u0259hb\u0259ri h\u0259m\u00e7inin Kahramanmara\u015fdak\u0131 z\u0259lz\u0259l\u0259l\u0259rd\u0259n sonra Rusiyaya g\u00f6st\u0259rdiyi yard\u0131ma g\u00f6r\u0259 t\u0259\u015f\u0259kk\u00fcr edib. Lavrov is\u0259&hellip;<\/p>\n","protected":false},"author":2,"featured_media":586859,"comment_status":"closed","ping_status":"closed","sticky":false,"template":"","format":"standard","meta":{"om_disable_all_campaigns":false,"_monsterinsights_skip_tracking":false,"_monsterinsights_sitenote_active":false,"_monsterinsights_sitenote_note":"","_monsterinsights_sitenote_category":0},"categories":[7],"tags":[],"aioseo_notices":[],"gutentor_comment":0,"rttpg_featured_image_url":{"full":["https:\/\/arantv.az\/wp-content\/uploads\/2023\/04\/cavusoglu-rusya-disisleri-bakani-lavrov-ile-ortak-basin-toplantisi-duzenliyor-1148234-5.jpg",620,413,false],"landscape":["https:\/\/arantv.az\/wp-content\/uploads\/2023\/04\/cavusoglu-rusya-disisleri-bakani-lavrov-ile-ortak-basin-toplantisi-duzenliyor-1148234-5.jpg",620,413,false],"portraits":["https:\/\/arantv.az\/wp-content\/uploads\/2023\/04\/cavusoglu-rusya-disisleri-bakani-lavrov-ile-ortak-basin-toplantisi-duzenliyor-1148234-5.jpg",620,413,false],"thumbnail":["https:\/\/arantv.az\/wp-content\/uploads\/2023\/04\/cavusoglu-rusya-disisleri-bakani-lavrov-ile-ortak-basin-toplantisi-duzenliyor-1148234-5-500x280.jpg",500,280,true],"medium":["https:\/\/arantv.az\/wp-content\/uploads\/2023\/04\/cavusoglu-rusya-disisleri-bakani-lavrov-ile-ortak-basin-toplantisi-duzenliyor-1148234-5-548x365.jpg",548,365,true],"large":["https:\/\/arantv.az\/wp-content\/uploads\/2023\/04\/cavusoglu-rusya-disisleri-bakani-lavrov-ile-ortak-basin-toplantisi-duzenliyor-1148234-5.jpg",620,413,false],"1536x1536":["https:\/\/arantv.az\/wp-content\/uploads\/2023\/04\/cavusoglu-rusya-disisleri-bakani-lavrov-ile-ortak-basin-toplantisi-duzenliyor-1148234-5.jpg",620,413,false],"2048x2048":["https:\/\/arantv.az\/wp-content\/uploads\/2023\/04\/cavusoglu-rusya-disisleri-bakani-lavrov-ile-ortak-basin-toplantisi-duzenliyor-1148234-5.jpg",620,413,false],"post-thumbnail":["https:\/\/arantv.az\/wp-content\/uploads\/2023\/04\/cavusoglu-rusya-disisleri-bakani-lavrov-ile-ortak-basin-toplantisi-duzenliyor-1148234-5-240x172.jpg",240,172,true],"advps-thumb-one":["https:\/\/arantv.az\/wp-content\/uploads\/2023\/04\/cavusoglu-rusya-disisleri-bakani-lavrov-ile-ortak-basin-toplantisi-duzenliyor-1148234-5.jpg",620,413,false]},"rttpg_author":{"display_name":"V\u00fcsal Rafiqo\u011flu","author_link":"https:\/\/arantv.az\/?author=2"},"rttpg_comment":0,"rttpg_category":"<a href=\"https:\/\/arantv.az\/?cat=7\" rel=\"category\">D\u00fcnya<\/a>","rttpg_excerpt":"\u201cBiz bu g\u00fcn Lavrovla \u201cTax\u0131l d\u0259hlizi\u201dni d\u0259 m\u00fczakir\u0259 etdik. Raz\u0131la\u015fma &#8211; dan\u0131\u015f\u0131qlar\u0131n n\u0259tic\u0259 verdiyini g\u00f6st\u0259rir\u201d. Bu bar\u0259d\u0259 Ankarada T\u00fcrkiy\u0259nin xarici i\u015fl\u0259r naziri M\u00f6vlud \u00c7avu\u015fo\u011flu Rusiyan\u0131n xarici i\u015fl\u0259r naziri Sergey Lavrovla birg\u0259 m\u0259tbuat konfrans\u0131nda b\u0259yan edib. Onun s\u00f6zl\u0259rin\u0259 g\u00f6r\u0259 bu, t\u0259kc\u0259 Ukrayna v\u0259 Rusiyan\u0131n tax\u0131l v\u0259 g\u00fcbr\u0259 ixrac\u0131 \u00fc\u00e7\u00fcn vacib deyil. \u201cQlobal \u0259rzaq b\u00f6hran\u0131 d\u00fcnyada h\u0259r&hellip;","_links":{"self":[{"href":"https:\/\/arantv.az\/index.php?rest_route=\/wp\/v2\/posts\/586858"}],"collection":[{"href":"https:\/\/arantv.az\/index.php?rest_route=\/wp\/v2\/posts"}],"about":[{"href":"https:\/\/arantv.az\/index.php?rest_route=\/wp\/v2\/types\/post"}],"author":[{"embeddable":true,"href":"https:\/\/arantv.az\/index.php?rest_route=\/wp\/v2\/users\/2"}],"replies":[{"embeddable":true,"href":"https:\/\/arantv.az\/index.php?rest_route=%2Fwp%2Fv2%2Fcomments&post=586858"}],"version-history":[{"count":0,"href":"https:\/\/arantv.az\/index.php?rest_route=\/wp\/v2\/posts\/586858\/revisions"}],"wp:featuredmedia":[{"embeddable":true,"href":"https:\/\/arantv.az\/index.php?rest_route=\/wp\/v2\/media\/586859"}],"wp:attachment":[{"href":"https:\/\/arantv.az\/index.php?rest_route=%2Fwp%2Fv2%2Fmedia&parent=586858"}],"wp:term":[{"taxonomy":"category","embeddable":true,"href":"https:\/\/arantv.az\/index.php?rest_route=%2Fwp%2Fv2%2Fcategories&post=586858"},{"taxonomy":"post_tag","embeddable":true,"href":"https:\/\/arantv.az\/index.php?rest_route=%2Fwp%2Fv2%2Ftags&post=586858"}],"curies":[{"name":"wp","href":"https:\/\/api.w.org\/{rel}","templated":true}]}}