{"id":586867,"date":"2023-04-07T14:15:00","date_gmt":"2023-04-07T10:15:00","guid":{"rendered":"https:\/\/arantv.az\/?p=586867"},"modified":"2023-04-07T14:15:00","modified_gmt":"2023-04-07T10:15:00","slug":"cavusoglu-ist%c9%99yimiz-tezlikl%c9%99-az%c9%99rbaycan-v%c9%99-erm%c9%99nistan-arasinda-%c9%99hat%c9%99li-sulh-sazisinin-imzalanmasidir","status":"publish","type":"post","link":"https:\/\/arantv.az\/?p=586867","title":{"rendered":"\u00c7avu\u015fo\u011flu: \u201c\u0130st\u0259yimiz tezlikl\u0259 Az\u0259rbaycan v\u0259 Erm\u0259nistan aras\u0131nda \u0259hat\u0259li s\u00fclh sazi\u015finin imzalanmas\u0131d\u0131r\u201d"},"content":{"rendered":"<p>\u201c\u0130st\u0259yimiz tezlikl\u0259 Az\u0259rbaycan v\u0259 Erm\u0259nistan aras\u0131nda \u0259hat\u0259li s\u00fclh sazi\u015finin imzalanmas\u0131d\u0131r\u201d.<\/p>\n<p>Bu bar\u0259d\u0259 T\u00fcrkiy\u0259nin xarici i\u015fl\u0259r naziri M\u00f6vlud \u00c7avu\u015fo\u011flu Ankarada rusiyal\u0131 h\u0259mkar\u0131 Sergey Lavrovla birg\u0259 m\u0259tbuat konfrans\u0131nda bildirib.<\/p>\n<p>\u201cBiz Rusiya il\u0259 m\u0259sl\u0259h\u0259tl\u0259\u015fm\u0259l\u0259ri davam etdir\u0259c\u0259yik\u201d, &#8211; dey\u0259 o \u0259lav\u0259 edib.<\/p>\n<p>M\u0259nb\u0259: Haber Global<\/p>\n","protected":false},"excerpt":{"rendered":"<p>\u201c\u0130st\u0259yimiz tezlikl\u0259 Az\u0259rbaycan v\u0259 Erm\u0259nistan aras\u0131nda \u0259hat\u0259li s\u00fclh sazi\u015finin imzalanmas\u0131d\u0131r\u201d. Bu bar\u0259d\u0259 T\u00fcrkiy\u0259nin xarici i\u015fl\u0259r naziri M\u00f6vlud \u00c7avu\u015fo\u011flu Ankarada rusiyal\u0131 h\u0259mkar\u0131 Sergey Lavrovla birg\u0259 m\u0259tbuat konfrans\u0131nda bildirib. \u201cBiz Rusiya il\u0259 m\u0259sl\u0259h\u0259tl\u0259\u015fm\u0259l\u0259ri davam etdir\u0259c\u0259yik\u201d, &#8211; dey\u0259 o \u0259lav\u0259 edib. M\u0259nb\u0259: Haber Global<\/p>\n","protected":false},"author":2,"featured_media":586868,"comment_status":"closed","ping_status":"closed","sticky":false,"template":"","format":"standard","meta":{"om_disable_all_campaigns":false,"_monsterinsights_skip_tracking":false,"_monsterinsights_sitenote_active":false,"_monsterinsights_sitenote_note":"","_monsterinsights_sitenote_category":0},"categories":[4],"tags":[],"aioseo_notices":[],"gutentor_comment":0,"rttpg_featured_image_url":{"full":["https:\/\/arantv.az\/wp-content\/uploads\/2023\/04\/642fafc7c4bc6.jpg",620,413,false],"landscape":["https:\/\/arantv.az\/wp-content\/uploads\/2023\/04\/642fafc7c4bc6.jpg",620,413,false],"portraits":["https:\/\/arantv.az\/wp-content\/uploads\/2023\/04\/642fafc7c4bc6.jpg",620,413,false],"thumbnail":["https:\/\/arantv.az\/wp-content\/uploads\/2023\/04\/642fafc7c4bc6-500x280.jpg",500,280,true],"medium":["https:\/\/arantv.az\/wp-content\/uploads\/2023\/04\/642fafc7c4bc6-548x365.jpg",548,365,true],"large":["https:\/\/arantv.az\/wp-content\/uploads\/2023\/04\/642fafc7c4bc6.jpg",620,413,false],"1536x1536":["https:\/\/arantv.az\/wp-content\/uploads\/2023\/04\/642fafc7c4bc6.jpg",620,413,false],"2048x2048":["https:\/\/arantv.az\/wp-content\/uploads\/2023\/04\/642fafc7c4bc6.jpg",620,413,false],"post-thumbnail":["https:\/\/arantv.az\/wp-content\/uploads\/2023\/04\/642fafc7c4bc6-240x172.jpg",240,172,true],"advps-thumb-one":["https:\/\/arantv.az\/wp-content\/uploads\/2023\/04\/642fafc7c4bc6.jpg",620,413,false]},"rttpg_author":{"display_name":"V\u00fcsal Rafiqo\u011flu","author_link":"https:\/\/arantv.az\/?author=2"},"rttpg_comment":0,"rttpg_category":"<a href=\"https:\/\/arantv.az\/?cat=4\" rel=\"category\">Siyas\u0259t<\/a>","rttpg_excerpt":"\u201c\u0130st\u0259yimiz tezlikl\u0259 Az\u0259rbaycan v\u0259 Erm\u0259nistan aras\u0131nda \u0259hat\u0259li s\u00fclh sazi\u015finin imzalanmas\u0131d\u0131r\u201d. Bu bar\u0259d\u0259 T\u00fcrkiy\u0259nin xarici i\u015fl\u0259r naziri M\u00f6vlud \u00c7avu\u015fo\u011flu Ankarada rusiyal\u0131 h\u0259mkar\u0131 Sergey Lavrovla birg\u0259 m\u0259tbuat konfrans\u0131nda bildirib. \u201cBiz Rusiya il\u0259 m\u0259sl\u0259h\u0259tl\u0259\u015fm\u0259l\u0259ri davam etdir\u0259c\u0259yik\u201d, &#8211; dey\u0259 o \u0259lav\u0259 edib. M\u0259nb\u0259: Haber Global","_links":{"self":[{"href":"https:\/\/arantv.az\/index.php?rest_route=\/wp\/v2\/posts\/586867"}],"collection":[{"href":"https:\/\/arantv.az\/index.php?rest_route=\/wp\/v2\/posts"}],"about":[{"href":"https:\/\/arantv.az\/index.php?rest_route=\/wp\/v2\/types\/post"}],"author":[{"embeddable":true,"href":"https:\/\/arantv.az\/index.php?rest_route=\/wp\/v2\/users\/2"}],"replies":[{"embeddable":true,"href":"https:\/\/arantv.az\/index.php?rest_route=%2Fwp%2Fv2%2Fcomments&post=586867"}],"version-history":[{"count":0,"href":"https:\/\/arantv.az\/index.php?rest_route=\/wp\/v2\/posts\/586867\/revisions"}],"wp:featuredmedia":[{"embeddable":true,"href":"https:\/\/arantv.az\/index.php?rest_route=\/wp\/v2\/media\/586868"}],"wp:attachment":[{"href":"https:\/\/arantv.az\/index.php?rest_route=%2Fwp%2Fv2%2Fmedia&parent=586867"}],"wp:term":[{"taxonomy":"category","embeddable":true,"href":"https:\/\/arantv.az\/index.php?rest_route=%2Fwp%2Fv2%2Fcategories&post=586867"},{"taxonomy":"post_tag","embeddable":true,"href":"https:\/\/arantv.az\/index.php?rest_route=%2Fwp%2Fv2%2Ftags&post=586867"}],"curies":[{"name":"wp","href":"https:\/\/api.w.org\/{rel}","templated":true}]}}