{"id":586870,"date":"2023-04-07T14:16:08","date_gmt":"2023-04-07T10:16:08","guid":{"rendered":"https:\/\/arantv.az\/?p=586870"},"modified":"2023-04-07T14:16:08","modified_gmt":"2023-04-07T10:16:08","slug":"q%c9%99zvind%c9%99-rejim-t%c9%99r%c9%99find%c9%99n-oldurul%c9%99n-guneyli-etirazcinin-qardasi-iki-yasli-oglu-il%c9%99-birlikd%c9%99-h%c9%99bs-edildi-foto","status":"publish","type":"post","link":"https:\/\/arantv.az\/?p=586870","title":{"rendered":"Q\u0259zvind\u0259 rejim t\u0259r\u0259find\u0259n \u00f6ld\u00fcr\u00fcl\u0259n g\u00fcneyli etiraz\u00e7\u0131n\u0131n qarda\u015f\u0131 iki ya\u015fl\u0131 o\u011flu il\u0259 birlikd\u0259 h\u0259bs edildi &#8211; FOTO"},"content":{"rendered":"<p>\u0130ran rejiminin h\u00f6kum\u0259t m\u0259murlar\u0131 G\u00fcney Az\u0259rbaycan\u0131n Q\u0259zvin b\u00f6lg\u0259sind\u0259 son etirazlar\u0131n qurbanlar\u0131ndan olan Cavad Heyd\u0259rinin qarda\u015f\u0131 M\u0259h\u0259mm\u0259d Heyd\u0259rinin evin\u0259 basq\u0131n edibl\u0259r.<\/p>\n<p>Bu bar\u0259d\u0259 \u201cAzad \u0130ran\u201d \u201cTelegram\u201d kanal\u0131 m\u0259lumat verib.<\/p>\n<p>M\u0259lumata g\u00f6r\u0259, M\u0259h\u0259mm\u0259d Heyd\u0259ri iki ya\u015fl\u0131 \u00f6vlad\u0131 il\u0259 birlikd\u0259 h\u0259bs edilib. \u0130ki ya\u015fl\u0131 Delvan Heyd\u0259rinin h\u0259bsi U\u015faq H\u00fcquqlar\u0131 haqq\u0131nda Konvensiyan\u0131n a\u00e7\u0131q \u015f\u0259kild\u0259 pozulmas\u0131d\u0131r.<\/p>\n<p>Baxmayaraq ki, \u0130ran \u0130slam Respublikas\u0131 U\u015faq H\u00fcquqlar\u0131 Konvensiyas\u0131n\u0131 imzalayan d\u00f6vl\u0259tl\u0259rd\u0259n biridir.<\/p>\n<p>Qeyd ed\u0259k ki, molla rejimi Heyd\u0259ri ail\u0259sinin b\u00fct\u00fcn \u00fczvl\u0259rin\u0259 t\u0259zyiq v\u0259 h\u0259bs siyas\u0259tini davam etdirir.<\/p>\n<div><iframe loading=\"lazy\" id=\"telegram-post-AzadIranTelegram-18527\" src=\"https:\/\/t.me\/AzadIranTelegram\/18527?embed=1\" width=\"100%\" height=\"\" frameborder=\"0\" scrolling=\"no\" data-mce-fragment=\"1\"><\/iframe><\/div>\n<p>&nbsp;<\/p>\n","protected":false},"excerpt":{"rendered":"<p>\u0130ran rejiminin h\u00f6kum\u0259t m\u0259murlar\u0131 G\u00fcney Az\u0259rbaycan\u0131n Q\u0259zvin b\u00f6lg\u0259sind\u0259 son etirazlar\u0131n qurbanlar\u0131ndan olan Cavad Heyd\u0259rinin qarda\u015f\u0131 M\u0259h\u0259mm\u0259d Heyd\u0259rinin evin\u0259 basq\u0131n edibl\u0259r. Bu bar\u0259d\u0259 \u201cAzad \u0130ran\u201d \u201cTelegram\u201d kanal\u0131 m\u0259lumat verib. M\u0259lumata g\u00f6r\u0259, M\u0259h\u0259mm\u0259d Heyd\u0259ri iki ya\u015fl\u0131 \u00f6vlad\u0131 il\u0259 birlikd\u0259 h\u0259bs edilib. \u0130ki ya\u015fl\u0131 Delvan Heyd\u0259rinin h\u0259bsi U\u015faq H\u00fcquqlar\u0131 haqq\u0131nda Konvensiyan\u0131n a\u00e7\u0131q \u015f\u0259kild\u0259 pozulmas\u0131d\u0131r. Baxmayaraq ki, \u0130ran \u0130slam Respublikas\u0131 U\u015faq H\u00fcquqlar\u0131 Konvensiyas\u0131n\u0131 imzalayan d\u00f6vl\u0259tl\u0259rd\u0259n biridir. Qeyd ed\u0259k ki, molla rejimi Heyd\u0259ri ail\u0259sinin b\u00fct\u00fcn \u00fczvl\u0259rin\u0259 t\u0259zyiq v\u0259 h\u0259bs siyas\u0259tini davam etdirir. &nbsp;<\/p>\n","protected":false},"author":2,"featured_media":586871,"comment_status":"closed","ping_status":"closed","sticky":false,"template":"","format":"standard","meta":{"om_disable_all_campaigns":false,"_monsterinsights_skip_tracking":false,"_monsterinsights_sitenote_active":false,"_monsterinsights_sitenote_note":"","_monsterinsights_sitenote_category":0},"categories":[7],"tags":[],"aioseo_notices":[],"gutentor_comment":0,"rttpg_featured_image_url":{"full":["https:\/\/arantv.az\/wp-content\/uploads\/2023\/04\/FotoJet-2023-04-07T104553.776-1.jpg",620,413,false],"landscape":["https:\/\/arantv.az\/wp-content\/uploads\/2023\/04\/FotoJet-2023-04-07T104553.776-1.jpg",620,413,false],"portraits":["https:\/\/arantv.az\/wp-content\/uploads\/2023\/04\/FotoJet-2023-04-07T104553.776-1.jpg",620,413,false],"thumbnail":["https:\/\/arantv.az\/wp-content\/uploads\/2023\/04\/FotoJet-2023-04-07T104553.776-1-500x280.jpg",500,280,true],"medium":["https:\/\/arantv.az\/wp-content\/uploads\/2023\/04\/FotoJet-2023-04-07T104553.776-1-548x365.jpg",548,365,true],"large":["https:\/\/arantv.az\/wp-content\/uploads\/2023\/04\/FotoJet-2023-04-07T104553.776-1.jpg",620,413,false],"1536x1536":["https:\/\/arantv.az\/wp-content\/uploads\/2023\/04\/FotoJet-2023-04-07T104553.776-1.jpg",620,413,false],"2048x2048":["https:\/\/arantv.az\/wp-content\/uploads\/2023\/04\/FotoJet-2023-04-07T104553.776-1.jpg",620,413,false],"post-thumbnail":["https:\/\/arantv.az\/wp-content\/uploads\/2023\/04\/FotoJet-2023-04-07T104553.776-1-240x172.jpg",240,172,true],"advps-thumb-one":["https:\/\/arantv.az\/wp-content\/uploads\/2023\/04\/FotoJet-2023-04-07T104553.776-1.jpg",620,413,false]},"rttpg_author":{"display_name":"V\u00fcsal Rafiqo\u011flu","author_link":"https:\/\/arantv.az\/?author=2"},"rttpg_comment":0,"rttpg_category":"<a href=\"https:\/\/arantv.az\/?cat=7\" rel=\"category\">D\u00fcnya<\/a>","rttpg_excerpt":"\u0130ran rejiminin h\u00f6kum\u0259t m\u0259murlar\u0131 G\u00fcney Az\u0259rbaycan\u0131n Q\u0259zvin b\u00f6lg\u0259sind\u0259 son etirazlar\u0131n qurbanlar\u0131ndan olan Cavad Heyd\u0259rinin qarda\u015f\u0131 M\u0259h\u0259mm\u0259d Heyd\u0259rinin evin\u0259 basq\u0131n edibl\u0259r. Bu bar\u0259d\u0259 \u201cAzad \u0130ran\u201d \u201cTelegram\u201d kanal\u0131 m\u0259lumat verib. M\u0259lumata g\u00f6r\u0259, M\u0259h\u0259mm\u0259d Heyd\u0259ri iki ya\u015fl\u0131 \u00f6vlad\u0131 il\u0259 birlikd\u0259 h\u0259bs edilib. \u0130ki ya\u015fl\u0131 Delvan Heyd\u0259rinin h\u0259bsi U\u015faq H\u00fcquqlar\u0131 haqq\u0131nda Konvensiyan\u0131n a\u00e7\u0131q \u015f\u0259kild\u0259 pozulmas\u0131d\u0131r. Baxmayaraq ki, \u0130ran \u0130slam&hellip;","_links":{"self":[{"href":"https:\/\/arantv.az\/index.php?rest_route=\/wp\/v2\/posts\/586870"}],"collection":[{"href":"https:\/\/arantv.az\/index.php?rest_route=\/wp\/v2\/posts"}],"about":[{"href":"https:\/\/arantv.az\/index.php?rest_route=\/wp\/v2\/types\/post"}],"author":[{"embeddable":true,"href":"https:\/\/arantv.az\/index.php?rest_route=\/wp\/v2\/users\/2"}],"replies":[{"embeddable":true,"href":"https:\/\/arantv.az\/index.php?rest_route=%2Fwp%2Fv2%2Fcomments&post=586870"}],"version-history":[{"count":0,"href":"https:\/\/arantv.az\/index.php?rest_route=\/wp\/v2\/posts\/586870\/revisions"}],"wp:featuredmedia":[{"embeddable":true,"href":"https:\/\/arantv.az\/index.php?rest_route=\/wp\/v2\/media\/586871"}],"wp:attachment":[{"href":"https:\/\/arantv.az\/index.php?rest_route=%2Fwp%2Fv2%2Fmedia&parent=586870"}],"wp:term":[{"taxonomy":"category","embeddable":true,"href":"https:\/\/arantv.az\/index.php?rest_route=%2Fwp%2Fv2%2Fcategories&post=586870"},{"taxonomy":"post_tag","embeddable":true,"href":"https:\/\/arantv.az\/index.php?rest_route=%2Fwp%2Fv2%2Ftags&post=586870"}],"curies":[{"name":"wp","href":"https:\/\/api.w.org\/{rel}","templated":true}]}}