{"id":588543,"date":"2023-04-12T09:40:21","date_gmt":"2023-04-12T05:40:21","guid":{"rendered":"https:\/\/arantv.az\/?p=588543"},"modified":"2023-04-12T09:40:21","modified_gmt":"2023-04-12T05:40:21","slug":"q%c9%99rbi-az%c9%99rbaycanlilar-bmt-d%c9%99n-ir%c9%99vana-missiya-gond%c9%99rm%c9%99sini-ist%c9%99di","status":"publish","type":"post","link":"https:\/\/arantv.az\/?p=588543","title":{"rendered":"Q\u0259rbi az\u0259rbaycanl\u0131lar BMT-d\u0259n \u0130r\u0259vana missiya g\u00f6nd\u0259rm\u0259sini ist\u0259di"},"content":{"rendered":"<h3><strong>Q\u0259rbi az\u0259rbaycanl\u0131lar\u0131n h\u00fcquqlar\u0131 m\u0259s\u0259l\u0259si art\u0131q BMT-nin g\u00fcnd\u0259min\u0259 daxil edilmi\u015f m\u0259s\u0259l\u0259 say\u0131la bil\u0259r<\/strong><\/h3>\n<p><strong>Q\u0259rbi Az\u0259rbaycan \u0130cmas\u0131 BMT-nin Ba\u015f katibi Antionio Quterre\u015f\u0259 m\u0259ktub g\u00f6nd\u0259r\u0259r\u0259k, Erm\u0259nistandan qovulmu\u015f az\u0259rbaycanl\u0131lar\u0131n t\u0259hl\u00fck\u0259siz v\u0259 l\u0259yaq\u0259tli \u015f\u0259kild\u0259 geri qay\u0131tmas\u0131 prosesin\u0259 ba\u015flamaq \u00fc\u00e7\u00fcn bu \u00f6lk\u0259y\u0259 BMT-nin x\u00fcsusi missiyas\u0131n\u0131n g\u00f6nd\u0259rilm\u0259sini xahi\u015f edib.<\/strong><\/p>\n<p>M\u0259ktubda bildirilir ki, az\u0259rbaycanl\u0131lar\u0131n vaxtil\u0259 m\u00fctl\u0259q \u0259ks\u0259riyy\u0259t t\u0259\u015fkil etdikl\u0259ri Erm\u0259nistan\u0131n indiki \u0259razisind\u0259n qovulmas\u0131 1991-ci ild\u0259 ba\u015fa \u00e7atd\u0131r\u0131l\u0131b: \u201cEtnik t\u0259mizl\u0259m\u0259 n\u0259tic\u0259sind\u0259 Erm\u0259nistanda bir n\u0259f\u0259r bel\u0259 az\u0259rbaycanl\u0131 qalmay\u0131b. Erm\u0259nistandak\u0131 Az\u0259rbaycan tarixi-m\u0259d\u0259ni irsi, o c\u00fcml\u0259d\u0259n m\u0259scidl\u0259r v\u0259 q\u0259biristanl\u0131qlar geni\u015f miqyasda da\u011f\u0131d\u0131l\u0131b, b\u00fct\u00fcn Az\u0259rbaycan toponiml\u0259ri d\u0259yi\u015fdirilib. Az\u0259rbaycanl\u0131lar\u0131n Erm\u0259nistandan qovulmas\u0131 siyasi, h\u00fcquqi v\u0259 humanitar \u00f6l\u00e7\u00fcl\u0259ri n\u0259z\u0259r\u0259 alsaq, misli g\u00f6r\u00fcnm\u0259y\u0259n \u0259dal\u0259tsizlikdir. Biz ist\u0259rdik ki, bu haqs\u0131zl\u0131q aradan qald\u0131r\u0131ls\u0131n. \u00d6nc\u0259 qeyd ed\u0259k ki, geri qaytarma \u0259n yax\u015f\u0131 \u015f\u0259kild\u0259 m\u00fcvafiq beyn\u0259lxalq h\u00fcquqi raz\u0131la\u015fma \u00e7\u0259r\u00e7iv\u0259sind\u0259 ba\u015f verdikd\u0259 t\u0259min edilir. Qay\u0131d\u0131\u015f prosesi beyn\u0259lxalq ictimaiyy\u0259td\u0259n m\u00fcvafiq t\u0259hl\u00fck\u0259sizlik, humanitar v\u0259 sosial-iqtisadi yard\u0131m t\u0259l\u0259b ed\u0259c\u0259k. Geri qay\u0131tm\u0131\u015f \u0259halinin yenid\u0259n qovulmas\u0131n\u0131n, onlara qar\u015f\u0131 ayr\u0131-se\u00e7kiliyin v\u0259 z\u0259r\u0259rin qar\u015f\u0131s\u0131n\u0131 almaq \u00fc\u00e7\u00fcn beyn\u0259lxalq s\u00fclh\u00fc qoruma, monitorinq, hesabatl\u0131l\u0131q, m\u00fcdaxil\u0259 v\u0259 dig\u0259r z\u0259ruri f\u0259aliyy\u0259tl\u0259r z\u0259ruri olacaq. Qay\u0131danlar\u0131n davaml\u0131 reabilitasiyas\u0131n\u0131 v\u0259 yenid\u0259n inteqrasiyas\u0131n\u0131 t\u0259min etm\u0259k \u00fc\u00e7\u00fcn beyn\u0259lxalq n\u0259zar\u0259t alt\u0131nda m\u00fcvafiq yenid\u0259nqurma v\u0259 bar\u0131\u015f\u0131q t\u0259dbirl\u0259rin\u0259 ehtiyac duyulacaq. Bir daha qeyd etm\u0259k ist\u0259rdik ki, bizim t\u0259hl\u00fck\u0259siz v\u0259 l\u0259yaq\u0259tli qay\u0131d\u0131\u015f h\u00fcququmuzun t\u0259min edilm\u0259sin\u0259 dair Erm\u0259nistandan qanuni t\u0259l\u0259bimiz bu \u00f6lk\u0259nin \u0259razi b\u00fct\u00f6vl\u00fcy\u00fcn\u0259 v\u0259 ya suverenliyin\u0259 x\u0259l\u0259l g\u0259tir\u0259c\u0259k \u015f\u0259kild\u0259 yanl\u0131\u015f t\u00f6vsif edil\u0259 bilm\u0259z. Biz insan h\u00fcquqlar\u0131na v\u0259 insanlar\u0131n qanun qar\u015f\u0131s\u0131nda b\u0259rab\u0259rliyin\u0259 inan\u0131r\u0131q. Erm\u0259nistandan qovulmu\u015f az\u0259rbaycanl\u0131lar\u0131n h\u00fcquqlar\u0131na m\u0259h\u0259l qoymamaq \u0259dal\u0259tsizliyin davam etm\u0259sidir. Bu, beyn\u0259lxalq s\u00fclh\u00fcn v\u0259 t\u0259hl\u00fck\u0259sizliyin qorunmas\u0131na he\u00e7 c\u00fcr yard\u0131m etmir. Odur ki, sizd\u0259n xahi\u015f edirik ki, BMT-nin Ba\u015f katibi kimi xo\u015f niyy\u0259tl\u0259rinizl\u0259 bizim i\u015fimiz\u0259 d\u0259st\u0259k olas\u0131n\u0131z v\u0259 a\u015fa\u011f\u0131dak\u0131 v\u0259zif\u0259l\u0259ri yerin\u0259 yetir\u0259 bil\u0259c\u0259k BMT-nin qurumlararas\u0131 missiyas\u0131n\u0131 Erm\u0259nistana g\u00f6nd\u0259r\u0259siniz:<\/p>\n<p><strong>&#8211; \u00fcmumi v\u0259ziyy\u0259ti qiym\u0259tl\u0259ndirm\u0259k, t\u0259hl\u00fck\u0259siz v\u0259 l\u0259yaq\u0259tl\u0259 k\u00f6n\u00fcll\u00fc qay\u0131d\u0131\u015fa \u0259lveri\u015fli \u015f\u0259raitin yarad\u0131lmas\u0131 \u00fc\u00e7\u00fcn add\u0131mlar m\u00fc\u0259yy\u0259n etm\u0259k;<\/strong><\/p>\n<p><strong>&#8211; beyn\u0259lxalq humanitar yard\u0131m v\u0259 uzunm\u00fcdd\u0259tli reabilitasiya, reinteqrasiya proqramlar\u0131 kimi repatriasiya prosesinin ehtiyaclar\u0131n\u0131 m\u00fc\u0259yy\u0259n etm\u0259k;<\/strong><\/p>\n<p><strong>&#8211; geri qay\u0131dan az\u0259rbaycanl\u0131lar\u0131n h\u00fcquqlar\u0131n\u0131, azadl\u0131qlar\u0131n\u0131 v\u0259 t\u0259hl\u00fck\u0259sizliyini, onlar\u0131n reinteqrasiyas\u0131n\u0131 t\u0259min etm\u0259k \u00fc\u00e7\u00fcn Erm\u0259nistan\u0131n h\u0259yata ke\u00e7irm\u0259li oldu\u011fu qanunvericilik v\u0259 icraedici t\u0259dbirl\u0259ri, habel\u0259 bar\u0131\u015f\u0131\u011fa nail olmaq \u00fc\u00e7\u00fcn atmal\u0131 oldu\u011fu add\u0131mlar\u0131n\u0131 m\u00fc\u0259yy\u0259n etm\u0259k;<\/strong><\/p>\n<p><strong>&#8211; Az\u0259rbaycan m\u0259d\u0259ni irsinin v\u0259ziyy\u0259tini qiym\u0259tl\u0259ndirm\u0259k, z\u0259r\u0259r vurulmu\u015f v\u0259 m\u0259hv edilmi\u015f irs n\u00fcmun\u0259l\u0259rinin b\u0259rpas\u0131 \u00fc\u00e7\u00fcn t\u0259l\u0259b olunan add\u0131mlar\u0131 m\u00fc\u0259yy\u0259n etm\u0259k;<\/strong><\/p>\n<p><strong>&#8211; az\u0259rbaycanl\u0131lara m\u0259xsus qanunsuz z\u0259bt olunmu\u015f \u0259mlak\u0131n inventarla\u015fd\u0131r\u0131lmas\u0131n\u0131 aparmaq;<\/strong><\/p>\n<p><strong>&#8211; m\u00fcnaqi\u015f\u0259nin Erm\u0259nistandak\u0131 evl\u0259rini t\u0259rk etm\u0259y\u0259 m\u0259cbur qalm\u0131\u015f etnik az\u0259rbaycanl\u0131lar\u0131n h\u00fcquqlar\u0131na t\u0259siri bar\u0259d\u0259 m\u0259lumat toplamaq;<\/strong><\/p>\n<p><strong>&#8211; Erm\u0259nistan\u0131n qovulmu\u015f az\u0259rbaycanl\u0131 sakinl\u0259rinin bu \u00f6lk\u0259d\u0259ki evl\u0259rini, q\u0259biristanl\u0131qlar\u0131n\u0131, m\u00fcq\u0259dd\u0259s yerl\u0259rini v\u0259 m\u0259d\u0259ni irsini ziyar\u0259t etm\u0259l\u0259rin\u0259 imkan yaradan etimad quruculu\u011fu t\u0259dbirl\u0259ri haz\u0131rlamaq v\u0259 h\u0259yata ke\u00e7irm\u0259k;<\/strong><\/p>\n<p><strong>&#8211; repatriasiyan\u0131n d\u0259st\u0259kl\u0259nm\u0259si m\u0259qs\u0259di il\u0259 beyn\u0259lxalq al\u0259min m\u00fcmk\u00fcn t\u0259hl\u00fck\u0259sizlik rolunu m\u00fc\u0259yy\u0259n etm\u0259k \u00fc\u00e7\u00fcn t\u0259hl\u00fck\u0259sizlik v\u0259ziyy\u0259tinin texniki-s\u0259hra qiym\u0259tl\u0259ndirm\u0259sini h\u0259yata ke\u00e7irm\u0259k&#8221;.<\/strong><\/p>\n<p><strong>\u00dcmumiyy\u0259tl\u0259, son bir ne\u00e7\u0259 ayda Q\u0259rbi Az\u0259rbaycan \u0130cmas\u0131 beyn\u0259lxalq t\u0259\u015fkilatlara arda-arda bu tipli m\u00fcraci\u0259tl\u0259r g\u00f6nd\u0259rir. Bel\u0259 m\u00fcraci\u0259tl\u0259rin hans\u0131 \u0259h\u0259miyy\u0259ti var v\u0259 n\u0259 zamansa hans\u0131sa n\u0259tic\u0259l\u0259ri ola bil\u0259rmi? Erm\u0259nistan c\u0259miyy\u0259tind\u0259 Q\u0259rbi Az\u0259rbaycan \u0130cmas\u0131n\u0131n bu c\u00fcr m\u00fcraci\u0259tl\u0259r v\u0259 s\u0259n\u0259dl\u0259r vasit\u0259sil\u0259 m\u00fc\u0259yy\u0259n narahatl\u0131qlar yaratmas\u0131 \u0259sasl\u0131d\u0131rm\u0131?<\/strong><\/p>\n<p><strong><img src=\"https:\/\/polise.az\/wp-content\/uploads\/2023\/01\/oqtay-qasimov-5_e30e6431c9c9fbafc107-780x470.jpg\" \/><\/strong><\/p>\n<p><strong>Oktay Qas\u0131mov<\/strong><\/p>\n<p><strong>Q\u0259rbi Az\u0259rbaycandan olan politoloq Oktay Qas\u0131mov \u201cYeni M\u00fcsavat\u201da bildirdi ki, Q\u0259rbi Az\u0259rbaycan \u0130cmas\u0131n\u0131n BMT daxil olmaqla, dig\u0259r bir s\u0131ra beyn\u0259lxalq t\u0259\u015fkilatlara g\u00f6nd\u0259rdiyi m\u00fcraci\u0259tl\u0259r \u015f\u00fcbh\u0259siz \u0259h\u0259miyy\u0259tli s\u0259n\u0259dl\u0259rdir. \u0130lk olaraq o bax\u0131mdan 35 il \u00f6nc\u0259 Erm\u0259nistandan qovulan 250 mind\u0259n art\u0131q soyda\u015f\u0131m\u0131z\u0131n h\u00fcquqlar\u0131 il\u0259 ba\u011fl\u0131 m\u0259s\u0259l\u0259l\u0259r gec d\u0259 olsa g\u00fcnd\u0259m\u0259 g\u0259tirilir v\u0259 beyn\u0259lxalq ictimaiyy\u0259tin diqq\u0259tin\u0259 t\u0259qdim olunur:<\/strong>\u00a0\u201cBeyn\u0259lxalq ictimaiyy\u0259t h\u0259l\u0259 sovetl\u0259r d\u00f6n\u0259mind\u0259 ke\u00e7mi\u015f SSR\u0130 \u0259razisind\u0259 ba\u015f ver\u0259n etnik t\u0259mizl\u0259m\u0259 siyas\u0259ti il\u0259 tan\u0131\u015f edilir v\u0259 bu m\u0259s\u0259l\u0259l\u0259r beyn\u0259lxalq g\u00fcnd\u0259m\u0259 \u00e7\u0131xar\u0131l\u0131r. Y\u0259ni m\u0259s\u0259l\u0259nin \u0259sas \u00f6n\u0259mli qismi bu g\u00fcn \u00fc\u00e7\u00fcn bundan ibar\u0259tdir. Dig\u0259r t\u0259r\u0259fd\u0259n, haz\u0131rda Az\u0259rbaycanla Erm\u0259nistan aras\u0131nda m\u00fcnasib\u0259tl\u0259r v\u0259 bu m\u00fcnasib\u0259tl\u0259rin kompleks h\u0259lli \u00fc\u00e7\u00fcn vaxtil\u0259 Erm\u0259nistan adlanan \u0259razid\u0259n qovulmu\u015f soyda\u015flar\u0131m\u0131z\u0131n h\u00fcquqlar\u0131n\u0131n b\u0259rpas\u0131n\u0131n z\u0259ruri oldu\u011fu meydana g\u0259lir. Bu bax\u0131mdan da m\u0259s\u0259l\u0259nin \u00f6n\u0259mli t\u0259r\u0259fi var. O ki qald\u0131 ba\u015flanan prosesin n\u0259tic\u0259l\u0259rinin olub-olmayaca\u011f\u0131na, ist\u0259nil\u0259n n\u0259tic\u0259ni almaq \u00fc\u00e7\u00fcn sistemli, ard\u0131c\u0131l, kampaniya xarakteri da\u015f\u0131mayan i\u015f apar\u0131lmal\u0131d\u0131r. Hesab edir\u0259m ki, q\u0131sa m\u00fcdd\u0259td\u0259 bu istiqam\u0259td\u0259 m\u00fc\u0259yy\u0259n add\u0131mlar at\u0131l\u0131b v\u0259 bu add\u0131mlar sistemli xarakter alma\u011fa ba\u015flay\u0131r. O c\u00fcml\u0259d\u0259n BMT-nin \u00fczv\u00fc olan \u00f6lk\u0259l\u0259rin t\u0259msil\u00e7il\u0259rin\u0259 Q\u0259rbi Az\u0259rbaycan \u0130cmas\u0131 il\u0259 ba\u011fl\u0131 m\u0259lumatlar v\u0259 onun m\u00fcraci\u0259tl\u0259ri t\u0259qdim olunur. Q\u0259rbi az\u0259rbaycanl\u0131lar\u0131n h\u00fcquqlar\u0131 m\u0259s\u0259l\u0259si art\u0131q BMT-nin g\u00fcnd\u0259min\u0259 daxil edilmi\u015f m\u0259s\u0259l\u0259 say\u0131la bil\u0259r\u201d.<\/p>\n<p><strong>O.Qas\u0131mov qeyd etdi ki, Q\u0259rbi Az\u0259rbaycan \u0130cmas\u0131n\u0131n formala\u015fd\u0131r\u0131lmas\u0131 v\u0259 onun beyn\u0259lxalq t\u0259\u015fkilatlara \u00fcnvanlad\u0131\u011f\u0131 m\u00fcraci\u0259tl\u0259r, g\u00f6nd\u0259rdiyi s\u0259n\u0259dl\u0259r Erm\u0259nistan c\u0259miyy\u0259tind\u0259 bir h\u0259y\u0259can, t\u0259\u015fvi\u015f yarad\u0131r. H\u0259tta Erm\u0259nistan hakimiyy\u0259ti narahatl\u0131\u011f\u0131n\u0131 r\u0259smi \u00e7\u0131x\u0131\u015flarda ifad\u0259 edibl\u0259r. Onlar Erm\u0259nistan d\u00f6vl\u0259tinin az\u0259rbaycanl\u0131lara qar\u015f\u0131 etnik t\u0259mizl\u0259m\u0259, deportasiya h\u0259yata ke\u00e7irm\u0259si fakt\u0131n\u0131n, n\u0259hay\u0259t, d\u00fcnya ictimaiyy\u0259tinin, beyn\u0259lxalq t\u0259\u015fkilatlar\u0131n g\u00fcnd\u0259min\u0259 g\u0259tirilm\u0259y\u0259 ba\u015flanmas\u0131ndan h\u0259y\u0259canlan\u0131rlar:<\/strong>\u00a0\u201c\u00c7\u00fcnki n\u0259 q\u0259d\u0259r b\u00f6y\u00fck bir cinay\u0259t\u0259 yol verdikl\u0259rini bilirl\u0259r v\u0259 d\u00fc\u015f\u00fcn\u00fcrl\u0259r ki, Az\u0259rbaycan\u0131n ba\u015flatd\u0131\u011f\u0131 proses Erm\u0259nistan\u0131n beyn\u0259lxalq s\u0259viyy\u0259d\u0259 if\u015fas\u0131 il\u0259 n\u0259tic\u0259l\u0259n\u0259 bil\u0259r. Erm\u0259nil\u0259r \u0259n\u0259n\u0259vi b\u00f6htanlar\u0131n\u0131 bu m\u0259s\u0259l\u0259d\u0259 d\u0259 n\u00fcmayi\u015f etdirir, b\u0259yan edirl\u0259r ki, Q\u0259rbi Az\u0259rbaycan \u0130cmas\u0131n\u0131n yarad\u0131lmas\u0131 v\u0259 beyn\u0259lxalq t\u0259\u015fkilatlara \u00fcnvanlanan m\u00fcraci\u0259tl\u0259r guya Erm\u0259nistana \u0259razi iddias\u0131d\u0131r. Erm\u0259nil\u0259rin bu hay-k\u00fcy\u00fcn\u00fcn \u0259sas\u0131 yoxdur. Az\u0259rbaycan\u0131n qald\u0131rd\u0131\u011f\u0131 m\u0259s\u0259l\u0259 insan haqlar\u0131 v\u0259 t\u0259hl\u00fck\u0259sizlik m\u0259s\u0259l\u0259l\u0259ri il\u0259 ba\u011fl\u0131d\u0131r. Q\u0259rbi Az\u0259rbaycan \u0130cmas\u0131 BMT-y\u0259 m\u00fcraci\u0259t ed\u0259r\u0259k xahi\u015f edir ki, Q\u0259rbi Az\u0259rbaycandan qovulmu\u015f soyda\u015flar\u0131m\u0131z\u0131n t\u0259hl\u00fck\u0259siz \u015f\u0259kild\u0259 tarixi v\u0259t\u0259nl\u0259rin\u0259, evl\u0259rin\u0259 geri d\u00f6n\u00fc\u015f\u00fc il\u0259 ba\u011fl\u0131 add\u0131mlar ats\u0131n. Bu da tamamil\u0259 beyn\u0259lxalq h\u00fcquqa tamamil\u0259 uy\u011fundur. \u00c7\u00fcnki az\u0259rbaycanl\u0131lara qar\u015f\u0131 etnik t\u0259mizl\u0259m\u0259 \u00e7ox da uzaq olmayan ke\u00e7mi\u015fd\u0259 ba\u015f verib v\u0259 etnik t\u0259mizl\u0259m\u0259y\u0259 m\u0259ruz qalm\u0131\u015f y\u00fcz minl\u0259rl\u0259 insan v\u0259 onlar\u0131n \u00f6vladlar\u0131 h\u0259yatdad\u0131r, onlar\u0131n \u00f6z v\u0259t\u0259nl\u0259rin\u0259, evl\u0259rin\u0259 qay\u0131tmas\u0131 h\u00fcququ var. BMT onlar\u0131n bu h\u00fcquqlar\u0131n\u0131n b\u0259rpas\u0131 \u00fc\u00e7\u00fcn add\u0131mlar atmal\u0131d\u0131r. Az\u0259rbaycan\u0131n ist\u0259diyi budur\u201d.<\/p>\n","protected":false},"excerpt":{"rendered":"<p>Q\u0259rbi az\u0259rbaycanl\u0131lar\u0131n h\u00fcquqlar\u0131 m\u0259s\u0259l\u0259si art\u0131q BMT-nin g\u00fcnd\u0259min\u0259 daxil edilmi\u015f m\u0259s\u0259l\u0259 say\u0131la bil\u0259r Q\u0259rbi Az\u0259rbaycan \u0130cmas\u0131 BMT-nin Ba\u015f katibi Antionio Quterre\u015f\u0259 m\u0259ktub g\u00f6nd\u0259r\u0259r\u0259k, Erm\u0259nistandan qovulmu\u015f az\u0259rbaycanl\u0131lar\u0131n t\u0259hl\u00fck\u0259siz v\u0259 l\u0259yaq\u0259tli \u015f\u0259kild\u0259 geri qay\u0131tmas\u0131 prosesin\u0259 ba\u015flamaq \u00fc\u00e7\u00fcn bu \u00f6lk\u0259y\u0259 BMT-nin x\u00fcsusi missiyas\u0131n\u0131n g\u00f6nd\u0259rilm\u0259sini xahi\u015f edib. M\u0259ktubda bildirilir ki, az\u0259rbaycanl\u0131lar\u0131n vaxtil\u0259 m\u00fctl\u0259q \u0259ks\u0259riyy\u0259t t\u0259\u015fkil etdikl\u0259ri Erm\u0259nistan\u0131n indiki \u0259razisind\u0259n qovulmas\u0131 1991-ci ild\u0259 ba\u015fa \u00e7atd\u0131r\u0131l\u0131b: \u201cEtnik t\u0259mizl\u0259m\u0259 n\u0259tic\u0259sind\u0259 Erm\u0259nistanda bir n\u0259f\u0259r bel\u0259 az\u0259rbaycanl\u0131 qalmay\u0131b. Erm\u0259nistandak\u0131 Az\u0259rbaycan tarixi-m\u0259d\u0259ni irsi, o c\u00fcml\u0259d\u0259n m\u0259scidl\u0259r v\u0259 q\u0259biristanl\u0131qlar geni\u015f miqyasda da\u011f\u0131d\u0131l\u0131b, b\u00fct\u00fcn Az\u0259rbaycan toponiml\u0259ri d\u0259yi\u015fdirilib. Az\u0259rbaycanl\u0131lar\u0131n Erm\u0259nistandan qovulmas\u0131 siyasi, h\u00fcquqi v\u0259&hellip;<\/p>\n","protected":false},"author":2,"featured_media":588544,"comment_status":"closed","ping_status":"closed","sticky":false,"template":"","format":"standard","meta":{"om_disable_all_campaigns":false,"_monsterinsights_skip_tracking":false,"_monsterinsights_sitenote_active":false,"_monsterinsights_sitenote_note":"","_monsterinsights_sitenote_category":0},"categories":[4],"tags":[],"aioseo_notices":[],"gutentor_comment":0,"rttpg_featured_image_url":{"full":["https:\/\/arantv.az\/wp-content\/uploads\/2023\/04\/7b666f6cd6f9c1623b7e9444dd4d71b5.jpg",750,500,false],"landscape":["https:\/\/arantv.az\/wp-content\/uploads\/2023\/04\/7b666f6cd6f9c1623b7e9444dd4d71b5.jpg",750,500,false],"portraits":["https:\/\/arantv.az\/wp-content\/uploads\/2023\/04\/7b666f6cd6f9c1623b7e9444dd4d71b5.jpg",750,500,false],"thumbnail":["https:\/\/arantv.az\/wp-content\/uploads\/2023\/04\/7b666f6cd6f9c1623b7e9444dd4d71b5-500x280.jpg",500,280,true],"medium":["https:\/\/arantv.az\/wp-content\/uploads\/2023\/04\/7b666f6cd6f9c1623b7e9444dd4d71b5-548x365.jpg",548,365,true],"large":["https:\/\/arantv.az\/wp-content\/uploads\/2023\/04\/7b666f6cd6f9c1623b7e9444dd4d71b5.jpg",640,427,false],"1536x1536":["https:\/\/arantv.az\/wp-content\/uploads\/2023\/04\/7b666f6cd6f9c1623b7e9444dd4d71b5.jpg",750,500,false],"2048x2048":["https:\/\/arantv.az\/wp-content\/uploads\/2023\/04\/7b666f6cd6f9c1623b7e9444dd4d71b5.jpg",750,500,false],"post-thumbnail":["https:\/\/arantv.az\/wp-content\/uploads\/2023\/04\/7b666f6cd6f9c1623b7e9444dd4d71b5-240x172.jpg",240,172,true],"advps-thumb-one":["https:\/\/arantv.az\/wp-content\/uploads\/2023\/04\/7b666f6cd6f9c1623b7e9444dd4d71b5.jpg",750,500,false]},"rttpg_author":{"display_name":"V\u00fcsal Rafiqo\u011flu","author_link":"https:\/\/arantv.az\/?author=2"},"rttpg_comment":0,"rttpg_category":"<a href=\"https:\/\/arantv.az\/?cat=4\" rel=\"category\">Siyas\u0259t<\/a>","rttpg_excerpt":"Q\u0259rbi az\u0259rbaycanl\u0131lar\u0131n h\u00fcquqlar\u0131 m\u0259s\u0259l\u0259si art\u0131q BMT-nin g\u00fcnd\u0259min\u0259 daxil edilmi\u015f m\u0259s\u0259l\u0259 say\u0131la bil\u0259r Q\u0259rbi Az\u0259rbaycan \u0130cmas\u0131 BMT-nin Ba\u015f katibi Antionio Quterre\u015f\u0259 m\u0259ktub g\u00f6nd\u0259r\u0259r\u0259k, Erm\u0259nistandan qovulmu\u015f az\u0259rbaycanl\u0131lar\u0131n t\u0259hl\u00fck\u0259siz v\u0259 l\u0259yaq\u0259tli \u015f\u0259kild\u0259 geri qay\u0131tmas\u0131 prosesin\u0259 ba\u015flamaq \u00fc\u00e7\u00fcn bu \u00f6lk\u0259y\u0259 BMT-nin x\u00fcsusi missiyas\u0131n\u0131n g\u00f6nd\u0259rilm\u0259sini xahi\u015f edib. M\u0259ktubda bildirilir ki, az\u0259rbaycanl\u0131lar\u0131n vaxtil\u0259 m\u00fctl\u0259q \u0259ks\u0259riyy\u0259t t\u0259\u015fkil etdikl\u0259ri Erm\u0259nistan\u0131n indiki \u0259razisind\u0259n qovulmas\u0131&hellip;","_links":{"self":[{"href":"https:\/\/arantv.az\/index.php?rest_route=\/wp\/v2\/posts\/588543"}],"collection":[{"href":"https:\/\/arantv.az\/index.php?rest_route=\/wp\/v2\/posts"}],"about":[{"href":"https:\/\/arantv.az\/index.php?rest_route=\/wp\/v2\/types\/post"}],"author":[{"embeddable":true,"href":"https:\/\/arantv.az\/index.php?rest_route=\/wp\/v2\/users\/2"}],"replies":[{"embeddable":true,"href":"https:\/\/arantv.az\/index.php?rest_route=%2Fwp%2Fv2%2Fcomments&post=588543"}],"version-history":[{"count":0,"href":"https:\/\/arantv.az\/index.php?rest_route=\/wp\/v2\/posts\/588543\/revisions"}],"wp:featuredmedia":[{"embeddable":true,"href":"https:\/\/arantv.az\/index.php?rest_route=\/wp\/v2\/media\/588544"}],"wp:attachment":[{"href":"https:\/\/arantv.az\/index.php?rest_route=%2Fwp%2Fv2%2Fmedia&parent=588543"}],"wp:term":[{"taxonomy":"category","embeddable":true,"href":"https:\/\/arantv.az\/index.php?rest_route=%2Fwp%2Fv2%2Fcategories&post=588543"},{"taxonomy":"post_tag","embeddable":true,"href":"https:\/\/arantv.az\/index.php?rest_route=%2Fwp%2Fv2%2Ftags&post=588543"}],"curies":[{"name":"wp","href":"https:\/\/api.w.org\/{rel}","templated":true}]}}